{"id":1584,"date":"2023-05-05T09:07:44","date_gmt":"2023-05-05T12:07:44","guid":{"rendered":"https:\/\/blogs.correiobraziliense.com.br\/coletivo-filhas-da-mae\/?p=1584"},"modified":"2023-05-05T09:07:44","modified_gmt":"2023-05-05T12:07:44","slug":"qual-o-sus-que-queremos","status":"publish","type":"post","link":"https:\/\/blogs.correiobraziliense.com.br\/coletivo-filhas-da-mae\/2023\/05\/05\/qual-o-sus-que-queremos\/","title":{"rendered":"Qual o SUS que Queremos?"},"content":{"rendered":"<p>Ana Castro &amp; Cosette Castro<\/p>\n<p>Bras\u00edlia &#8211; Em tempos de reestrutura\u00e7\u00e3o da sa\u00fade p\u00fablica no Brasil, a participa\u00e7\u00e3o popular nas Confer\u00eancias Livres de Sa\u00fade t\u00eam ocorrido de Norte a Sul do pa\u00eds.<\/p>\n<p>Nelas, usu\u00e1rios, profissionais da sa\u00fade e gestores do Sistema \u00danico de Sa\u00fade (SUS) se preparam para levar \u00e0 17a. Confer\u00eancia Nacional de Sa\u00fade, propostas e mo\u00e7\u00f5es aprovadas nas etapas anteriores.<\/p>\n<p>A cada quatro anos ocorre a Confer\u00eancia Nacional da Sa\u00fade que, em 2023, foi intitulada &#8220;<em>Garantir Direitos e Defender o SUS, a Vida e a Democracia \u2013\u00a0<\/em>Amanh\u00e3 ser\u00e1 outro dia&#8221;. Ela ser\u00e1 realizada no m\u00eas de julho, em Bras\u00edlia, com a participa\u00e7\u00e3o de delegados eleitos em todo o pa\u00eds.<\/p>\n<p>As Confer\u00eancias Livres de Sa\u00fade s\u00e3o um espa\u00e7o de debate, formula\u00e7\u00e3o e avalia\u00e7\u00e3o das pol\u00edticas p\u00fablicas existentes em tr\u00eas n\u00edveis: municipal, estadual\/distrital e nacional. Elas se referem a temas espec\u00edficos, como sa\u00fade da mulher, envelhecimento, dem\u00eancias, entre muitos outros.<\/p>\n<p>Trata-se de um momento \u00fanico de coopera\u00e7\u00e3o entre o poder p\u00fablico e a sociedade. A partir da mobiliza\u00e7\u00e3o dos movimentos sociais, \u00e9 garantida a participa\u00e7\u00e3o e o controle social na elabora\u00e7\u00e3o e gest\u00e3o das pol\u00edticas p\u00fablicas.<\/p>\n<p>Isso significa a possibilidade de participa\u00e7\u00e3o direta de cada pessoa que utiliza o SUS, seja para se vacinar ou para outros atendimentos, nos rumos da sa\u00fade do maior sistema p\u00fablico e gratuito do mundo.<\/p>\n<p>No Distrito Federal, por exemplo, foram realizadas 40 Confer\u00eancias Livres locais at\u00e9 o final de fevereiro. Entre elas a Confer\u00eancia Livre da Sa\u00fade Mental e Envelhecimento, organizada pelo Coletivo Filhas da M\u00e3e em parceria com o F\u00f3rum Distrital em Defesa da Pessoa Idosa. Desta Confer\u00eancia participaram 320 pessoas de forma h\u00edbrida, presencial e virtualmente. <a href=\"https:\/\/drive.google.com\/file\/d\/1AxOuNUQm70DV4-dhYWUIc5eHdNAitxE1\/view?usp=sharing\">Leia o relat\u00f3rio aqui.<\/a><\/p>\n<p>Em mar\u00e7o, outras 07 Confer\u00eancias Livres Regionais da Sa\u00fade discutiram e aprovaram propostas e mo\u00e7\u00f5es oriundas, em sua maioria, das Confer\u00eancia Livres Locais. E em junho ocorrer\u00e1 a 11a. Confer\u00eancia Distrital de Sa\u00fade que aprovar\u00e1 propostas a serem levadas \u00e0 Confer\u00eancia Nacional.<\/p>\n<p>Paralelamente, no m\u00eas de abril os debates sobre a sa\u00fade p\u00fablica no Brasil alcan\u00e7aram outro patamar. Come\u00e7aram a ocorrer as Confer\u00eancias Livres Nacionais sobre Sa\u00fade. Elas s\u00e3o organizadas por, pelo menos, cinco institui\u00e7\u00f5es ligadas \u00e0 movimentos sociais, a associa\u00e7\u00f5es profissionais e institui\u00e7\u00f5es p\u00fablicas de sa\u00fade de diferentes estados.<br \/>\nSegundo Fernando Pigatto, presidente do Conselho Nacional de Sa\u00fade (CNS), as Confer\u00eancias Livres preparat\u00f3rias para a 17\u00aa Confer\u00eancia Nacional de Sa\u00fade &#8220;s\u00e3o um mecanismo importante para pautar o SUS que queremos&#8221;.<\/p>\n<p><strong>Confer\u00eancias Livres Nacionais<\/strong><\/p>\n<p>Neste s\u00e1bado, dia\u00a0<strong>06 de maio<\/strong>, vai ocorrer a\u00a0<strong>Confer\u00eancia Nacional Livre de Sa\u00fade Sobre Dem\u00eancias<\/strong>. O evento ter\u00e1 duas possibilidades de participa\u00e7\u00e3o: presencial e virtual. <a href=\"https:\/\/docs.google.com\/forms\/d\/e\/1FAIpQLScLbkVxqB7aV9yknQD6i32OVKrylq9oOwV0W7yvilTO3HFACQ\/viewform\">Inscri\u00e7\u00f5es aqui.<\/a><\/p>\n<p>No s\u00e1bado, dia <strong>27 de maio<\/strong>, vai acontecer a <strong>Confer\u00eancia Nacional Livre Envelhecimento e Sa\u00fade, em defesa do SUS e da democracia<\/strong>. Durante o m\u00eas de maio estar\u00e3o sendo realizadas rodas de conversa presenciais e online preparat\u00f3rias para o dia 27.\u00a0<a href=\"http:\/\/bit.ly\/3FE7EL8\">Inscri\u00e7\u00f5es\u00a0 aqui<\/a>.<\/p>\n<p>Este \u00e9 um bom momento para levar as propostas aprovadas na Confer\u00eancia Livre Distrital da Sa\u00fade Mental e Envelhecimento realizada pelo Coletivo Filhas da M\u00e3e em fevereiro.\u00a0O Coletivo estar\u00e1 presente nas duas Confer\u00eancias Nacionais Livres e tamb\u00e9m na <strong>Confer\u00eancia Livre Nacional da Sa\u00fade da Mulher<\/strong>, que vai acontecer\u00a0dia\u00a028\/05.<\/p>\n","protected":false},"excerpt":{"rendered":"<p>Ana Castro &amp; Cosette Castro Bras\u00edlia &#8211; Em tempos de reestrutura\u00e7\u00e3o da sa\u00fade p\u00fablica no Brasil, a participa\u00e7\u00e3o popular nas Confer\u00eancias Livres de Sa\u00fade t\u00eam ocorrido de Norte a Sul do pa\u00eds. Nelas, usu\u00e1rios, profissionais da sa\u00fade e gestores do Sistema \u00danico de Sa\u00fade (SUS) se preparam para levar \u00e0 17a. Confer\u00eancia Nacional de Sa\u00fade, propostas e mo\u00e7\u00f5es aprovadas nas [&hellip;]<\/p>\n","protected":false},"author":126,"featured_media":0,"comment_status":"open","ping_status":"open","sticky":false,"template":"","format":"standard","meta":{"footnotes":""},"categories":[177],"tags":[811,8,810,809,808,807,582,7,5,812,565],"class_list":["post-1584","post","type-post","status-publish","format-standard","hentry","category-politicas-publicas","tag-17a-cconferencia-nacional-de-saude","tag-alzheimer","tag-conferencia-livre-da-saude","tag-conferencia-livre-nacional-da-saude-da-mulher","tag-conferencia-nacional-livre-de-saude-sobre-demencias","tag-conferencia-nacional-livre-envelhecimento-e-saude","tag-conselho-nacional-de-saude","tag-demencias","tag-envelhecimento","tag-fernando-pigatto","tag-politicas-publicas-de-saude"],"_links":{"self":[{"href":"https:\/\/blogs.correiobraziliense.com.br\/coletivo-filhas-da-mae\/wp-json\/wp\/v2\/posts\/1584","targetHints":{"allow":["GET"]}}],"collection":[{"href":"https:\/\/blogs.correiobraziliense.com.br\/coletivo-filhas-da-mae\/wp-json\/wp\/v2\/posts"}],"about":[{"href":"https:\/\/blogs.correiobraziliense.com.br\/coletivo-filhas-da-mae\/wp-json\/wp\/v2\/types\/post"}],"author":[{"embeddable":true,"href":"https:\/\/blogs.correiobraziliense.com.br\/coletivo-filhas-da-mae\/wp-json\/wp\/v2\/users\/126"}],"replies":[{"embeddable":true,"href":"https:\/\/blogs.correiobraziliense.com.br\/coletivo-filhas-da-mae\/wp-json\/wp\/v2\/comments?post=1584"}],"version-history":[{"count":4,"href":"https:\/\/blogs.correiobraziliense.com.br\/coletivo-filhas-da-mae\/wp-json\/wp\/v2\/posts\/1584\/revisions"}],"predecessor-version":[{"id":1588,"href":"https:\/\/blogs.correiobraziliense.com.br\/coletivo-filhas-da-mae\/wp-json\/wp\/v2\/posts\/1584\/revisions\/1588"}],"wp:attachment":[{"href":"https:\/\/blogs.correiobraziliense.com.br\/coletivo-filhas-da-mae\/wp-json\/wp\/v2\/media?parent=1584"}],"wp:term":[{"taxonomy":"category","embeddable":true,"href":"https:\/\/blogs.correiobraziliense.com.br\/coletivo-filhas-da-mae\/wp-json\/wp\/v2\/categories?post=1584"},{"taxonomy":"post_tag","embeddable":true,"href":"https:\/\/blogs.correiobraziliense.com.br\/coletivo-filhas-da-mae\/wp-json\/wp\/v2\/tags?post=1584"}],"curies":[{"name":"wp","href":"https:\/\/api.w.org\/{rel}","templated":true}]}}