{"id":1547,"date":"2023-04-14T08:43:56","date_gmt":"2023-04-14T11:43:56","guid":{"rendered":"https:\/\/blogs.correiobraziliense.com.br\/coletivo-filhas-da-mae\/?p=1547"},"modified":"2023-04-14T11:09:13","modified_gmt":"2023-04-14T14:09:13","slug":"tempos-de-arrumar-a-casa","status":"publish","type":"post","link":"https:\/\/blogs.correiobraziliense.com.br\/coletivo-filhas-da-mae\/2023\/04\/14\/tempos-de-arrumar-a-casa\/","title":{"rendered":"Tempos de Arrumar a Casa"},"content":{"rendered":"<p>Bras\u00edlia &#8211; De tempos em tempos os grupos sociais precisam olhar para si e se reorganizar. Ap\u00f3s tr\u00eas anos de atividades, chegou a vez do Coletivo Filhas da M\u00e3e.<\/p>\n<p>A partir da pr\u00f3xima semana vamos realizar o primeiro recadastramento online do Coletivo.\u00a0Queremos saber Quem Somos, Quantas Somos e Onde Vivemos. E tamb\u00e9m conhecer mais a rela\u00e7\u00e3o de cada participante com os nossos projetos e redes sociais digitais.<\/p>\n<p>Chegou o momento de atualizar dados, otimizar trabalho e agilizar o fluxo de informa\u00e7\u00f5es. Principalmente ao levar em conta que todo o trabalho realizado no Coletivo Filhas da M\u00e3e \u00e9 volunt\u00e1rio.<\/p>\n<p>O processo envolver\u00e1 diferentes momentos que incluem o envio de dois formul\u00e1rios online \u00e0s pessoas que partiicipam do Coletivo.<\/p>\n<p>At\u00e9 o final de abril terminaremos o recadastramento e a atualiza\u00e7\u00e3o de dados utilizando o primeiro formul\u00e1rio online (<a href=\"https:\/\/forms.gle\/XKeCykwRPLRoPz8W7\">dispon\u00edvel aqui desde hoje<\/a>).\u00a0A seguir, otimizaremos as atividades passando a ter um \u00fanico grupo de WhatsApp. Atualmente temos dois grandes grupos e v\u00e1rios pequenos grupos de projetos espec\u00edficos.<\/p>\n<p>Estes projetos est\u00e3o relacionados aos quatro temas que atuamos: cuidado e autocuidado, dem\u00eancias, envelhecimento ativo e pol\u00edticas p\u00fablicas de cuidado.<\/p>\n<p>Depois do recadastramento e da unifica\u00e7\u00e3o dos grupos de WhatsApp, o pr\u00f3ximo passo ser\u00e1 a aplica\u00e7\u00e3o da pesquisa online &#8220;QUEM SOMOS&#8221;. Nesta etapa, os participantes do Coletivo v\u00e3o receber o segundo formul\u00e1rio online.\u00a0 Queremos conhecer (mais) voc\u00ea atrav\u00e9s da pesquisa online &#8220;QUEM SOMOS&#8221;. Tamb\u00e9m queremos conhecer sua participa\u00e7\u00e3o nas atividades do Coletivo e a rela\u00e7\u00e3o com as redes sociais digitais que disponibilizamos.<\/p>\n<p>Enquanto reorganizamos a casa, vamos retomar a formaliza\u00e7\u00e3o do Coletivo Filhas da M\u00e3e paralisada no final de 2022.<\/p>\n<p>Desde j\u00e1 convidamos voc\u00ea a participar respondendo os dois formul\u00e1rios online, divulgando e incentivando outras pessoas a participarem.<\/p>\n<p><strong>Elei\u00e7\u00e3o no F\u00f3rum da Pessoa Idosa<\/strong><\/p>\n<p><img loading=\"lazy\" decoding=\"async\" class=\"size-medium wp-image-1548 aligncenter\" src=\"https:\/\/blogs.correiobraziliense.com.br\/coletivo-filhas-da-mae\/wp-content\/uploads\/sites\/60\/2023\/04\/assembleia-forum-300x252.jpg\" alt=\"\" width=\"300\" height=\"252\" srcset=\"https:\/\/blogs.correiobraziliense.com.br\/coletivo-filhas-da-mae\/wp-content\/uploads\/sites\/60\/2023\/04\/assembleia-forum-300x252.jpg 300w, https:\/\/blogs.correiobraziliense.com.br\/coletivo-filhas-da-mae\/wp-content\/uploads\/sites\/60\/2023\/04\/assembleia-forum-550x463.jpg 550w, https:\/\/blogs.correiobraziliense.com.br\/coletivo-filhas-da-mae\/wp-content\/uploads\/sites\/60\/2023\/04\/assembleia-forum-230x193.jpg 230w, https:\/\/blogs.correiobraziliense.com.br\/coletivo-filhas-da-mae\/wp-content\/uploads\/sites\/60\/2023\/04\/assembleia-forum.jpg 749w\" sizes=\"auto, (max-width: 300px) 100vw, 300px\" \/><br \/>\nHoje, dia14\/04, a partir das 15h acontece a Assembleia Geral do nosso parceiro, o F\u00f3rum Distrital da Sociedade Civil em Defesa da Pessoa Idosa. A reuni\u00e3o vai ocorrer no Edif\u00edcio Programa Provid\u00eancia (601 Sul), em Bras\u00edlia, e eleger\u00e1 a sua nova coordena\u00e7\u00e3o.<\/p>\n","protected":false},"excerpt":{"rendered":"<p>Bras\u00edlia &#8211; De tempos em tempos os grupos sociais precisam olhar para si e se reorganizar. Ap\u00f3s tr\u00eas anos de atividades, chegou a vez do Coletivo Filhas da M\u00e3e. A partir da pr\u00f3xima semana vamos realizar o primeiro recadastramento online do Coletivo.\u00a0Queremos saber Quem Somos, Quantas Somos e Onde Vivemos. E tamb\u00e9m conhecer mais a rela\u00e7\u00e3o de cada participante com [&hellip;]<\/p>\n","protected":false},"author":126,"featured_media":0,"comment_status":"open","ping_status":"open","sticky":false,"template":"","format":"standard","meta":{"footnotes":""},"categories":[786],"tags":[8,788,20,21,7,346,787],"class_list":["post-1547","post","type-post","status-publish","format-standard","hentry","category-recadastramento","tag-alzheimer","tag-atualizacao-de-dados","tag-cuidadoras-familiares","tag-cuidadores-familiares","tag-demencias","tag-forum-da-sociedade-civil-em-defesa-da-pessoa-idosa-df","tag-recadastramento"],"_links":{"self":[{"href":"https:\/\/blogs.correiobraziliense.com.br\/coletivo-filhas-da-mae\/wp-json\/wp\/v2\/posts\/1547","targetHints":{"allow":["GET"]}}],"collection":[{"href":"https:\/\/blogs.correiobraziliense.com.br\/coletivo-filhas-da-mae\/wp-json\/wp\/v2\/posts"}],"about":[{"href":"https:\/\/blogs.correiobraziliense.com.br\/coletivo-filhas-da-mae\/wp-json\/wp\/v2\/types\/post"}],"author":[{"embeddable":true,"href":"https:\/\/blogs.correiobraziliense.com.br\/coletivo-filhas-da-mae\/wp-json\/wp\/v2\/users\/126"}],"replies":[{"embeddable":true,"href":"https:\/\/blogs.correiobraziliense.com.br\/coletivo-filhas-da-mae\/wp-json\/wp\/v2\/comments?post=1547"}],"version-history":[{"count":4,"href":"https:\/\/blogs.correiobraziliense.com.br\/coletivo-filhas-da-mae\/wp-json\/wp\/v2\/posts\/1547\/revisions"}],"predecessor-version":[{"id":1552,"href":"https:\/\/blogs.correiobraziliense.com.br\/coletivo-filhas-da-mae\/wp-json\/wp\/v2\/posts\/1547\/revisions\/1552"}],"wp:attachment":[{"href":"https:\/\/blogs.correiobraziliense.com.br\/coletivo-filhas-da-mae\/wp-json\/wp\/v2\/media?parent=1547"}],"wp:term":[{"taxonomy":"category","embeddable":true,"href":"https:\/\/blogs.correiobraziliense.com.br\/coletivo-filhas-da-mae\/wp-json\/wp\/v2\/categories?post=1547"},{"taxonomy":"post_tag","embeddable":true,"href":"https:\/\/blogs.correiobraziliense.com.br\/coletivo-filhas-da-mae\/wp-json\/wp\/v2\/tags?post=1547"}],"curies":[{"name":"wp","href":"https:\/\/api.w.org\/{rel}","templated":true}]}}