{"id":1544,"date":"2023-04-10T08:41:34","date_gmt":"2023-04-10T11:41:34","guid":{"rendered":"https:\/\/blogs.correiobraziliense.com.br\/coletivo-filhas-da-mae\/?p=1544"},"modified":"2023-04-10T08:58:02","modified_gmt":"2023-04-10T11:58:02","slug":"sobre-tulipas-parkinson-e-preconceito","status":"publish","type":"post","link":"https:\/\/blogs.correiobraziliense.com.br\/coletivo-filhas-da-mae\/2023\/04\/10\/sobre-tulipas-parkinson-e-preconceito\/","title":{"rendered":"Sobre Tulipas, Parkinson e Preconceito"},"content":{"rendered":"<p>Ana Castro &amp; Cosette Castro<\/p>\n<p>Bras\u00edlia &#8211; Na ter\u00e7a-feira, 11 de abril, \u00e9 o dia mundial de conscientiza\u00e7\u00e3o sobre o Parkinson. A exemplo do Alzheimer, o tipo mais frequente de dem\u00eancia, \u00e9 uma enfermidade ainda pouco conhecida pela popula\u00e7\u00e3o.<\/p>\n<p>Atualmente, a Doen\u00e7a de Parkinson ( DP) \u00e9 a segunda doen\u00e7a neurodegenerativa com maior incid\u00eancia no mundo, logo atr\u00e1s do Alzheimer. Ele ocorre em geral entre pessoas com 65 anos ou mais.<\/p>\n<p>\u00c9 uma doen\u00e7a com tratamento, mas ainda sem cura. \u00c9 cr\u00f4nica e progressiva, atinge o sistema nervoso central e compromete os movimentos. Em alguns casos, em etapas mais avan\u00e7adas, pode evoluir para dem\u00eancia.<\/p>\n<p>Uma das causas da doen\u00e7a \u00e9 a diminui\u00e7\u00e3o intensa da produ\u00e7\u00e3o de dopamina. \u00c9 uma subst\u00e2ncia qu\u00edmica que ajuda na transmiss\u00e3o de mensagens entre as c\u00e9lulas nervosas.<\/p>\n<p>Esse neurotransmissor ajuda na realiza\u00e7\u00e3o dos movimentos volunt\u00e1rios do corpo de forma autom\u00e1tica. Isto faz com que n\u00e3o seja necess\u00e1rio pensar em cada movimento que nossos m\u00fasculos realizam.<\/p>\n<p>Na falta da dopamina, particularmente numa pequena regi\u00e3o encef\u00e1lica chamada subst\u00e2ncia negra, o controle motor deixa de funcionar.<\/p>\n<p>Os sintomas iniciais costumam ser notados pelas pessoas mais pr\u00f3ximas. Entre eles est\u00e1 a lentifica\u00e7\u00e3o dos movimentos e os tremores nas extremidades das m\u00e3os.<\/p>\n<p>Tamb\u00e9m aparecem a rigidez entre as articula\u00e7\u00f5es do punho, cotovelo, ombro, coxa e tornozelo. Os tremores de repouso nos membros superiores, que predominam em um lado do corpo quando comparado com o outro, e o desedesequil\u00edbrio.<\/p>\n<p>Os sintomas acima s\u00e3o os chamados \u201csintomas motores\u201d da doen\u00e7a. Podem ocorrer ainda \u201csintomas n\u00e3o-motores\u201d, entre eles a diminui\u00e7\u00e3o do olfato, altera\u00e7\u00f5es intestinais e do sono.<\/p>\n<p>De acordo com a Organiza\u00e7\u00e3o das Na\u00e7\u00f5es Unidas (ONU), estima-se que 3% da popula\u00e7\u00e3o mundial com mais de 65 anos conviver\u00e1 com doen\u00e7as relacionadas ao Parkinson nos pr\u00f3ximos anos.<\/p>\n<p>Descoberta por James Parkinson em 1817 a DA foi chamada inicialmente de paralisia agitante. Mas 50 anos ap\u00f3s a morte do m\u00e9dico ingl\u00eas a enfermidade recebeu o nome de Parkinson.<\/p>\n<p>No s\u00e9culo XXI a tulipa tornou-se o s\u00edmbolo mundial da doen\u00e7a. Em 2005 o floricultor holand\u00eas J.W.S Van der Wereld, portador de Parkinson, desenvolveu uma variedade especial de tulipa vermelha. Ele deu o nome a essa tulipa de James Parkinson em homenagem \u00e0s contribui\u00e7\u00f5es do m\u00e9dico.<\/p>\n<p><strong>Preconceito<\/strong><\/p>\n<p>Viviane Cardoso da Silva, 48 anos, parkinsoniana, \u00e9 representante do grupo Vibrar com Parkinson no Distrito Federal. Na semana passada, ela participou da Roda de Conversa on line do Coletivo Filhas da M\u00e3e, e comentou sobre o preconceito existente.<\/p>\n<p>Segundo Viviane, falta de conhecimento sobre as caracter\u00edsticas do Parkinson. Algo que tamb\u00e9m ocorre com o Alzheimer.<\/p>\n<p>A criadora do grupo Vibrar com Parkinson, Daniele Lanzer, 47 anos, que convive com a doen\u00e7a desde os 36 anos, por exemplo, sofreu preconceito em p\u00fablico. A cientista aposentada foi chamada aten\u00e7\u00e3o por estar em uma fila preferencial.<\/p>\n<p>Precisamos urgente de campanhas p\u00fablicas com informa\u00e7\u00f5es sobre as diferentes enfermidades neurodegenerativas.<\/p>\n<p>Lidar com a doen\u00e7a e com as perdas cognitivas \u00e9 um desafio di\u00e1rio. Lidar com o preconceito por falta de conhecimento \u00e9 um desafio ainda maior.<\/p>\n<p>PS: Atraves do grupo Vibrar com Parkinson homenageamos a todos grupos da sociedade civil que\u00a0 apoiam \u00e0s pessoas enfermas e contribuem para divulgar o Parkinson no Brasil. Entre eles o grupo Viver Ativo, coordenado pelo parceiro Victor Jimenez.<\/p>\n","protected":false},"excerpt":{"rendered":"<p>Ana Castro &amp; Cosette Castro Bras\u00edlia &#8211; Na ter\u00e7a-feira, 11 de abril, \u00e9 o dia mundial de conscientiza\u00e7\u00e3o sobre o Parkinson. A exemplo do Alzheimer, o tipo mais frequente de dem\u00eancia, \u00e9 uma enfermidade ainda pouco conhecida pela popula\u00e7\u00e3o. Atualmente, a Doen\u00e7a de Parkinson ( DP) \u00e9 a segunda doen\u00e7a neurodegenerativa com maior incid\u00eancia no mundo, logo atr\u00e1s do Alzheimer. [&hellip;]<\/p>\n","protected":false},"author":126,"featured_media":0,"comment_status":"open","ping_status":"open","sticky":false,"template":"","format":"standard","meta":{"footnotes":""},"categories":[782],"tags":[785,783,778,779,784],"class_list":["post-1544","post","type-post","status-publish","format-standard","hentry","category-parkinson","tag-daniele-lanzer","tag-james-parkinson","tag-parkinson","tag-vibrar-com-parkinson","tag-viviane-cardoso-da-silva"],"_links":{"self":[{"href":"https:\/\/blogs.correiobraziliense.com.br\/coletivo-filhas-da-mae\/wp-json\/wp\/v2\/posts\/1544","targetHints":{"allow":["GET"]}}],"collection":[{"href":"https:\/\/blogs.correiobraziliense.com.br\/coletivo-filhas-da-mae\/wp-json\/wp\/v2\/posts"}],"about":[{"href":"https:\/\/blogs.correiobraziliense.com.br\/coletivo-filhas-da-mae\/wp-json\/wp\/v2\/types\/post"}],"author":[{"embeddable":true,"href":"https:\/\/blogs.correiobraziliense.com.br\/coletivo-filhas-da-mae\/wp-json\/wp\/v2\/users\/126"}],"replies":[{"embeddable":true,"href":"https:\/\/blogs.correiobraziliense.com.br\/coletivo-filhas-da-mae\/wp-json\/wp\/v2\/comments?post=1544"}],"version-history":[{"count":2,"href":"https:\/\/blogs.correiobraziliense.com.br\/coletivo-filhas-da-mae\/wp-json\/wp\/v2\/posts\/1544\/revisions"}],"predecessor-version":[{"id":1546,"href":"https:\/\/blogs.correiobraziliense.com.br\/coletivo-filhas-da-mae\/wp-json\/wp\/v2\/posts\/1544\/revisions\/1546"}],"wp:attachment":[{"href":"https:\/\/blogs.correiobraziliense.com.br\/coletivo-filhas-da-mae\/wp-json\/wp\/v2\/media?parent=1544"}],"wp:term":[{"taxonomy":"category","embeddable":true,"href":"https:\/\/blogs.correiobraziliense.com.br\/coletivo-filhas-da-mae\/wp-json\/wp\/v2\/categories?post=1544"},{"taxonomy":"post_tag","embeddable":true,"href":"https:\/\/blogs.correiobraziliense.com.br\/coletivo-filhas-da-mae\/wp-json\/wp\/v2\/tags?post=1544"}],"curies":[{"name":"wp","href":"https:\/\/api.w.org\/{rel}","templated":true}]}}