{"id":1519,"date":"2023-03-31T09:01:31","date_gmt":"2023-03-31T12:01:31","guid":{"rendered":"https:\/\/blogs.correiobraziliense.com.br\/coletivo-filhas-da-mae\/?p=1519"},"modified":"2023-03-31T09:24:40","modified_gmt":"2023-03-31T12:24:40","slug":"cuidado-solidariedade-e-o-bazar-da-d-maria-duarte","status":"publish","type":"post","link":"https:\/\/blogs.correiobraziliense.com.br\/coletivo-filhas-da-mae\/2023\/03\/31\/cuidado-solidariedade-e-o-bazar-da-d-maria-duarte\/","title":{"rendered":"Cuidado, Solidariedade e o Bazar da D. Maria Duarte"},"content":{"rendered":"<p>Ana Castro &amp; Cosette Castro<\/p>\n<p>Bras\u00edlia &#8211; A \u00faltima semana de mar\u00e7o est\u00e1 sendo uma semana intensa de debates e reflex\u00f5es Debatemos sobre Alzheimer,\u00a0 cuidado, pol\u00edticas p\u00fablicas de sa\u00fade e\u00a0 solidariedade.<\/p>\n<p>Come\u00e7amos cuidando do Coletivo ao participar em S\u00e3o Paulo do F\u00f3rum Atores Sociais da Sa\u00fade 2.0.<\/p>\n<p>O evento, que se encontra na s\u00e9tima edi\u00e7\u00e3o, foi criado pela Ong Amigos M\u00faltiplos da Esclerose (AME) em 2016. Na primeira edi\u00e7\u00e3o de 2023, ocorreu em parceria com a Ong Cr\u00f4nicos do Dia a Dia (CDD).<\/p>\n<p>Foram dois dias intensos de palestras, escuta,\u00a0 conversas e workshops. Estiveram presentes representantes de associa\u00e7\u00f5es como a de esclerose m\u00faltipla, de doen\u00e7as de pele, de hemofilia e de dem\u00eancias, como o Alzheimer, entre outras. E s\u00f3 essa conviv\u00eancia j\u00e1 foi gratificante.<\/p>\n<p>Mas teve mais. Palestras e workshops foram voltados para profissionaliza\u00e7\u00e3o da gest\u00e3o.\u00a0 Para inova\u00e7\u00e3o. Para busca de projetos de sustentabilidade. E para import\u00e2ncia de pensar o projeto como um todo, sem esquecer pol\u00edticas p\u00fablicas de sa\u00fade e cuidado.<\/p>\n<p>No Coletivo Filhas da M\u00e3e por exemplo, cada projeto que chega at\u00e9 voc\u00ea requer esfor\u00e7o coletivo, organiza\u00e7\u00e3o, planejamento recursos e divulga\u00e7\u00e3o. Um trabalho at\u00e9 hoje invis\u00edvel e gratuito, como o das cuidadoras familiares.<\/p>\n<p>Em Bras\u00edlia participamos presencial e virtualmente do semin\u00e1rio Cuidado, Verbo Transitivo realizado pelo Instituto de Pesquisa Econ\u00f4mica Aplicada (IPEA).<\/p>\n<p>O Semin\u00e1rio mostrou, desde diferentes perspectivas, inclusive geracionais, como o cuidado no Brasil tem ra\u00e7a ( negra) e g\u00eanero ( mulheres). E como ocorre de forma gratuita no caso do cuidado familiar ou como funciona de forma prec\u00e0ria, no caso cuidado profissional. Tamb\u00e9m apontou para a necessidade de pol\u00edticas p\u00fablicas de cuidado.<\/p>\n<p>A semana n\u00e3o parou a\u00ed. Hoje, sexta-feira, vamos debater sobre sa\u00fade p\u00fablica ao participar da Confer\u00eancia Regional da Sa\u00fade da Regi\u00e3o Central do Distrito Federal.<\/p>\n<p>Vamos em grupo levar as 14 propostas e 10 mo\u00e7\u00f5es aprovadas na Confer\u00eancia Livre de Sa\u00fade Mental e Envelhecimento. A Confer\u00eancia Livre foi organizada pelo Coletivo Filhas da M\u00e3e e pelo F\u00f3rum Distrital da Sociedade Civil em Defesa da Pessoa Idosa no final de fevereiro.<\/p>\n<p><strong>Solidariedade &#8211; pra colocar na agenda<\/strong><\/p>\n<p>A solidariedade e o afeto fazem milagres e revolucionam o mundo. Tamb\u00e9m possibilitam dar outro sentido \u00e0s dores emocionais, como a tristeza e a ang\u00fastia de\u00a0 cuidar de uma pessoa querida com Alzheimer.<\/p>\n<p>No s\u00e1bado, dia 01 de abril, a partir das 16h, Nat\u00e1lia Duarte e o seu pai, o seu \u00cdtalo, convidam os participantes do Coletivo Filhas da M\u00e3e, parceiros e amigos para participarem do BAZAR DA DONA MARIA, uma homenagem \u00e0 m\u00e3e.<\/p>\n<p>Vai ter BAZAR, festa e dan\u00e7a at\u00e9 \u00e0s 23h no Lago Sul.<\/p>\n<p>Por 50 reais voc\u00ea tem direito a levar um produto do BAZAR, com\u00a0 bebida e lanchinho inclu\u00eddos. A renda ser\u00e1 revertida a projetos do Coletivo Filhas da M\u00e3e.<\/p>\n<p>Local: SHIS QI 27, conjunto. 11 casa 21, Lago Sul, Bras\u00edlia.<\/p>\n<p>Esperamos voc\u00ea, sua fam\u00edlia e amigos!<\/p>\n<p>#JuntasSomosMaisFortes<\/p>\n","protected":false},"excerpt":{"rendered":"<p>Ana Castro &amp; Cosette Castro Bras\u00edlia &#8211; A \u00faltima semana de mar\u00e7o est\u00e1 sendo uma semana intensa de debates e reflex\u00f5es Debatemos sobre Alzheimer,\u00a0 cuidado, pol\u00edticas p\u00fablicas de sa\u00fade e\u00a0 solidariedade. Come\u00e7amos cuidando do Coletivo ao participar em S\u00e3o Paulo do F\u00f3rum Atores Sociais da Sa\u00fade 2.0. O evento, que se encontra na s\u00e9tima edi\u00e7\u00e3o, foi criado pela Ong Amigos [&hellip;]<\/p>\n","protected":false},"author":126,"featured_media":0,"comment_status":"open","ping_status":"open","sticky":false,"template":"","format":"standard","meta":{"footnotes":""},"categories":[11],"tags":[8,2,119,20,21,499,772,771,744,300,773,774],"class_list":["post-1519","post","type-post","status-publish","format-standard","hentry","category-cuidado-e-autocuidado","tag-alzheimer","tag-cuidado","tag-cuidado-e-autocuidado","tag-cuidadoras-familiares","tag-cuidadores-familiares","tag-demencia","tag-fas2-0","tag-forum-atores-da-saude","tag-ipea","tag-pessoas-idosas","tag-seminario-cuidar","tag-verbo-transitivo"],"_links":{"self":[{"href":"https:\/\/blogs.correiobraziliense.com.br\/coletivo-filhas-da-mae\/wp-json\/wp\/v2\/posts\/1519","targetHints":{"allow":["GET"]}}],"collection":[{"href":"https:\/\/blogs.correiobraziliense.com.br\/coletivo-filhas-da-mae\/wp-json\/wp\/v2\/posts"}],"about":[{"href":"https:\/\/blogs.correiobraziliense.com.br\/coletivo-filhas-da-mae\/wp-json\/wp\/v2\/types\/post"}],"author":[{"embeddable":true,"href":"https:\/\/blogs.correiobraziliense.com.br\/coletivo-filhas-da-mae\/wp-json\/wp\/v2\/users\/126"}],"replies":[{"embeddable":true,"href":"https:\/\/blogs.correiobraziliense.com.br\/coletivo-filhas-da-mae\/wp-json\/wp\/v2\/comments?post=1519"}],"version-history":[{"count":2,"href":"https:\/\/blogs.correiobraziliense.com.br\/coletivo-filhas-da-mae\/wp-json\/wp\/v2\/posts\/1519\/revisions"}],"predecessor-version":[{"id":1521,"href":"https:\/\/blogs.correiobraziliense.com.br\/coletivo-filhas-da-mae\/wp-json\/wp\/v2\/posts\/1519\/revisions\/1521"}],"wp:attachment":[{"href":"https:\/\/blogs.correiobraziliense.com.br\/coletivo-filhas-da-mae\/wp-json\/wp\/v2\/media?parent=1519"}],"wp:term":[{"taxonomy":"category","embeddable":true,"href":"https:\/\/blogs.correiobraziliense.com.br\/coletivo-filhas-da-mae\/wp-json\/wp\/v2\/categories?post=1519"},{"taxonomy":"post_tag","embeddable":true,"href":"https:\/\/blogs.correiobraziliense.com.br\/coletivo-filhas-da-mae\/wp-json\/wp\/v2\/tags?post=1519"}],"curies":[{"name":"wp","href":"https:\/\/api.w.org\/{rel}","templated":true}]}}