{"id":1500,"date":"2023-03-17T08:05:28","date_gmt":"2023-03-17T11:05:28","guid":{"rendered":"https:\/\/blogs.correiobraziliense.com.br\/coletivo-filhas-da-mae\/?p=1500"},"modified":"2023-03-17T08:00:10","modified_gmt":"2023-03-17T11:00:10","slug":"cuidado-e-autocuidado-sao-direitos-humanos","status":"publish","type":"post","link":"https:\/\/blogs.correiobraziliense.com.br\/coletivo-filhas-da-mae\/2023\/03\/17\/cuidado-e-autocuidado-sao-direitos-humanos\/","title":{"rendered":"Cuidado e Autocuidado S\u00e3o Direitos Humanos"},"content":{"rendered":"<p>Ana Castro &amp; Cosette Castro<\/p>\n<p>Bras\u00edlia &#8211; Esta semana\u00a0ficamos muito emocionadas. E este sentimento\u00a0 segue reverberando entre as participantes do Coletivo Filhas da M\u00e3e.<\/p>\n<p>Na quarta-feira, 15 de mar\u00e7o, estivemos no plen\u00e1rio da\u00a0 C\u00e2mara Legislativa do Distrito Federal. Ao lado de outras 14 pessoas e institui\u00e7\u00f5es, recebemos o IV Pr\u00eamio Marielle Franco de <a href=\"https:\/\/www.unicef.org\/brazil\/declaracao-universal-dos-direitos-humanos\">Direitos Humanos <\/a>\u00a0. O pr\u00eamio foi entregue pelo deputado F\u00e1bio F\u00e9lix (Psol), presidente da Comiss\u00e3o de Direitos Humanos (CDH).<\/p>\n<p>Ao considerar o cuidado e o autocuidado como um direito humano, a CDH refor\u00e7a a import\u00e2ncia estrat\u00e9gica da sa\u00fade metal para uma vida digna e saud\u00e1vel.<\/p>\n<p>Estamos emocionadas pelo pr\u00eamio,\u00a0 mas tamb\u00e9m pelo importante trabalho desenvolvido pelos demais contemplados no Distrito Federal.<\/p>\n<p>Os 15 pr\u00eamios foram destinados a pessoas e institui\u00e7\u00f5es (<a href=\"https:\/\/www.instagram.com\/p\/CpulnB4sV29\/?igshid=YmMyMTA2M2Y=\">veja aqui<\/a>) que\u00a0 defendem os direitos humanos, promovendo o bem-estar f\u00edsico e emocional da popula\u00e7\u00e3o. Particularmente aquelas em situa\u00e7\u00e3o de fragilidade.<\/p>\n<p>Hoje compartilhamos a \u00edntegra do discurso\u00a0 que Cosette Castro leu representando o Coletivo.<\/p>\n<p>&#8220;\u00c9 com muito orgulho que estamos aqui em nome do Coletivo Filhas da M\u00e3e. Estamos muito honradas por esse reconhecimento.<\/p>\n<p>Estamos honradas por receber um pr\u00eamio de direitos humanos. Acreditamos que cuidado e autocuidado s\u00e3o um direito humano.<\/p>\n<p>Estamos honradas por receber um pr\u00eamio que se chama Marielle Franco, mulher negra, soci\u00f3loga e pol\u00edtica. Uma defensora dos direitos humanos cuja voz segue se multiplicando em cada uma de n\u00f3s.<\/p>\n<p>Somos um grupo informal que tem 03 anos de exist\u00eancia. Ele foi criado como uma rede de apoio \u00e0s pessoas que s\u00e3o ou foram cuidadoras familiares de pessoas com dem\u00eancias.<\/p>\n<p>Dem\u00eancias s\u00e3o doen\u00e7as neurodegenerativas sem cura. A mais conhecida \u00e9 o Alzheimer. Enfrentamos o desafio cotidiano de assistir um familiar perder a mem\u00f3ria e n\u00e3o nos reconhecer mais. Mas a perda da mem\u00f3ria \u00e9 apenas um dos desafios da dem\u00eancia.<\/p>\n<p>No come\u00e7o, em dezembro de 2019, \u00e9ramos literalmente 05 filhas da m\u00e3e. Nossas m\u00e3es estavam com Alzheimer.<\/p>\n<p>Naquele momento, sent\u00edamos falta de um espa\u00e7o que n\u00e3o falasse apenas da doen\u00e7a, mas tamb\u00e9m de quem cuida.<\/p>\n<p>A nossa pergunta inicial foi: quem cuida de quem cuida?<\/p>\n<p>Voc\u00eas v\u00e3o notar que falamos no feminino. Segundo o IBGE, 96% da atividade do cuidado \u00e9 realizado por mulheres. Ent\u00e3o, sim, seguiremos subvertendo a l\u00edngua portuguesa que foi escrita por homens no tempo em que as mulheres eram obrigadas a ficar de boca fechada.<\/p>\n<p>Pensamos que, em meio a dor de sermos esquecidas por nossos entes queridos, dos desafios que o cotidiano do cuidado familiar imp\u00f5e, precis\u00e1vamos de alegria e divers\u00e3o para tentar manter a sa\u00fade mental.<\/p>\n<p>E da\u00ed nasceu o Bloco de Carnaval Filhas da M\u00e3e. E com ele nasceu tamb\u00e9m a nossa primeira parceria com o Bloco do Rivotrio e com os demais blocos da sa\u00fade mental.<\/p>\n<p>Aqui\u00a0 vai nosso primeiro agradecimento. Ao bloco do Rivotrio e \u00e0 ONG Inverso e atrav\u00e9s deles, a todas parceiras e parceiros. Em especial ao F\u00f3rum Distrital da Sociedade Civil em da Pessoa Idosa.<\/p>\n<p>Cuidado n\u00e3o deveria ter g\u00eanero, mas ainda tem. N\u00e3o nos referimos apenas as cuidadoras familiares de pessoas com dem\u00eancias. Todo o tipo de cuidado recai sobre as mulheres, em muitos casos\u00a0 a partir da inf\u00e2ncia, passando pela adolesc\u00eancia e segue ap\u00f3s os 60 anos.<\/p>\n<p>Por isso, ficamos muito felizes com o an\u00fancio do governo federal de criar uma Pol\u00edtica Nacional de Cuidados. Desde j\u00e1, ministra e autoridades presentes, nos propomos a participar do Grupo de Trabalho e a enviar propostas, para o cuidado familiar e profissional.<\/p>\n<p>\u00c9 urgente o reconhecimento da profiss\u00e3o de cuidadoras, com devido piso, e\u00a0 garantir a aposentadoria para cuidadoras familiares. Elas trabalham diariamente\u00a0 remunera\u00e7\u00e3o.<\/p>\n<p>Em 2021 conseguimos a aprova\u00e7\u00e3o por unanimidade da Lei distrital 6926, que disp\u00f5e sobre a pol\u00edtica distrital da pessoa com Alzheimer e outras dem\u00eancias.<\/p>\n<p>Essa \u00e9 uma lei in\u00e9dita no pa\u00eds. Ela trata da preven\u00e7\u00e3o de sa\u00fade para cuidadoras e demais familiares. Mas at\u00e9 agora a lei 6926 n\u00e3o saiu do papel.<\/p>\n<p>Precisamos da implementa\u00e7\u00e3o imediata da Lei\u00a0 Distrital. Somos o terceiro pa\u00eds a envelhecer mais rapidamente no mundo, ao lado da Tail\u00e2ndia e da China.<\/p>\n<p>N\u00e3o estamos preparados nem para o envelhecimento saud\u00e1vel nem para as dem\u00eancias. E o Distrito Federal tem a oportunidade de ser modelo pro pa\u00eds.<\/p>\n<p>Agradecemos novamente ao pr\u00eamio Marielle Franco. Dedicamos este pr\u00eamio a todas cuidadoras e ex-cuidadoras.<\/p>\n<p>Acreditamos que \u00e9 no coletivo que temos for\u00e7a. Gratid\u00e3o a todas, todos e todes. Boa noite&#8221;\u00a0 (<a href=\"https:\/\/www.youtube.com\/live\/9MEeFGvbdFQ?feature=share\">assista a cerim\u00f4nia completa<\/a>)<\/p>\n<p>PS: Nesta quinta-feira a\u00a0 tarde o Coletivo Filhas da M\u00e3e participou, no gabinete da Deputada Federal Erika Kokay (PT), de reuni\u00e3o com o Secret\u00e1rio Nacional dos Direitos da Pessoa Idosa, Alexandre Silva.<\/p>\n<p>PS 2: Na quinta-feira a noite recome\u00e7amos os encontros mensais das Rodas de Conversas On Line de 2023. Ali as cuidadoras tiram d\u00favidas sobre quest\u00f5es relacionadas \u00e0s dem\u00eancias e ao cuidado.<\/p>\n","protected":false},"excerpt":{"rendered":"<p>Ana Castro &amp; Cosette Castro Bras\u00edlia &#8211; Esta semana\u00a0ficamos muito emocionadas. E este sentimento\u00a0 segue reverberando entre as participantes do Coletivo Filhas da M\u00e3e. Na quarta-feira, 15 de mar\u00e7o, estivemos no plen\u00e1rio da\u00a0 C\u00e2mara Legislativa do Distrito Federal. Ao lado de outras 14 pessoas e institui\u00e7\u00f5es, recebemos o IV Pr\u00eamio Marielle Franco de Direitos Humanos \u00a0. O pr\u00eamio foi entregue [&hellip;]<\/p>\n","protected":false},"author":126,"featured_media":0,"comment_status":"open","ping_status":"open","sticky":false,"template":"","format":"standard","meta":{"footnotes":""},"categories":[756],"tags":[759,8,183,760,119,20,21,7,5,758,757,761],"class_list":["post-1500","post","type-post","status-publish","format-standard","hentry","category-direitos-humanos","tag-alexandre-silva","tag-alzheimer","tag-camara-legislativa-df","tag-comissao-de-direitos-humanos","tag-cuidado-e-autocuidado","tag-cuidadoras-familiares","tag-cuidadores-familiares","tag-demencias","tag-envelhecimento","tag-erika-kokai","tag-fabio-felix","tag-iv-premio-marielle-franco-de-direitos-humanos"],"_links":{"self":[{"href":"https:\/\/blogs.correiobraziliense.com.br\/coletivo-filhas-da-mae\/wp-json\/wp\/v2\/posts\/1500","targetHints":{"allow":["GET"]}}],"collection":[{"href":"https:\/\/blogs.correiobraziliense.com.br\/coletivo-filhas-da-mae\/wp-json\/wp\/v2\/posts"}],"about":[{"href":"https:\/\/blogs.correiobraziliense.com.br\/coletivo-filhas-da-mae\/wp-json\/wp\/v2\/types\/post"}],"author":[{"embeddable":true,"href":"https:\/\/blogs.correiobraziliense.com.br\/coletivo-filhas-da-mae\/wp-json\/wp\/v2\/users\/126"}],"replies":[{"embeddable":true,"href":"https:\/\/blogs.correiobraziliense.com.br\/coletivo-filhas-da-mae\/wp-json\/wp\/v2\/comments?post=1500"}],"version-history":[{"count":4,"href":"https:\/\/blogs.correiobraziliense.com.br\/coletivo-filhas-da-mae\/wp-json\/wp\/v2\/posts\/1500\/revisions"}],"predecessor-version":[{"id":1504,"href":"https:\/\/blogs.correiobraziliense.com.br\/coletivo-filhas-da-mae\/wp-json\/wp\/v2\/posts\/1500\/revisions\/1504"}],"wp:attachment":[{"href":"https:\/\/blogs.correiobraziliense.com.br\/coletivo-filhas-da-mae\/wp-json\/wp\/v2\/media?parent=1500"}],"wp:term":[{"taxonomy":"category","embeddable":true,"href":"https:\/\/blogs.correiobraziliense.com.br\/coletivo-filhas-da-mae\/wp-json\/wp\/v2\/categories?post=1500"},{"taxonomy":"post_tag","embeddable":true,"href":"https:\/\/blogs.correiobraziliense.com.br\/coletivo-filhas-da-mae\/wp-json\/wp\/v2\/tags?post=1500"}],"curies":[{"name":"wp","href":"https:\/\/api.w.org\/{rel}","templated":true}]}}