{"id":1414,"date":"2023-02-13T07:00:55","date_gmt":"2023-02-13T10:00:55","guid":{"rendered":"https:\/\/blogs.correiobraziliense.com.br\/coletivo-filhas-da-mae\/?p=1414"},"modified":"2023-02-13T07:59:27","modified_gmt":"2023-02-13T10:59:27","slug":"a-loucura-de-viver","status":"publish","type":"post","link":"https:\/\/blogs.correiobraziliense.com.br\/coletivo-filhas-da-mae\/2023\/02\/13\/a-loucura-de-viver\/","title":{"rendered":"A Loucura de Viver"},"content":{"rendered":"<p>Ana Castro &amp; Cosette Castro<\/p>\n<p>Bras\u00edlia &#8211; &#8220;A folia \u00e9 a loucura de viver! A \u00fanica forma de viver humanamente \u00e9 coletivamente ! Viva o coletivo Filhas da M\u00e3e.&#8221;<\/p>\n<p>Estas foram as palavras do Coordenador do F\u00f3rum Distrital em Defesa da Pessoa Idosa\/DF, professor Vicente Faleiros, ao ver as fotos e assistir os v\u00eddeos do Esquenta Carnaval do Bloco Filhas da M\u00e3e em Bras\u00edlia.<\/p>\n<p>N\u00f3s ainda estamos sob o efeito da alegria pelo encontro, pela festa e pela brincadeira de s\u00e1bado, 11 de fevereiro. O Esquenta Carnaval deu visibilidade ao Bloco e tamb\u00e9m \u00e0s quest\u00f5es relacionadas \u00e0 preven\u00e7\u00e3o da sa\u00fade mental.<\/p>\n<p>Em meio a dor de acompanhar diariamente um familiar com dem\u00eancia,\u00a0 no s\u00e1bado abrimos espa\u00e7o para a vida. Para a puls\u00e3o de vida, se pensarmos em termos psicanal\u00edticos.<\/p>\n<p>Como diz a marchinha Ningu\u00e9m Solta a M\u00e3o de Ningu\u00e9m, criada por Andr\u00e9 Barbosa Filho, apoiador do Coletivo Filhas da M\u00e3e, &#8220;eu te cuido, tu me cuidas, quem havera de cuidar, ningu\u00e9m solta a minha m\u00e3o, sua m\u00e3o n\u00e3o vou soltar.&#8221;<\/p>\n<p>A marchinha de carnaval resume a ideia de rede de cuidado e autocuidado, de atua\u00e7\u00e3o no coletivo e da realiza\u00e7\u00e3o de projetos em parceria que temos constru\u00eddo nestes 03 anos de exist\u00eancia.<\/p>\n<p>Atr\u00e1s da festa de Esquenta Carnaval 2023 houve muito trabalho.<\/p>\n<p>Foram planejadas diferentes oficinas,\u00a0coordenadas por voluntarias e volunt\u00e1rios do Coletivo Filhas da M\u00e3e e por grupos parceiros.<\/p>\n<p>Oferecemos oficina de estandarte e adere\u00e7os como tiaras, oficina de flores de papel crepom com mensagens,\u00a0 oficina de samba no p\u00e9 (com encontros at\u00e9 24\/02) e\u00a0 oficina de customiza\u00e7\u00e3o de camisetas. Esta \u00faltima ocorreu\u00a0 no s\u00e1bado, dia 11. Das oficinas surgiram lindos trabalhos, como os que aparecem na foto abaixo.<\/p>\n<figure id=\"attachment_1415\" aria-describedby=\"caption-attachment-1415\" style=\"width: 249px\" class=\"wp-caption aligncenter\"><img loading=\"lazy\" decoding=\"async\" class=\" wp-image-1415\" src=\"https:\/\/blogs.correiobraziliense.com.br\/coletivo-filhas-da-mae\/wp-content\/uploads\/sites\/60\/2023\/02\/foto-2-Esquenta-2023-e1676258603270-225x300.jpg\" alt=\"\" width=\"249\" height=\"332\" srcset=\"https:\/\/blogs.correiobraziliense.com.br\/coletivo-filhas-da-mae\/wp-content\/uploads\/sites\/60\/2023\/02\/foto-2-Esquenta-2023-e1676258603270-225x300.jpg 225w, https:\/\/blogs.correiobraziliense.com.br\/coletivo-filhas-da-mae\/wp-content\/uploads\/sites\/60\/2023\/02\/foto-2-Esquenta-2023-e1676258603270-768x1024.jpg 768w, https:\/\/blogs.correiobraziliense.com.br\/coletivo-filhas-da-mae\/wp-content\/uploads\/sites\/60\/2023\/02\/foto-2-Esquenta-2023-e1676258603270-1440x1920.jpg 1440w, https:\/\/blogs.correiobraziliense.com.br\/coletivo-filhas-da-mae\/wp-content\/uploads\/sites\/60\/2023\/02\/foto-2-Esquenta-2023-e1676258603270-800x1067.jpg 800w, https:\/\/blogs.correiobraziliense.com.br\/coletivo-filhas-da-mae\/wp-content\/uploads\/sites\/60\/2023\/02\/foto-2-Esquenta-2023-e1676258603270-550x733.jpg 550w, https:\/\/blogs.correiobraziliense.com.br\/coletivo-filhas-da-mae\/wp-content\/uploads\/sites\/60\/2023\/02\/foto-2-Esquenta-2023-e1676258603270-230x307.jpg 230w\" sizes=\"auto, (max-width: 249px) 100vw, 249px\" \/><figcaption id=\"caption-attachment-1415\" class=\"wp-caption-text\">Estandartes e tiaras criadas e camisetas customizadas em oficinas<\/figcaption><\/figure>\n<p>Mais al\u00e9m da alegria e da brincadeira do Bloco de Carnaval,\u00a0 participantes do Coletivo Filhas da M\u00e3e aproveitaram o Esquenta Carnaval 2023 para informar sobre dem\u00eancias, entre elas o Alzheimer, e ainda sobre cuidado e autocuidado.<\/p>\n<p>Uma das maneiras de chamar aten\u00e7\u00e3o sobre a import\u00e2ncia de olhar para quem cuida foi distribuindo flores de papel crepom com mensagens sobre\u00a0 cuidado e autocuidado \u00e0s pessoas que participaram do Esquenta Carnaval.<\/p>\n<p>Outra forma foi distribuir exemplares da pesquisa <a href=\"https:\/\/www.ipe.df.gov.br\/wp-content\/uploads\/2021\/12\/RELATO%CC%81RIO-PERFIL-DOS-CUIDADORES-E-DE-PESSOAS-IDOSAS-COM-DEME%CC%82NCIA.pdf\">&#8220;Perfil das Pessoas Idosas com Dem\u00eancias e dos Cuidadores no Distrito Federal&#8221;<\/a> realizada pelo Instituto de Pesquisa e Estat\u00edstica do Distrito Federal (IPEDF, 2022). E ainda foi distribu\u00edda a letra da marchinha de carnaval Ningu\u00e9m Solta M\u00e3o de Ningu\u00e9m para que as pessoas presentes pudessem cantar a marchinha do Bloco Filhas da M\u00e3e.<\/p>\n<figure id=\"attachment_1417\" aria-describedby=\"caption-attachment-1417\" style=\"width: 300px\" class=\"wp-caption aligncenter\"><img loading=\"lazy\" decoding=\"async\" class=\"size-medium wp-image-1417\" src=\"https:\/\/blogs.correiobraziliense.com.br\/coletivo-filhas-da-mae\/wp-content\/uploads\/sites\/60\/2023\/02\/foto-5-Esquenta-2023-300x225.jpg\" alt=\"\" width=\"300\" height=\"225\" srcset=\"https:\/\/blogs.correiobraziliense.com.br\/coletivo-filhas-da-mae\/wp-content\/uploads\/sites\/60\/2023\/02\/foto-5-Esquenta-2023-300x225.jpg 300w, https:\/\/blogs.correiobraziliense.com.br\/coletivo-filhas-da-mae\/wp-content\/uploads\/sites\/60\/2023\/02\/foto-5-Esquenta-2023-768x576.jpg 768w, https:\/\/blogs.correiobraziliense.com.br\/coletivo-filhas-da-mae\/wp-content\/uploads\/sites\/60\/2023\/02\/foto-5-Esquenta-2023-1024x769.jpg 1024w, https:\/\/blogs.correiobraziliense.com.br\/coletivo-filhas-da-mae\/wp-content\/uploads\/sites\/60\/2023\/02\/foto-5-Esquenta-2023-1440x1081.jpg 1440w, https:\/\/blogs.correiobraziliense.com.br\/coletivo-filhas-da-mae\/wp-content\/uploads\/sites\/60\/2023\/02\/foto-5-Esquenta-2023-800x601.jpg 800w, https:\/\/blogs.correiobraziliense.com.br\/coletivo-filhas-da-mae\/wp-content\/uploads\/sites\/60\/2023\/02\/foto-5-Esquenta-2023-550x413.jpg 550w, https:\/\/blogs.correiobraziliense.com.br\/coletivo-filhas-da-mae\/wp-content\/uploads\/sites\/60\/2023\/02\/foto-5-Esquenta-2023-230x173.jpg 230w, https:\/\/blogs.correiobraziliense.com.br\/coletivo-filhas-da-mae\/wp-content\/uploads\/sites\/60\/2023\/02\/foto-5-Esquenta-2023.jpg 1600w\" sizes=\"auto, (max-width: 300px) 100vw, 300px\" \/><figcaption id=\"caption-attachment-1417\" class=\"wp-caption-text\">Adriano Roza e Mateus Ferrari cantando marchinhas de carnaval. \u00c0 direita, Ana Castro.<\/figcaption><\/figure>\n<p>O Esquenta Carnaval do Bloco Filhas da M\u00e3e e a participa\u00e7\u00e3o do grupo Batukenj\u00e9, que reune familiares de pessoas com S\u00edndrome de Down, deram as cores da inclus\u00e3o e da diversidade ao Beco da 507 Sul, local da festa. O projeto foi realizado em parceria com o Festival Candanguices Colabora.<\/p>\n<p><img loading=\"lazy\" decoding=\"async\" class=\"size-medium wp-image-1420 aligncenter\" src=\"https:\/\/blogs.correiobraziliense.com.br\/coletivo-filhas-da-mae\/wp-content\/uploads\/sites\/60\/2023\/02\/foto-3-Esquenta-300x225.jpg\" alt=\"\" width=\"300\" height=\"225\" srcset=\"https:\/\/blogs.correiobraziliense.com.br\/coletivo-filhas-da-mae\/wp-content\/uploads\/sites\/60\/2023\/02\/foto-3-Esquenta-300x225.jpg 300w, https:\/\/blogs.correiobraziliense.com.br\/coletivo-filhas-da-mae\/wp-content\/uploads\/sites\/60\/2023\/02\/foto-3-Esquenta-768x576.jpg 768w, https:\/\/blogs.correiobraziliense.com.br\/coletivo-filhas-da-mae\/wp-content\/uploads\/sites\/60\/2023\/02\/foto-3-Esquenta-1024x768.jpg 1024w, https:\/\/blogs.correiobraziliense.com.br\/coletivo-filhas-da-mae\/wp-content\/uploads\/sites\/60\/2023\/02\/foto-3-Esquenta-1440x1080.jpg 1440w, https:\/\/blogs.correiobraziliense.com.br\/coletivo-filhas-da-mae\/wp-content\/uploads\/sites\/60\/2023\/02\/foto-3-Esquenta-800x600.jpg 800w, https:\/\/blogs.correiobraziliense.com.br\/coletivo-filhas-da-mae\/wp-content\/uploads\/sites\/60\/2023\/02\/foto-3-Esquenta-550x413.jpg 550w, https:\/\/blogs.correiobraziliense.com.br\/coletivo-filhas-da-mae\/wp-content\/uploads\/sites\/60\/2023\/02\/foto-3-Esquenta-230x173.jpg 230w, https:\/\/blogs.correiobraziliense.com.br\/coletivo-filhas-da-mae\/wp-content\/uploads\/sites\/60\/2023\/02\/foto-3-Esquenta.jpg 1600w\" sizes=\"auto, (max-width: 300px) 100vw, 300px\" \/><\/p>\n<p>Com gosto de quero mais,\u00a0 j\u00e1 come\u00e7ou a organiza\u00e7\u00e3o da pr\u00f3xima etapa do carnaval 2023. Depois do Esquenta Carnaval na Asa Sul, o Bloco Filhas da M\u00e3e vai sair, no primeiro s\u00e1bado ap\u00f3s o carnaval, em cortejo pela Asa Norte com os blocos da sa\u00fade mental.<\/p>\n<p><img loading=\"lazy\" decoding=\"async\" class=\"size-medium wp-image-1418\" src=\"https:\/\/blogs.correiobraziliense.com.br\/coletivo-filhas-da-mae\/wp-content\/uploads\/sites\/60\/2023\/02\/foto-1-Esquenta-300x300.jpg\" alt=\"\" width=\"300\" height=\"300\" srcset=\"https:\/\/blogs.correiobraziliense.com.br\/coletivo-filhas-da-mae\/wp-content\/uploads\/sites\/60\/2023\/02\/foto-1-Esquenta-300x300.jpg 300w, https:\/\/blogs.correiobraziliense.com.br\/coletivo-filhas-da-mae\/wp-content\/uploads\/sites\/60\/2023\/02\/foto-1-Esquenta-150x150.jpg 150w, https:\/\/blogs.correiobraziliense.com.br\/coletivo-filhas-da-mae\/wp-content\/uploads\/sites\/60\/2023\/02\/foto-1-Esquenta-768x768.jpg 768w, https:\/\/blogs.correiobraziliense.com.br\/coletivo-filhas-da-mae\/wp-content\/uploads\/sites\/60\/2023\/02\/foto-1-Esquenta-1024x1024.jpg 1024w, https:\/\/blogs.correiobraziliense.com.br\/coletivo-filhas-da-mae\/wp-content\/uploads\/sites\/60\/2023\/02\/foto-1-Esquenta-800x800.jpg 800w, https:\/\/blogs.correiobraziliense.com.br\/coletivo-filhas-da-mae\/wp-content\/uploads\/sites\/60\/2023\/02\/foto-1-Esquenta-550x550.jpg 550w, https:\/\/blogs.correiobraziliense.com.br\/coletivo-filhas-da-mae\/wp-content\/uploads\/sites\/60\/2023\/02\/foto-1-Esquenta-230x230.jpg 230w, https:\/\/blogs.correiobraziliense.com.br\/coletivo-filhas-da-mae\/wp-content\/uploads\/sites\/60\/2023\/02\/foto-1-Esquenta.jpg 1200w\" sizes=\"auto, (max-width: 300px) 100vw, 300px\" \/><\/p>\n<p>PS: Acompanhe a cobertura da m\u00eddia sobre o Bloco. H\u00e1 mat\u00e9rias no <a href=\"https:\/\/g1.globo.com\/df\/distrito-federal\/noticia\/2023\/02\/10\/filhas-da-mae-conheca-bloco-de-carnaval-formado-por-cuidadoras-de-pessoas-com-alzheimer-no-df.ghtml\">portal G1<\/a>, no <a href=\"https:\/\/www.estadao.com.br\/brasil\/carnaval-bloco-reune-cuidadoras-de-pessoas-com-alzheimer-em-brasilia\/\">Estad\u00e3o ,<\/a>no <a href=\"https:\/\/brasil61.com\/n\/carnaval-bloco-coletivo-filhas-da-mae-chama-atencao-para-o-cuidado-com-cuidadores-de-pessoas-com-demencia-bras237835\">portal Brasil 61\u00a0 \u00a0 <\/a>e no DF TV 2a. Edi\u00e7\u00e3o <a href=\"https:\/\/twitter.com\/filhasdamaecol1\/status\/1624935703179153411?t=uIDK6OSnibMYD5g1JSU6ZQ&amp;s=08\">(Globo)<\/a> do dia 11\/02.<\/p>\n<p>&nbsp;<\/p>\n","protected":false},"excerpt":{"rendered":"<p>Ana Castro &amp; Cosette Castro Bras\u00edlia &#8211; &#8220;A folia \u00e9 a loucura de viver! A \u00fanica forma de viver humanamente \u00e9 coletivamente ! Viva o coletivo Filhas da M\u00e3e.&#8221; Estas foram as palavras do Coordenador do F\u00f3rum Distrital em Defesa da Pessoa Idosa\/DF, professor Vicente Faleiros, ao ver as fotos e assistir os v\u00eddeos do Esquenta Carnaval do Bloco Filhas [&hellip;]<\/p>\n","protected":false},"author":126,"featured_media":0,"comment_status":"open","ping_status":"open","sticky":false,"template":"","format":"standard","meta":{"footnotes":""},"categories":[712],"tags":[8,717,129,715,700,7,716,713,710,714],"class_list":["post-1414","post","type-post","status-publish","format-standard","hentry","category-carnaval-2023","tag-alzheimer","tag-batukenje","tag-bloco-de-carnaval-filhas-da-mae","tag-brasil-61","tag-carnaval-2023","tag-demencias","tag-df-tv-2a-edicao","tag-estadao","tag-festival-candanguices-colabora","tag-g1"],"_links":{"self":[{"href":"https:\/\/blogs.correiobraziliense.com.br\/coletivo-filhas-da-mae\/wp-json\/wp\/v2\/posts\/1414","targetHints":{"allow":["GET"]}}],"collection":[{"href":"https:\/\/blogs.correiobraziliense.com.br\/coletivo-filhas-da-mae\/wp-json\/wp\/v2\/posts"}],"about":[{"href":"https:\/\/blogs.correiobraziliense.com.br\/coletivo-filhas-da-mae\/wp-json\/wp\/v2\/types\/post"}],"author":[{"embeddable":true,"href":"https:\/\/blogs.correiobraziliense.com.br\/coletivo-filhas-da-mae\/wp-json\/wp\/v2\/users\/126"}],"replies":[{"embeddable":true,"href":"https:\/\/blogs.correiobraziliense.com.br\/coletivo-filhas-da-mae\/wp-json\/wp\/v2\/comments?post=1414"}],"version-history":[{"count":6,"href":"https:\/\/blogs.correiobraziliense.com.br\/coletivo-filhas-da-mae\/wp-json\/wp\/v2\/posts\/1414\/revisions"}],"predecessor-version":[{"id":1425,"href":"https:\/\/blogs.correiobraziliense.com.br\/coletivo-filhas-da-mae\/wp-json\/wp\/v2\/posts\/1414\/revisions\/1425"}],"wp:attachment":[{"href":"https:\/\/blogs.correiobraziliense.com.br\/coletivo-filhas-da-mae\/wp-json\/wp\/v2\/media?parent=1414"}],"wp:term":[{"taxonomy":"category","embeddable":true,"href":"https:\/\/blogs.correiobraziliense.com.br\/coletivo-filhas-da-mae\/wp-json\/wp\/v2\/categories?post=1414"},{"taxonomy":"post_tag","embeddable":true,"href":"https:\/\/blogs.correiobraziliense.com.br\/coletivo-filhas-da-mae\/wp-json\/wp\/v2\/tags?post=1414"}],"curies":[{"name":"wp","href":"https:\/\/api.w.org\/{rel}","templated":true}]}}