{"id":1406,"date":"2023-02-10T08:23:21","date_gmt":"2023-02-10T11:23:21","guid":{"rendered":"https:\/\/blogs.correiobraziliense.com.br\/coletivo-filhas-da-mae\/?p=1406"},"modified":"2023-02-26T16:33:45","modified_gmt":"2023-02-26T19:33:45","slug":"sabado-tem-esquenta-carnaval","status":"publish","type":"post","link":"https:\/\/blogs.correiobraziliense.com.br\/coletivo-filhas-da-mae\/2023\/02\/10\/sabado-tem-esquenta-carnaval\/","title":{"rendered":"S\u00e1bado Tem Esquenta Carnaval"},"content":{"rendered":"<p>Ana Castro &amp; Cosette Castro<\/p>\n<p>Bras\u00edlia &#8211; Falta 01 dia para o Esquenta Carnaval do Bloco Filhas da M\u00e3e e estamos emocionadas.<\/p>\n<p>O Filhas da M\u00e3e \u00e9 o primeiro Bloco de Carnaval do Brasil a falar sobre dem\u00eancias, entre elas o Alzheimer, de forma l\u00fadica e divertida. Mesmo que, no cotidiano, o tema seja pesado e dif\u00edcil para as cuidadoras e demais familiares.<\/p>\n<p>A festa vai acontecer neste s\u00e1bado, dia 11, no beco da 507 Sul, em Bras\u00edlia, das 13h30 at\u00e9 \u00e0s 18h e come\u00e7a com oficina gratuita de customiza\u00e7\u00e3o de camisetas (traga a sua). O Esquenta Carnaval do Bloco Filhas da M\u00e3e, aberto para todas as idades, \u00e9 uma parceria com a ColaboraMix, que estar\u00e1 realizando o <a href=\"https:\/\/www.instagram.com\/p\/CoYDX92PLyp\/?igshid=NDdhMjNiZDg=\">Festival Candanguice Colabora<\/a>.<\/p>\n<p>Ao participar da maior festa popular brasileira queremos chamar aten\u00e7\u00e3o da popula\u00e7\u00e3o e tamb\u00e9m das autoridades sobre as doen\u00e7as neurodegenerativas,\u00a0 principalmente no Fevereiro Roxo, m\u00eas de conscientiza\u00e7\u00e3o sobre o Alzheimer.<\/p>\n<p>Buscamos levar informa\u00e7\u00f5es sobre as dem\u00eancias e mostrar uma de suas principais caracter\u00edsticas, o esquecimento. Sabemos na pr\u00e1tica o quanto d\u00f3i ser esquecida todos os dias por um familiar que n\u00e3o nos reconhece mais.<\/p>\n<p>Tamb\u00e9m constru\u00edmos diariamente uma rede de apoio a quem cuida inventivando a preven\u00e7\u00e3o de sa\u00fade. Em tempos de Carnaval, isso ocorre atrav\u00e9s do l\u00fadico e das brincadeiras. Das marchinhas, do samba no p\u00e9 e das oficinas gratuitas que ocorrem em janeiro e fevereiro.<\/p>\n<p><img loading=\"lazy\" decoding=\"async\" class=\"size-medium wp-image-1409 aligncenter\" src=\"https:\/\/blogs.correiobraziliense.com.br\/coletivo-filhas-da-mae\/wp-content\/uploads\/sites\/60\/2023\/02\/cardcolabora-242x300.jpeg\" alt=\"\" width=\"242\" height=\"300\" srcset=\"https:\/\/blogs.correiobraziliense.com.br\/coletivo-filhas-da-mae\/wp-content\/uploads\/sites\/60\/2023\/02\/cardcolabora-242x300.jpeg 242w, https:\/\/blogs.correiobraziliense.com.br\/coletivo-filhas-da-mae\/wp-content\/uploads\/sites\/60\/2023\/02\/cardcolabora-768x953.jpeg 768w, https:\/\/blogs.correiobraziliense.com.br\/coletivo-filhas-da-mae\/wp-content\/uploads\/sites\/60\/2023\/02\/cardcolabora.jpeg 825w, https:\/\/blogs.correiobraziliense.com.br\/coletivo-filhas-da-mae\/wp-content\/uploads\/sites\/60\/2023\/02\/cardcolabora-800x993.jpeg 800w, https:\/\/blogs.correiobraziliense.com.br\/coletivo-filhas-da-mae\/wp-content\/uploads\/sites\/60\/2023\/02\/cardcolabora-550x683.jpeg 550w, https:\/\/blogs.correiobraziliense.com.br\/coletivo-filhas-da-mae\/wp-content\/uploads\/sites\/60\/2023\/02\/cardcolabora-230x285.jpeg 230w\" sizes=\"auto, (max-width: 242px) 100vw, 242px\" \/><\/p>\n<p>S\u00e3o dois meses de dedica\u00e7\u00e3o, onde pessoas volunt\u00e1rias abrem espa\u00e7o na agenda para dar vida e cores ao Bloco Filhas da M\u00e3e. Semanalmente, estimulamos o encontro intergeracional, os abra\u00e7os e os lanches comunit\u00e1rios. Acompanhamos as risadas, as trocas de informa\u00e7\u00f5es e os bate-papos. Nos conhecemos e reconhecemos.<\/p>\n<p><img loading=\"lazy\" decoding=\"async\" class=\"size-medium wp-image-1408 aligncenter\" src=\"https:\/\/blogs.correiobraziliense.com.br\/coletivo-filhas-da-mae\/wp-content\/uploads\/sites\/60\/2023\/02\/foto-oficina-adere\u00e7os-300x169.jpg\" alt=\"\" width=\"300\" height=\"169\" srcset=\"https:\/\/blogs.correiobraziliense.com.br\/coletivo-filhas-da-mae\/wp-content\/uploads\/sites\/60\/2023\/02\/foto-oficina-adere\u00e7os-300x169.jpg 300w, https:\/\/blogs.correiobraziliense.com.br\/coletivo-filhas-da-mae\/wp-content\/uploads\/sites\/60\/2023\/02\/foto-oficina-adere\u00e7os-768x432.jpg 768w, https:\/\/blogs.correiobraziliense.com.br\/coletivo-filhas-da-mae\/wp-content\/uploads\/sites\/60\/2023\/02\/foto-oficina-adere\u00e7os-1024x576.jpg 1024w, https:\/\/blogs.correiobraziliense.com.br\/coletivo-filhas-da-mae\/wp-content\/uploads\/sites\/60\/2023\/02\/foto-oficina-adere\u00e7os-1440x810.jpg 1440w, https:\/\/blogs.correiobraziliense.com.br\/coletivo-filhas-da-mae\/wp-content\/uploads\/sites\/60\/2023\/02\/foto-oficina-adere\u00e7os-800x450.jpg 800w, https:\/\/blogs.correiobraziliense.com.br\/coletivo-filhas-da-mae\/wp-content\/uploads\/sites\/60\/2023\/02\/foto-oficina-adere\u00e7os-550x309.jpg 550w, https:\/\/blogs.correiobraziliense.com.br\/coletivo-filhas-da-mae\/wp-content\/uploads\/sites\/60\/2023\/02\/foto-oficina-adere\u00e7os-230x129.jpg 230w\" sizes=\"auto, (max-width: 300px) 100vw, 300px\" \/><\/p>\n<p>Acreditamos que o afeto e a arte salvam vidas, estimulam e refor\u00e7am v\u00ednculos e possibilitam escutar as experi\u00eancias de outras pessoas. Al\u00e9m disso, abrem espa\u00e7o para novas amizades.<\/p>\n<p><img loading=\"lazy\" decoding=\"async\" class=\"size-medium wp-image-1410 aligncenter\" src=\"https:\/\/blogs.correiobraziliense.com.br\/coletivo-filhas-da-mae\/wp-content\/uploads\/sites\/60\/2023\/02\/foto-oficina-adere\u00e7os-3-300x204.jpg\" alt=\"\" width=\"300\" height=\"204\" srcset=\"https:\/\/blogs.correiobraziliense.com.br\/coletivo-filhas-da-mae\/wp-content\/uploads\/sites\/60\/2023\/02\/foto-oficina-adere\u00e7os-3-300x204.jpg 300w, https:\/\/blogs.correiobraziliense.com.br\/coletivo-filhas-da-mae\/wp-content\/uploads\/sites\/60\/2023\/02\/foto-oficina-adere\u00e7os-3-768x523.jpg 768w, https:\/\/blogs.correiobraziliense.com.br\/coletivo-filhas-da-mae\/wp-content\/uploads\/sites\/60\/2023\/02\/foto-oficina-adere\u00e7os-3-1024x697.jpg 1024w, https:\/\/blogs.correiobraziliense.com.br\/coletivo-filhas-da-mae\/wp-content\/uploads\/sites\/60\/2023\/02\/foto-oficina-adere\u00e7os-3-1440x980.jpg 1440w, https:\/\/blogs.correiobraziliense.com.br\/coletivo-filhas-da-mae\/wp-content\/uploads\/sites\/60\/2023\/02\/foto-oficina-adere\u00e7os-3-800x544.jpg 800w, https:\/\/blogs.correiobraziliense.com.br\/coletivo-filhas-da-mae\/wp-content\/uploads\/sites\/60\/2023\/02\/foto-oficina-adere\u00e7os-3-550x374.jpg 550w, https:\/\/blogs.correiobraziliense.com.br\/coletivo-filhas-da-mae\/wp-content\/uploads\/sites\/60\/2023\/02\/foto-oficina-adere\u00e7os-3-230x157.jpg 230w\" sizes=\"auto, (max-width: 300px) 100vw, 300px\" \/><\/p>\n<p>Entre janeiro e fevereiro, representantes do Bloco Filhas da M\u00e3e participaram de diferentes atividades em Bras\u00edlia. Entre elas, as reuni\u00f5es coletivas dos Blocos da Sa\u00fade Mental para organizar o Carnaval 2023.<\/p>\n<p>Para as cuidadoras familiares, j\u00e1 oferecemos 04 oficinas de Samba no P\u00e9\u00a0 e 02 oficinas de Adere\u00e7os como Tiaras, Estandartes e Flores de Papel Crepom com mensagens sobre cuidado e autocuidado. E no s\u00e1bado, dia 11, ocorrer\u00e1 a oficina de customiza\u00e7\u00e3o de camisetas.<\/p>\n<p><img loading=\"lazy\" decoding=\"async\" class=\"size-medium wp-image-1411 aligncenter\" src=\"https:\/\/blogs.correiobraziliense.com.br\/coletivo-filhas-da-mae\/wp-content\/uploads\/sites\/60\/2023\/02\/foto-samma-no-p\u00e91.-300x183.jpg\" alt=\"\" width=\"300\" height=\"183\" srcset=\"https:\/\/blogs.correiobraziliense.com.br\/coletivo-filhas-da-mae\/wp-content\/uploads\/sites\/60\/2023\/02\/foto-samma-no-p\u00e91.-300x183.jpg 300w, https:\/\/blogs.correiobraziliense.com.br\/coletivo-filhas-da-mae\/wp-content\/uploads\/sites\/60\/2023\/02\/foto-samma-no-p\u00e91.-768x468.jpg 768w, https:\/\/blogs.correiobraziliense.com.br\/coletivo-filhas-da-mae\/wp-content\/uploads\/sites\/60\/2023\/02\/foto-samma-no-p\u00e91.-1024x625.jpg 1024w, https:\/\/blogs.correiobraziliense.com.br\/coletivo-filhas-da-mae\/wp-content\/uploads\/sites\/60\/2023\/02\/foto-samma-no-p\u00e91.-800x488.jpg 800w, https:\/\/blogs.correiobraziliense.com.br\/coletivo-filhas-da-mae\/wp-content\/uploads\/sites\/60\/2023\/02\/foto-samma-no-p\u00e91.-550x335.jpg 550w, https:\/\/blogs.correiobraziliense.com.br\/coletivo-filhas-da-mae\/wp-content\/uploads\/sites\/60\/2023\/02\/foto-samma-no-p\u00e91.-230x140.jpg 230w, https:\/\/blogs.correiobraziliense.com.br\/coletivo-filhas-da-mae\/wp-content\/uploads\/sites\/60\/2023\/02\/foto-samma-no-p\u00e91..jpg 1328w\" sizes=\"auto, (max-width: 300px) 100vw, 300px\" \/><\/p>\n<p>Participamos de reuni\u00f5es com autoridades do Distrito Federal para pedir a proibi\u00e7\u00e3o do uso de armas e garantir seguran\u00e7a para os blocos e escolas de carnaval. Tamb\u00e9m solicitamos o aumento do fluxo de transporte p\u00fablico nesse per\u00edodo, entre outros temas.<\/p>\n<p>Essa constru\u00e7\u00e3o para o Carnaval 2023 s\u00f3 \u00e9 poss\u00edvel porque n\u00e3o caminhamos sozinhas.<\/p>\n<p>Criamos e recriamos diariamente nossos passos junto com parceiras e parceiros que acreditam na preven\u00e7\u00e3o da sa\u00fade e na import\u00e2ncia de estimular a sa\u00fade mental. Assim como n\u00f3s, acreditam na solidariedade e na vida em comunidade.<\/p>\n<p>Esperamos voc\u00ea neste s\u00e1bado, dia 11, no Beco da 507 Sul (Asa Sul), a partir das 13h.<\/p>\n","protected":false},"excerpt":{"rendered":"<p>Ana Castro &amp; Cosette Castro Bras\u00edlia &#8211; Falta 01 dia para o Esquenta Carnaval do Bloco Filhas da M\u00e3e e estamos emocionadas. O Filhas da M\u00e3e \u00e9 o primeiro Bloco de Carnaval do Brasil a falar sobre dem\u00eancias, entre elas o Alzheimer, de forma l\u00fadica e divertida. Mesmo que, no cotidiano, o tema seja pesado e dif\u00edcil para as cuidadoras [&hellip;]<\/p>\n","protected":false},"author":126,"featured_media":0,"comment_status":"open","ping_status":"open","sticky":false,"template":"","format":"standard","meta":{"footnotes":""},"categories":[117],"tags":[711,696,698,709,119,7,708,710,705],"class_list":["post-1406","post","type-post","status-publish","format-standard","hentry","category-autocuidado","tag-azheimer","tag-bloco-filhas-da-mae","tag-blocos-da-saude-mental","tag-colaboramix","tag-cuidado-e-autocuidado","tag-demencias","tag-esquenta-carnaval-2023","tag-festival-candanguices-colabora","tag-fevereiro-roxo"],"_links":{"self":[{"href":"https:\/\/blogs.correiobraziliense.com.br\/coletivo-filhas-da-mae\/wp-json\/wp\/v2\/posts\/1406","targetHints":{"allow":["GET"]}}],"collection":[{"href":"https:\/\/blogs.correiobraziliense.com.br\/coletivo-filhas-da-mae\/wp-json\/wp\/v2\/posts"}],"about":[{"href":"https:\/\/blogs.correiobraziliense.com.br\/coletivo-filhas-da-mae\/wp-json\/wp\/v2\/types\/post"}],"author":[{"embeddable":true,"href":"https:\/\/blogs.correiobraziliense.com.br\/coletivo-filhas-da-mae\/wp-json\/wp\/v2\/users\/126"}],"replies":[{"embeddable":true,"href":"https:\/\/blogs.correiobraziliense.com.br\/coletivo-filhas-da-mae\/wp-json\/wp\/v2\/comments?post=1406"}],"version-history":[{"count":4,"href":"https:\/\/blogs.correiobraziliense.com.br\/coletivo-filhas-da-mae\/wp-json\/wp\/v2\/posts\/1406\/revisions"}],"predecessor-version":[{"id":1447,"href":"https:\/\/blogs.correiobraziliense.com.br\/coletivo-filhas-da-mae\/wp-json\/wp\/v2\/posts\/1406\/revisions\/1447"}],"wp:attachment":[{"href":"https:\/\/blogs.correiobraziliense.com.br\/coletivo-filhas-da-mae\/wp-json\/wp\/v2\/media?parent=1406"}],"wp:term":[{"taxonomy":"category","embeddable":true,"href":"https:\/\/blogs.correiobraziliense.com.br\/coletivo-filhas-da-mae\/wp-json\/wp\/v2\/categories?post=1406"},{"taxonomy":"post_tag","embeddable":true,"href":"https:\/\/blogs.correiobraziliense.com.br\/coletivo-filhas-da-mae\/wp-json\/wp\/v2\/tags?post=1406"}],"curies":[{"name":"wp","href":"https:\/\/api.w.org\/{rel}","templated":true}]}}