{"id":1378,"date":"2023-01-23T07:36:25","date_gmt":"2023-01-23T10:36:25","guid":{"rendered":"https:\/\/blogs.correiobraziliense.com.br\/coletivo-filhas-da-mae\/?p=1378"},"modified":"2023-01-23T07:34:37","modified_gmt":"2023-01-23T10:34:37","slug":"por-uma-cultura-do-envelhecimento","status":"publish","type":"post","link":"https:\/\/blogs.correiobraziliense.com.br\/coletivo-filhas-da-mae\/2023\/01\/23\/por-uma-cultura-do-envelhecimento\/","title":{"rendered":"Por Uma Cultura do Envelhecimento"},"content":{"rendered":"<p>Ana Castro, Cosette Castro &amp; Convidado<\/p>\n<p>Bras\u00edlia &#8211; Uma das \u00e1reas de atua\u00e7\u00e3o do Coletivo Filhas da M\u00e3e \u00e9 o envelhecimento populacional. Isso n\u00e3o ocorre por acaso.<\/p>\n<p>Vivemos em um pa\u00eds onde 37,8 milh\u00f5es s\u00e3o pessoas com 60 anos ou mais, segundo o Departamento Intersindical de Estat\u00edstica e Estudos Socioecon\u00f4micos (Dieese).\u00a0Destes, 18,5% ainda trabalham e 75% contribuem para a renda familiar.<\/p>\n<p>No Brasil h\u00e1 ainda 55 milh\u00f5es de brasileiras e brasileiros com 50 anos ou mais. Os dois grupos chegam a 92,8 milh\u00f5es de pessoas. Ou seja, precisamos urgente de pol\u00edticas p\u00fablicas voltadas para o envelhecimento saud\u00e1vel e participativo.<\/p>\n<p>Pensando nisso, convidamos o professor da P\u00f3s-Gradua\u00e7\u00e3o em Geriatria e Gerontologia do Hospital Albert Einstein, Williams Fiori. Ele reflete sobre longevidade desde 2003 e sobre cultura do envelhecimento.<\/p>\n<p>Williams Fiori &#8211;\u00a0 &#8220;A cultura gerontol\u00f3gica, tamb\u00e9m conhecida como a cultura do envelhecimento, \u00e9 o estudo das quest\u00f5es relacionadas ao envelhecimento e \u00e0s pessoas idosas. Ela abrange aspectos sociais, psicol\u00f3gicos, econ\u00f4micos e biol\u00f3gicos do envelhecimento e busca compreender como as pessoas envelhecem e como a sociedade lida com a quest\u00e3o.<\/p>\n<p>A cultura do envelhecimento inclui a promo\u00e7\u00e3o do bem-estar e da qualidade de vida das pessoas idosas. E tamb\u00e9m\u00a0 a cria\u00e7\u00e3o de pol\u00edticas p\u00fablicas e programas de apoio. Ela \u00e9 fundamental para garantir que a sociedade esteja preparada para enfrentar os desafios e impactos do envelhecimento.<\/p>\n<p>A cultura gerontol\u00f3gica \u00e9 cada vez mais importante na sociedade atual. Os impactos e desafios de entender essa nova din\u00e2mica de mundo s\u00e3o in\u00fameros, incluindo quest\u00f5es sociais e econ\u00f4micas.<\/p>\n<p>O mundo j\u00e1 n\u00e3o \u00e9 mais dos jovens. No Brasil, a cada 28 segundos, uma pessoa faz 60 anos e temos 55 milh\u00f5es de pessoas acima de 50 anos. Isso\u00a0mostra a import\u00e2ncia de entender a cultura do envelhecimento na sociedade, nas fam\u00edlias e entre nossos amigos.<\/p>\n<p>O envelhecimento da popula\u00e7\u00e3o traz desafios para a sa\u00fade, previd\u00eancia e assist\u00eancia social. \u00c9 fundamental garantir o bem-estar e a qualidade de vida das pessoas idosas. Al\u00e9m disso, \u00e9 importante que haja pol\u00edticas p\u00fablicas e programas de apoio para os idosos, incluindo acesso \u00e0 sa\u00fade e a previd\u00eancia.<\/p>\n<p>\u00c9 preciso uma mudan\u00e7a na forma como a sociedade enxerga as pessoas idosas. Elas s\u00e3o uma fonte de conhecimento e experi\u00eancia e devem ser valorizados e respeitados. \u00c9 importante\u00a0incluir socialmente e dar\u00a0 oportunidades de trabalho para pessoas com 60 anos ou mais para que possam continuar a contribuir para a sociedade.<\/p>\n<p><strong>Preconceito Contra Pessoas Idosas<\/strong><\/p>\n<p>Infelizmente, o etarismo,\u00a0 conhecido como preconceito et\u00e1rio, \u00e9 um problema comum na sociedade atual. O etarismo \u00e9 a discrimina\u00e7\u00e3o baseada na idade e pode afetar tanto pessoas idosas quanto os jovens. O etarismo pode ser visto em v\u00e1rios aspectos da sociedade, desde o emprego e a previd\u00eancia, at\u00e9 a assist\u00eancia social e a sa\u00fade. Isso pode levar a desvaloriza\u00e7\u00e3o e desrespeito \u00e0s pessoas idosas, limitando suas oportunidades de inclus\u00e3o social e trabalho.<\/p>\n<p>O etarismo n\u00e3o \u00e9 citado como parte da diversidade nas minorias, mas \u00e9 uma forma de discrimina\u00e7\u00e3o que afeta a todas as idades. \u00c9 importante que seja reconhecido e que sejam implementadas medidas para combater o preconceito por idade no Brasil. Isso inclui a conscientiza\u00e7\u00e3o sobre o problema, a cria\u00e7\u00e3o de pol\u00edticas p\u00fablicas e programas de apoio e a valoriza\u00e7\u00e3o das pessoas\u00a0 idosas como uma fonte de conhecimento e experi\u00eancia.<\/p>\n<p>Ao entender a cultura do envelhecimento e se engajar nos temas relacionados ao envelhecimento, podemos trabalhar para construir uma sociedade mais inclusiva e justa para todas as idades. A luta contra o etarismo \u00e9 uma forma de garantir que as pessoas\u00a0\u00a0idosas sejam valorizadas e respeitadas. E que tenham as mesmas oportunidades de inclus\u00e3o social e trabalho que as demais minorias.<\/p>\n<p><strong>10 Pontos de Aprendizagem Para a Sociedade e Governos<\/strong><\/p>\n<p>1. Aprender sobre os aspectos biol\u00f3gicos, psicol\u00f3gicos e sociais do envelhecimento. Ou seja, entender como as pessoas envelhecem e como a sociedade lidam com o envelhecimento.<\/p>\n<p>2.Valorizar e respeitar as pessoas idosas como uma fonte de conhecimento e experi\u00eancia.<\/p>\n<p>3 Incentivar a inclus\u00e3o social e oferecer oportunidades de trabalho para pessoas com 60 ou mais\u00a0para que possam continuar a contribuir para a sociedade.<\/p>\n<p>4.Promover o bem-estar e a qualidade de vida das pessoas idosas, incluindo acesso \u00e0 sa\u00fade, previd\u00eancia e assist\u00eancia social.<\/p>\n<p>5.Criar pol\u00edticas p\u00fablicas e programas de apoio para pessoas 60+.<\/p>\n<p>6.Aumentar a conscientiza\u00e7\u00e3o sobre os desafios e impactos do envelhecimento da popula\u00e7\u00e3o.<\/p>\n<p>7.Estabelecer programas de educa\u00e7\u00e3o e treinamento para profissionais da sa\u00fade e outros profissionais que lidam com pessoas idosas.<\/p>\n<p>8. Estimular a pesquisa cient\u00edfica sobre o envelhecimento e seus impactos.<\/p>\n<p>9.Fomentar a participa\u00e7\u00e3o das pessoas 60+ na sociedade e sua representa\u00e7\u00e3o em inst\u00e2ncias decis\u00f3rias.<\/p>\n<p>10.Promover a diversidade e a inclus\u00e3o entre pessoas idosas, reconhecendo que eles t\u00eam necessidades e desafios diferentes.&#8221;<\/p>\n<p>N\u00f3s, do Coletivo Filhas da M\u00e3e, acreditamos que \u00e9 urgente implementar uma cultura do cuidado intergeracional no Brasil que inclua a cultura para o envelhecimento.<\/p>\n<p>&nbsp;<\/p>\n<p>&nbsp;<\/p>\n<p>&nbsp;<\/p>\n","protected":false},"excerpt":{"rendered":"<p>Ana Castro, Cosette Castro &amp; Convidado Bras\u00edlia &#8211; Uma das \u00e1reas de atua\u00e7\u00e3o do Coletivo Filhas da M\u00e3e \u00e9 o envelhecimento populacional. Isso n\u00e3o ocorre por acaso. Vivemos em um pa\u00eds onde 37,8 milh\u00f5es s\u00e3o pessoas com 60 anos ou mais, segundo o Departamento Intersindical de Estat\u00edstica e Estudos Socioecon\u00f4micos (Dieese).\u00a0Destes, 18,5% ainda trabalham e 75% contribuem para a renda [&hellip;]<\/p>\n","protected":false},"author":126,"featured_media":0,"comment_status":"open","ping_status":"open","sticky":false,"template":"","format":"standard","meta":{"footnotes":""},"categories":[9],"tags":[453,682,683,5,107,300,173,680],"class_list":["post-1378","post","type-post","status-publish","format-standard","hentry","category-envelhecimento","tag-cultura-do-cuidado","tag-cultura-do-envelhecimento","tag-cultura-gerontologica","tag-envelhecimento","tag-etarismo","tag-pessoas-idosas","tag-politicas-publicas","tag-williams-fiori"],"_links":{"self":[{"href":"https:\/\/blogs.correiobraziliense.com.br\/coletivo-filhas-da-mae\/wp-json\/wp\/v2\/posts\/1378","targetHints":{"allow":["GET"]}}],"collection":[{"href":"https:\/\/blogs.correiobraziliense.com.br\/coletivo-filhas-da-mae\/wp-json\/wp\/v2\/posts"}],"about":[{"href":"https:\/\/blogs.correiobraziliense.com.br\/coletivo-filhas-da-mae\/wp-json\/wp\/v2\/types\/post"}],"author":[{"embeddable":true,"href":"https:\/\/blogs.correiobraziliense.com.br\/coletivo-filhas-da-mae\/wp-json\/wp\/v2\/users\/126"}],"replies":[{"embeddable":true,"href":"https:\/\/blogs.correiobraziliense.com.br\/coletivo-filhas-da-mae\/wp-json\/wp\/v2\/comments?post=1378"}],"version-history":[{"count":3,"href":"https:\/\/blogs.correiobraziliense.com.br\/coletivo-filhas-da-mae\/wp-json\/wp\/v2\/posts\/1378\/revisions"}],"predecessor-version":[{"id":1381,"href":"https:\/\/blogs.correiobraziliense.com.br\/coletivo-filhas-da-mae\/wp-json\/wp\/v2\/posts\/1378\/revisions\/1381"}],"wp:attachment":[{"href":"https:\/\/blogs.correiobraziliense.com.br\/coletivo-filhas-da-mae\/wp-json\/wp\/v2\/media?parent=1378"}],"wp:term":[{"taxonomy":"category","embeddable":true,"href":"https:\/\/blogs.correiobraziliense.com.br\/coletivo-filhas-da-mae\/wp-json\/wp\/v2\/categories?post=1378"},{"taxonomy":"post_tag","embeddable":true,"href":"https:\/\/blogs.correiobraziliense.com.br\/coletivo-filhas-da-mae\/wp-json\/wp\/v2\/tags?post=1378"}],"curies":[{"name":"wp","href":"https:\/\/api.w.org\/{rel}","templated":true}]}}