{"id":1331,"date":"2022-12-23T09:06:47","date_gmt":"2022-12-23T12:06:47","guid":{"rendered":"https:\/\/blogs.correiobraziliense.com.br\/coletivo-filhas-da-mae\/?p=1331"},"modified":"2022-12-26T10:22:38","modified_gmt":"2022-12-26T13:22:38","slug":"filhas-da-mae-com-muito-mais-orgulho","status":"publish","type":"post","link":"https:\/\/blogs.correiobraziliense.com.br\/coletivo-filhas-da-mae\/2022\/12\/23\/filhas-da-mae-com-muito-mais-orgulho\/","title":{"rendered":"Filhas da M\u00e3e Com Muito Mais Orgulho"},"content":{"rendered":"<p>Bras\u00edlia &#8211; No Coletivo Filhas da M\u00e3e vivemos fortes emo\u00e7\u00f5es durante o ano. Houve momentos de medo, luto e tristeza, mas tamb\u00e9m de alegria e esperan\u00e7a.<\/p>\n<p>Um desses momentos de alegria ocorreu na quinta-feira, 22 de dezembro, durante o lan\u00e7amento em Bras\u00edlia do livro &#8220;Filhas da M\u00e3e Com Muito Orgulho, Apesar da Pandemia e das Dem\u00eancias&#8221;, publicado pela Portal Edi\u00e7\u00f5es.<\/p>\n<p><img loading=\"lazy\" decoding=\"async\" class=\" wp-image-1332 aligncenter\" src=\"https:\/\/blogs.correiobraziliense.com.br\/coletivo-filhas-da-mae\/wp-content\/uploads\/sites\/60\/2022\/12\/fotolan\u00e7amentolivro-240x300.jpeg\" alt=\"\" width=\"288\" height=\"360\" srcset=\"https:\/\/blogs.correiobraziliense.com.br\/coletivo-filhas-da-mae\/wp-content\/uploads\/sites\/60\/2022\/12\/fotolan\u00e7amentolivro-240x300.jpeg 240w, https:\/\/blogs.correiobraziliense.com.br\/coletivo-filhas-da-mae\/wp-content\/uploads\/sites\/60\/2022\/12\/fotolan\u00e7amentolivro-768x959.jpeg 768w, https:\/\/blogs.correiobraziliense.com.br\/coletivo-filhas-da-mae\/wp-content\/uploads\/sites\/60\/2022\/12\/fotolan\u00e7amentolivro-820x1024.jpeg 820w, https:\/\/blogs.correiobraziliense.com.br\/coletivo-filhas-da-mae\/wp-content\/uploads\/sites\/60\/2022\/12\/fotolan\u00e7amentolivro-800x999.jpeg 800w, https:\/\/blogs.correiobraziliense.com.br\/coletivo-filhas-da-mae\/wp-content\/uploads\/sites\/60\/2022\/12\/fotolan\u00e7amentolivro-550x687.jpeg 550w, https:\/\/blogs.correiobraziliense.com.br\/coletivo-filhas-da-mae\/wp-content\/uploads\/sites\/60\/2022\/12\/fotolan\u00e7amentolivro-230x287.jpeg 230w, https:\/\/blogs.correiobraziliense.com.br\/coletivo-filhas-da-mae\/wp-content\/uploads\/sites\/60\/2022\/12\/fotolan\u00e7amentolivro.jpeg 1281w\" sizes=\"auto, (max-width: 288px) 100vw, 288px\" \/>\u00a0 \u00a0 \u00a0 \u00a0 \u00a0 \u00a0 \u00a0 \u00a0 \u00a0 Apesar do mesmo sobrenome, n\u00e3o somos irm\u00e3s. Mas somos manas<\/p>\n<p>Foram 2h30 de aut\u00f3grafos quase ininterruptos. Fizemos uma pequena pausa para ouvir os coment\u00e1rios feitos por Nat\u00e1lia Duarte, professora e pesquisadora, que \u00e9 participante do Coletivo Filhas da M\u00e3e.<\/p>\n<p>Nat\u00e1lia, que \u00e9 co-cuidadora do pai, lembrou que todas as pessoas que se deparam com a experi\u00eancia do cuidar de familiares enfrentam desconhecimento, invisibilidade, preconceito e solid\u00e3o. &#8220;O livro fala sobre tudo isso estimulando uma rede amorosa e solid\u00e1ria de apoio e informa\u00e7\u00e3o de qualidade. Tamb\u00e9m traz reflex\u00f5es cr\u00edticas sobre o contexto socio pol\u00edtico-econ\u00f4mico e a aus\u00eancia de pol\u00edticas p\u00fablicas de cuidado no pa\u00eds&#8221;.<\/p>\n<p>Nesses 3 anos de atividades, o Coletivo Filhas da M\u00e3e vem abrindo portas, construindo pontes e tecendo redes que se entrela\u00e7am e multiplicam a cada dia.<\/p>\n<p>Na quinta-feira, essas pontes e redes se transformaram em abra\u00e7os, encontros e reencontros. Apesar da chuva que caracteriza a Capital Federal nessa \u00e9poca do ano. (<a href=\"https:\/\/photos.app.goo.gl\/S25L9PZg18zdwoHP7\">veja as fotos aqui<\/a>).<\/p>\n<p>Uma das riquezas da sess\u00e3o de lan\u00e7amento, e que nos emocionou muito, foi a diversidade do p\u00fablico.<\/p>\n<p>Havia fam\u00edlias de 3 gera\u00e7\u00f5es presentes no encontro, entre elas a da mascote do Coletivo, Lia Roza. E, para al\u00e9m de cuidadoras e seus familiares e das amigas e amigos, estiveram presentes os representantes das redes, parceiros e parceiras.<\/p>\n<p>&nbsp;<\/p>\n<p><img loading=\"lazy\" decoding=\"async\" class=\"wp-image-1333 aligncenter\" src=\"https:\/\/blogs.correiobraziliense.com.br\/coletivo-filhas-da-mae\/wp-content\/uploads\/sites\/60\/2022\/12\/fotcomlianolan\u00e7amento-169x300.jpeg\" alt=\"\" width=\"230\" height=\"408\" srcset=\"https:\/\/blogs.correiobraziliense.com.br\/coletivo-filhas-da-mae\/wp-content\/uploads\/sites\/60\/2022\/12\/fotcomlianolan\u00e7amento-169x300.jpeg 169w, https:\/\/blogs.correiobraziliense.com.br\/coletivo-filhas-da-mae\/wp-content\/uploads\/sites\/60\/2022\/12\/fotcomlianolan\u00e7amento-768x1364.jpeg 768w, https:\/\/blogs.correiobraziliense.com.br\/coletivo-filhas-da-mae\/wp-content\/uploads\/sites\/60\/2022\/12\/fotcomlianolan\u00e7amento-577x1024.jpeg 577w, https:\/\/blogs.correiobraziliense.com.br\/coletivo-filhas-da-mae\/wp-content\/uploads\/sites\/60\/2022\/12\/fotcomlianolan\u00e7amento-800x1421.jpeg 800w, https:\/\/blogs.correiobraziliense.com.br\/coletivo-filhas-da-mae\/wp-content\/uploads\/sites\/60\/2022\/12\/fotcomlianolan\u00e7amento-550x977.jpeg 550w, https:\/\/blogs.correiobraziliense.com.br\/coletivo-filhas-da-mae\/wp-content\/uploads\/sites\/60\/2022\/12\/fotcomlianolan\u00e7amento-230x408.jpeg 230w, https:\/\/blogs.correiobraziliense.com.br\/coletivo-filhas-da-mae\/wp-content\/uploads\/sites\/60\/2022\/12\/fotcomlianolan\u00e7amento.jpeg 901w\" sizes=\"auto, (max-width: 230px) 100vw, 230px\" \/><\/p>\n<p>A Lia, nossa mascote, nasceu junto com o Coletivo<\/p>\n<p>Abra\u00e7amos amigas e amigos da sa\u00fade mental, pesquisadoras e pesquisadores, ex-alunas, parceiros do di\u00e1logo inter-religioso e do autocuidado (caminhadas, medita\u00e7\u00e3o, exerc\u00edcios e outras atividades). Do cuidado coletivo,\u00a0do movimento de mulheres e do envelhecimento ativo e cidad\u00e3o. E tamb\u00e9m parceiras e parceiros na constru\u00e7\u00e3o de pol\u00edticas p\u00fablicas para uma cidade inclusiva para todas as idades.<\/p>\n<p>A todas, todos e todes, nossa gratid\u00e3o!<\/p>\n<p>Boas Festas!<\/p>\n<p><strong>Como adquirir o livro<\/strong><\/p>\n<p>&#8211; Se voc\u00ea mora em Bras\u00edlia, pode comprar o livro diretamente na Livraria e Cafeteria Sebinho, localizado na SCN 406, na Asa Norte.<\/p>\n<p>&#8211; Se voc\u00ea mora em outro lugar do pa\u00eds ou no exterior, pode comprar no site da Portal Edi\u00e7\u00f5es, (<a href=\"https:\/\/edicoes.portaldoenvelhecimento.com.br\/\">link aqui<\/a>).<\/p>\n<p>&#8211; Caso tenha alguma dificuldade em adquirir seu exemplar, entre em contato conosco.<\/p>\n","protected":false},"excerpt":{"rendered":"<p>Bras\u00edlia &#8211; No Coletivo Filhas da M\u00e3e vivemos fortes emo\u00e7\u00f5es durante o ano. Houve momentos de medo, luto e tristeza, mas tamb\u00e9m de alegria e esperan\u00e7a. Um desses momentos de alegria ocorreu na quinta-feira, 22 de dezembro, durante o lan\u00e7amento em Bras\u00edlia do livro &#8220;Filhas da M\u00e3e Com Muito Orgulho, Apesar da Pandemia e das Dem\u00eancias&#8221;, publicado pela Portal Edi\u00e7\u00f5es. [&hellip;]<\/p>\n","protected":false},"author":126,"featured_media":0,"comment_status":"open","ping_status":"open","sticky":false,"template":"","format":"standard","meta":{"footnotes":""},"categories":[11],"tags":[661,654,660,659],"class_list":["post-1331","post","type-post","status-publish","format-standard","hentry","category-cuidado-e-autocuidado","tag-lancamento-de-livro","tag-livro-filhas-da-mae-com-muito-orgulho","tag-portal-edicoes","tag-sebinho"],"_links":{"self":[{"href":"https:\/\/blogs.correiobraziliense.com.br\/coletivo-filhas-da-mae\/wp-json\/wp\/v2\/posts\/1331","targetHints":{"allow":["GET"]}}],"collection":[{"href":"https:\/\/blogs.correiobraziliense.com.br\/coletivo-filhas-da-mae\/wp-json\/wp\/v2\/posts"}],"about":[{"href":"https:\/\/blogs.correiobraziliense.com.br\/coletivo-filhas-da-mae\/wp-json\/wp\/v2\/types\/post"}],"author":[{"embeddable":true,"href":"https:\/\/blogs.correiobraziliense.com.br\/coletivo-filhas-da-mae\/wp-json\/wp\/v2\/users\/126"}],"replies":[{"embeddable":true,"href":"https:\/\/blogs.correiobraziliense.com.br\/coletivo-filhas-da-mae\/wp-json\/wp\/v2\/comments?post=1331"}],"version-history":[{"count":8,"href":"https:\/\/blogs.correiobraziliense.com.br\/coletivo-filhas-da-mae\/wp-json\/wp\/v2\/posts\/1331\/revisions"}],"predecessor-version":[{"id":1346,"href":"https:\/\/blogs.correiobraziliense.com.br\/coletivo-filhas-da-mae\/wp-json\/wp\/v2\/posts\/1331\/revisions\/1346"}],"wp:attachment":[{"href":"https:\/\/blogs.correiobraziliense.com.br\/coletivo-filhas-da-mae\/wp-json\/wp\/v2\/media?parent=1331"}],"wp:term":[{"taxonomy":"category","embeddable":true,"href":"https:\/\/blogs.correiobraziliense.com.br\/coletivo-filhas-da-mae\/wp-json\/wp\/v2\/categories?post=1331"},{"taxonomy":"post_tag","embeddable":true,"href":"https:\/\/blogs.correiobraziliense.com.br\/coletivo-filhas-da-mae\/wp-json\/wp\/v2\/tags?post=1331"}],"curies":[{"name":"wp","href":"https:\/\/api.w.org\/{rel}","templated":true}]}}