{"id":1277,"date":"2022-11-28T06:58:54","date_gmt":"2022-11-28T09:58:54","guid":{"rendered":"https:\/\/blogs.correiobraziliense.com.br\/coletivo-filhas-da-mae\/?p=1277"},"modified":"2022-11-28T07:53:17","modified_gmt":"2022-11-28T10:53:17","slug":"quando-a-violencia-bate-a-porta","status":"publish","type":"post","link":"https:\/\/blogs.correiobraziliense.com.br\/coletivo-filhas-da-mae\/2022\/11\/28\/quando-a-violencia-bate-a-porta\/","title":{"rendered":"Quando a Viol\u00eancia Bate \u00e0 Porta"},"content":{"rendered":"<p style=\"text-align: left\">Ana Castro &amp; Cosette Castro<\/p>\n<p>Bras\u00edlia &#8211; Desde sexta-feira o pa\u00eds est\u00e1 entristecido. Nas ruas, os coment\u00e1rios sobre futebol e a Copa se misturaram com sangue, morte e viol\u00eancia contra professoras, crian\u00e7as e adolescentes praticados em Aratuba, no Esp\u00edrito Santo.<\/p>\n<p>Vivemos em um pa\u00eds onde o uso de armas foi estimulado nos \u00faltimos quatro anos. Segundo o Anu\u00e1rio de Seguran\u00e7a P\u00fablica, h\u00e1 mais armas no arsenal dos brasileiros do que em institui\u00e7\u00f5es do Estado.<\/p>\n<p>Em 2018, havia no Brasil 117,4 mil registros ativos para ca\u00e7adores, atiradores e colecionadores (CACs). Em junho de 2022, esse n\u00famero chegou a 673,8 mil registros. Um aumento de 473%.<\/p>\n<p>O Anu\u00e1rio aponta que o Brasil tem 2,8 milh\u00f5es de\u00a0armas de fogo particulares regularizadas. Houve um aumento de 39% em rela\u00e7\u00e3o a 2020, quando o pa\u00eds registrava pouco mais de 2 milh\u00f5es de armamentos particulares.<\/p>\n<p>No total, h\u00e1 4,4 milh\u00f5es de armas de fogo em estoques particulares no pa\u00eds. Ou seja, a cada 3 armas de fogo registradas, 1 est\u00e1 em situa\u00e7\u00e3o irregular.<\/p>\n<p>Enquanto isso, em \u00f3rg\u00e3o p\u00fablicos, como as pol\u00edcias civis e militares, h\u00e1 384 mil armas. Isso significa que existem mais armas ( regulares ou irregulares) nas casas das pessoas do que em institui\u00e7\u00f5es do Estado.<\/p>\n<p><strong>Apologia \u00e0 Viol\u00eancia e Assassinatos<\/strong><\/p>\n<p>Os n\u00fameros em si levantados pelo Anu\u00e1rio n\u00e3o explicam o que ocorreu no Esp\u00edrito Santo na sexta-feira, dia 25. Mas ajudam a ter uma ideia das consequ\u00eancias do est\u00edmulo ao uso de armas e da apologia \u00e0 viol\u00eancia: a vida do outro deixa de ter valor.<\/p>\n<p>Um adolescente entrou armado (usando armas do pai) em 2 escolas da cidade de Aratuba com a ideia premeditada de matar professores, crian\u00e7as e adolescentes.<\/p>\n<p>Em casa, livros sobre Hitler. Na roupa de camuflagem, usada para n\u00e3o ser identificado, estava a su\u00e1stica nazista. Vale lembrar que no Brasil a apologia ao nazismo \u00e9 crime.<\/p>\n<p>Foram 12 tentativas de homic\u00eddio qualificado e 4 homic\u00eddios qualificados, todos com impossibilidade de defesa das v\u00edtimas. Outras 5 pessoas de diferentes idades se encontram hospitalizadas em estado grave.<\/p>\n<p>A escalada da viol\u00eancia no Brasil caminha lado a lado com o aumento do n\u00famero de armas. Com a amplia\u00e7\u00e3o do n\u00famero de clubes de tiros urbanos e rurais. Formam um circuito estimulado &#8211; pela omiss\u00e3o ou participa\u00e7\u00e3o &#8211; tanto por fam\u00edlias quanto por grupos de extrema direita, interessados na multiplica\u00e7\u00e3o de fake news nas redes sociais digitais.<\/p>\n<p>As fake news incentivam a intoler\u00e2ncia contra pessoas e institui\u00e7\u00f5es, como professores e escolas. E prop\u00f5em, em casos radicais, a resolu\u00e7\u00e3o de conflitos e diferen\u00e7as pela viol\u00eancia.<\/p>\n<p><strong>Sobre a Vida e o Futuro<\/strong><\/p>\n<p>N\u00f3s, do Coletivo Filhas da M\u00e3e, somos contra a viol\u00eancia, independente da forma com que se manifeste.<\/p>\n<p>N\u00e3o \u00e9 por acaso que insistimos no desenvolvimento de campanhas nacionais que incentivem a Cultura do Cuidado para todas as idades e a Educa\u00e7\u00e3o para os Sentimentos.<\/p>\n<p>Este \u00e9 um grande desafio para a equipe de transi\u00e7\u00e3o do novo governo.\u00a0 A Cultura do Cuidado perpassa todos os Minist\u00e9rios neste trabalho de reconstru\u00e7\u00e3o nacional de forma pac\u00edfica que inclua as diferentes necessidades do pa\u00eds.<br \/>\n<!--\/data\/user\/0\/com.samsung.android.app.notes\/files\/clipdata\/clipdata_bodytext_221128_075536_642.sdocx--><\/p>\n<p>&nbsp;<\/p>\n<p>&nbsp;<\/p>\n<p>Quando identificamos sentimentos como medo, tristeza ou raiva se torna mais claro aprender a lidar com eles. Reduz tamb\u00e9m o risco de culpar os outros por nossos pr\u00f3prios fantasmas e dificuldades.<\/p>\n","protected":false},"excerpt":{"rendered":"<p>Ana Castro &amp; Cosette Castro Bras\u00edlia &#8211; Desde sexta-feira o pa\u00eds est\u00e1 entristecido. Nas ruas, os coment\u00e1rios sobre futebol e a Copa se misturaram com sangue, morte e viol\u00eancia contra professoras, crian\u00e7as e adolescentes praticados em Aratuba, no Esp\u00edrito Santo. Vivemos em um pa\u00eds onde o uso de armas foi estimulado nos \u00faltimos quatro anos. Segundo o Anu\u00e1rio de Seguran\u00e7a [&hellip;]<\/p>\n","protected":false},"author":126,"featured_media":0,"comment_status":"open","ping_status":"open","sticky":false,"template":"","format":"standard","meta":{"footnotes":""},"categories":[11],"tags":[],"class_list":["post-1277","post","type-post","status-publish","format-standard","hentry","category-cuidado-e-autocuidado"],"_links":{"self":[{"href":"https:\/\/blogs.correiobraziliense.com.br\/coletivo-filhas-da-mae\/wp-json\/wp\/v2\/posts\/1277","targetHints":{"allow":["GET"]}}],"collection":[{"href":"https:\/\/blogs.correiobraziliense.com.br\/coletivo-filhas-da-mae\/wp-json\/wp\/v2\/posts"}],"about":[{"href":"https:\/\/blogs.correiobraziliense.com.br\/coletivo-filhas-da-mae\/wp-json\/wp\/v2\/types\/post"}],"author":[{"embeddable":true,"href":"https:\/\/blogs.correiobraziliense.com.br\/coletivo-filhas-da-mae\/wp-json\/wp\/v2\/users\/126"}],"replies":[{"embeddable":true,"href":"https:\/\/blogs.correiobraziliense.com.br\/coletivo-filhas-da-mae\/wp-json\/wp\/v2\/comments?post=1277"}],"version-history":[{"count":4,"href":"https:\/\/blogs.correiobraziliense.com.br\/coletivo-filhas-da-mae\/wp-json\/wp\/v2\/posts\/1277\/revisions"}],"predecessor-version":[{"id":1281,"href":"https:\/\/blogs.correiobraziliense.com.br\/coletivo-filhas-da-mae\/wp-json\/wp\/v2\/posts\/1277\/revisions\/1281"}],"wp:attachment":[{"href":"https:\/\/blogs.correiobraziliense.com.br\/coletivo-filhas-da-mae\/wp-json\/wp\/v2\/media?parent=1277"}],"wp:term":[{"taxonomy":"category","embeddable":true,"href":"https:\/\/blogs.correiobraziliense.com.br\/coletivo-filhas-da-mae\/wp-json\/wp\/v2\/categories?post=1277"},{"taxonomy":"post_tag","embeddable":true,"href":"https:\/\/blogs.correiobraziliense.com.br\/coletivo-filhas-da-mae\/wp-json\/wp\/v2\/tags?post=1277"}],"curies":[{"name":"wp","href":"https:\/\/api.w.org\/{rel}","templated":true}]}}