{"id":126,"date":"2021-04-09T07:00:30","date_gmt":"2021-04-09T10:00:30","guid":{"rendered":"https:\/\/blogs.correiobraziliense.com.br\/coletivo-filhas-da-mae\/?p=126"},"modified":"2021-04-09T08:30:46","modified_gmt":"2021-04-09T11:30:46","slug":"quanto-tempo-voce-dedica-para-si","status":"publish","type":"post","link":"https:\/\/blogs.correiobraziliense.com.br\/coletivo-filhas-da-mae\/2021\/04\/09\/quanto-tempo-voce-dedica-para-si\/","title":{"rendered":"Quanto Tempo Voc\u00ea dedica para Si"},"content":{"rendered":"<p><strong>Ana Castro &amp; Cosette Castro<\/strong><\/p>\n<p>Bras\u00edlia &#8211; Um dos maiores desafios de quem cuida \u00e9 encontrar tempo para si mesma. Mal d\u00e1 pra olhar no espelho e escovar os dentes e j\u00e1 come\u00e7am as demandas da pessoa enferma.<\/p>\n<p>Ent\u00e3o como encontrar tempo pra se cuidar?<\/p>\n<p>E pra ler, ent\u00e3o?<\/p>\n<p>Parece que quando entramos no mundo do Alzheimer e demais dem\u00eancias, \u00a0ficamos restritas a essa tem\u00e1tica. Como se o resto do mundo perdesse a dimens\u00e3o de sua grandeza e magnitude.<\/p>\n<p>Passamos a buscar livros, artigos e mat\u00e9rias de jornais e\u00a0 revistas (e tamb\u00e9m blogs) que\u00a0 tratem do assunto.<\/p>\n<p>De prefer\u00eancia, gratuitos. Em tempos de pandemia, damos vivas \u00e0\u00a0 internet e \u00e0 possibilidade de conseguirmos conte\u00fados gratuitos e, quando poss\u00edvel,\u00a0 de fazer compras <em>online<\/em>.<\/p>\n<p>Passamos a assistir, \u00e0s vezes compulsivamente, todas as <em>lives<\/em> poss\u00edveis. Sobre cuidados, fases da dem\u00eancia, rotinas, medica\u00e7\u00e3o, higiene, em uma overdose tem\u00e1tica que pode acabar por estressar mais do que ajudar.<\/p>\n<p><img loading=\"lazy\" decoding=\"async\" class=\"wp-image-140 aligncenter\" src=\"https:\/\/blogs.correiobraziliense.com.br\/coletivo-filhas-da-mae\/wp-content\/uploads\/sites\/60\/2021\/04\/celular1-225x300.jpeg\" alt=\"\" width=\"222\" height=\"296\" srcset=\"https:\/\/blogs.correiobraziliense.com.br\/coletivo-filhas-da-mae\/wp-content\/uploads\/sites\/60\/2021\/04\/celular1-225x300.jpeg 225w, https:\/\/blogs.correiobraziliense.com.br\/coletivo-filhas-da-mae\/wp-content\/uploads\/sites\/60\/2021\/04\/celular1-768x1024.jpeg 768w, https:\/\/blogs.correiobraziliense.com.br\/coletivo-filhas-da-mae\/wp-content\/uploads\/sites\/60\/2021\/04\/celular1-800x1067.jpeg 800w, https:\/\/blogs.correiobraziliense.com.br\/coletivo-filhas-da-mae\/wp-content\/uploads\/sites\/60\/2021\/04\/celular1-550x733.jpeg 550w, https:\/\/blogs.correiobraziliense.com.br\/coletivo-filhas-da-mae\/wp-content\/uploads\/sites\/60\/2021\/04\/celular1-230x307.jpeg 230w, https:\/\/blogs.correiobraziliense.com.br\/coletivo-filhas-da-mae\/wp-content\/uploads\/sites\/60\/2021\/04\/celular1.jpeg 960w\" sizes=\"auto, (max-width: 222px) 100vw, 222px\" \/><\/p>\n<p>Algumas cuidadoras sequer olham o rosto de quem\u00a0est\u00e1 participando, porque est\u00e3o \u00e0s voltas do familiar enfermo.\u00a0 Elas escutam as <em>lives <\/em>e \u00a0os debates virtuais, \u00a0transformando o celular\u00a0carregado no bolso da roupa em\u00a0 um radinho moderno, com acesso \u00e0 internet.<\/p>\n<p>Ou passam a escutar livros. \u00c0s vezes atrav\u00e9s de audiolivros. Outras, cap\u00edtulo a cap\u00edtulo recebidos em grupos do Whats App. \u00a0Grupos que n\u00e3o param de crescer desde 2020 quando come\u00e7ou o isolamento social.<\/p>\n<p>Ainda assim, \u00a0cada vez lemos menos sobre\u00a0 assuntos que \u00a0interessem apenas a n\u00f3s e a mais ningu\u00e9m.<\/p>\n<p>Voc\u00ea saberia dizer quanto tempo voc\u00ea dedica a si mesma cada dia? Fa\u00e7a os c\u00e1lculos.<\/p>\n<p>A cada texto lido; a cada <em>live<\/em>, v\u00eddeo ou debate que assiste, a cada programa de r\u00e1dio ou <em>podcast<\/em> que escuta, quantos s\u00e3o dedicados a voc\u00ea? Para o conhecimento pessoal, para o seu prazer, divertimento ou regojizo?<\/p>\n<p>Anote durante uma semana e veja o resultado incluindo\u00a0 buscas na internet, p\u00e1ginas visitadas no Facebook, Instagram, Twitter, grupos do Whats App,\u00a0\u00a0Canais no You Tube, canais de televis\u00e3o, programas de r\u00e1dios, podcasts ou audiolivros.\u00a0 Anote tamb\u00e9m o tempo m\u00e9dios\u00a0 gasto nessas m\u00eddias digitais. Preste aten\u00e7\u00e3o se procura mais coisas &#8220;da vida real&#8221;, informativas, cient\u00edficas,\u00a0 ou se abre espa\u00e7o para a fic\u00e7\u00e3o, para a arte, para o entretenimento e para o riso.<\/p>\n<p>Se o tempo que voc\u00ea gasta com voc\u00ea for menor do que o tempo que voc\u00ea dedica a outras pessoas ( fam\u00edlia, filhos, parentes enfermos, amigos ou mesmo trabalho), \u00a0talvez esteja na hora de repensar as suas escolhas e prioridades. Talvez seja hora de rever \u00a0a sua rotina e, principalmente, \u00a0 proteger a sua sa\u00fade mental.<\/p>\n<p>&nbsp;<\/p>\n<p>&nbsp;<\/p>\n<p>&nbsp;<\/p>\n","protected":false},"excerpt":{"rendered":"<p>Ana Castro &amp; Cosette Castro Bras\u00edlia &#8211; Um dos maiores desafios de quem cuida \u00e9 encontrar tempo para si mesma. Mal d\u00e1 pra olhar no espelho e escovar os dentes e j\u00e1 come\u00e7am as demandas da pessoa enferma. Ent\u00e3o como encontrar tempo pra se cuidar? E pra ler, ent\u00e3o? Parece que quando entramos no mundo do Alzheimer e demais dem\u00eancias, [&hellip;]<\/p>\n","protected":false},"author":126,"featured_media":0,"comment_status":"open","ping_status":"open","sticky":false,"template":"","format":"standard","meta":{"footnotes":""},"categories":[18,11,10],"tags":[8,3,2,20,21,7,76,75],"class_list":["post-126","post","type-post","status-publish","format-standard","hentry","category-alzheimer","category-cuidado-e-autocuidado","category-cuidadoras-familiares","tag-alzheimer","tag-autocuidado","tag-cuidado","tag-cuidadoras-familiares","tag-cuidadores-familiares","tag-demencias","tag-leitura","tag-tempo"],"_links":{"self":[{"href":"https:\/\/blogs.correiobraziliense.com.br\/coletivo-filhas-da-mae\/wp-json\/wp\/v2\/posts\/126","targetHints":{"allow":["GET"]}}],"collection":[{"href":"https:\/\/blogs.correiobraziliense.com.br\/coletivo-filhas-da-mae\/wp-json\/wp\/v2\/posts"}],"about":[{"href":"https:\/\/blogs.correiobraziliense.com.br\/coletivo-filhas-da-mae\/wp-json\/wp\/v2\/types\/post"}],"author":[{"embeddable":true,"href":"https:\/\/blogs.correiobraziliense.com.br\/coletivo-filhas-da-mae\/wp-json\/wp\/v2\/users\/126"}],"replies":[{"embeddable":true,"href":"https:\/\/blogs.correiobraziliense.com.br\/coletivo-filhas-da-mae\/wp-json\/wp\/v2\/comments?post=126"}],"version-history":[{"count":4,"href":"https:\/\/blogs.correiobraziliense.com.br\/coletivo-filhas-da-mae\/wp-json\/wp\/v2\/posts\/126\/revisions"}],"predecessor-version":[{"id":141,"href":"https:\/\/blogs.correiobraziliense.com.br\/coletivo-filhas-da-mae\/wp-json\/wp\/v2\/posts\/126\/revisions\/141"}],"wp:attachment":[{"href":"https:\/\/blogs.correiobraziliense.com.br\/coletivo-filhas-da-mae\/wp-json\/wp\/v2\/media?parent=126"}],"wp:term":[{"taxonomy":"category","embeddable":true,"href":"https:\/\/blogs.correiobraziliense.com.br\/coletivo-filhas-da-mae\/wp-json\/wp\/v2\/categories?post=126"},{"taxonomy":"post_tag","embeddable":true,"href":"https:\/\/blogs.correiobraziliense.com.br\/coletivo-filhas-da-mae\/wp-json\/wp\/v2\/tags?post=126"}],"curies":[{"name":"wp","href":"https:\/\/api.w.org\/{rel}","templated":true}]}}