{"id":1259,"date":"2022-11-18T08:26:08","date_gmt":"2022-11-18T11:26:08","guid":{"rendered":"https:\/\/blogs.correiobraziliense.com.br\/coletivo-filhas-da-mae\/?p=1259"},"modified":"2022-11-18T08:41:04","modified_gmt":"2022-11-18T11:41:04","slug":"o-cuidado-como-cultura","status":"publish","type":"post","link":"https:\/\/blogs.correiobraziliense.com.br\/coletivo-filhas-da-mae\/2022\/11\/18\/o-cuidado-como-cultura\/","title":{"rendered":"O Cuidado Como Cultura"},"content":{"rendered":"<p>Ana Castro &amp; Cosette Castro<\/p>\n<p>Bras\u00edlia &#8211; O final do ano representa algo mais do que um momento de festas. \u00c9 tempo de repensar a vida, fazer balan\u00e7o e se recriar.<\/p>\n<p>De um lado temos o Brasil, um pa\u00eds que vai come\u00e7ar 2023 com a esperan\u00e7a de tempos melhores. De outro, temos o Coletivo Filhas da M\u00e3e que vai completar 3 anos em dezembro fazendo balan\u00e7o.<\/p>\n<p>Da nossa parte, acreditamos que o Brasil precisa de cuidado. As brasileiras e brasileiros tamb\u00e9m.<\/p>\n<p>O cuidado, como conta o te\u00f3logo Leonardo Boff, pertence \u00e0 ess\u00eancia do humano e de toda a vida. Para o fil\u00f3sofo, &#8220;sem o cuidado adoecemos e morremos. Com cuidado, tudo \u00e9 protegido e dura muito mais.&#8221;<\/p>\n<p>A ideia de que &#8220;com cuidado, tudo \u00e9 protegido e dura muito mais&#8221; vale para o pa\u00eds e para a sociedade com seus diferentes grupos sociais. Vale para a natureza, seja a Amaz\u00f4nia ou o Cerrado. Vale para as diferentes gera\u00e7\u00f5es, da inf\u00e2ncia ao envelhecimento. Vale para n\u00f3s e para voc\u00ea.<\/p>\n<p>Levamos em conta que o cuidado n\u00e3o se restringe a dimens\u00e3o individual ou a apenas um projeto do Coletivo Filhas da M\u00e3e. Cuidado tem dimens\u00e3o estrutural e perpassa todas as \u00e1reas.<\/p>\n<p>O Brasil e sua popula\u00e7\u00e3o precisam de cuidado. Cuidado coletivo. Solid\u00e1rio. Que envolva uns aos outros. Em um grande e caloroso abra\u00e7o nacional que proteja contra diferentes tipos de viol\u00eancias e abandonos.<\/p>\n<p>Consideramos o direito a ser cuidado como um direito humano. E o direito a cuidar tamb\u00e9m. Mas o direito a cuidar e ser cuidada n\u00e3o cai do c\u00e9u. Precisa ser estimulado, como um cultivo, uma cultura, seja como pol\u00edtica p\u00fablica, seja no conv\u00edvio social e familiar.<\/p>\n<p>Como pensar uma cultura do cuidado que integre todas as idades, celebre todas as vidas? Inclusive aquelas que fogem do padr\u00e3o\u00a0 e se manifestam, por exemplo, em forma de corpos em envelhecimento, de dem\u00eancias ou outras enfermidades?<\/p>\n<p>Fizemos esta pergunta em 2022 no texto &#8220;Por uma Cultura do Cuidado&#8221;. O artigo foi publicado no Blog no m\u00eas de junho. Tamb\u00e9m escrevemos em agosto. E seguimos refletindo sobre o tema.<\/p>\n<p>Vivemos em um pa\u00eds que foi deixado de lado em plena pandemia. Segundo reportagem da BBC de final de 2021, em pesquisa realizada entre 98 pa\u00edses, o Brasil ficou em \u00faltimo lugar no enfrentamento ao Covid-19. Isso levando em conta o total de mortos, aplica\u00e7\u00e3o de vacinas, pol\u00edticas p\u00fablicas e testagem.<\/p>\n<p>E o governo federal segue deixando o Brasil de lado um m\u00eas antes do final do ano, as v\u00e9speras da Copa do Mundo. Os cientistas e pesquisadores\u00a0 anunciaram a chegada de uma nova variante da \u00f4microm, a BQ.1, que j\u00e1 vem causando mortes no pa\u00eds. Mas segue o sil\u00eancio e a falta de informa\u00e7\u00f5es oficiais.<\/p>\n<p>Como consequencia do descaso, do Covid-19, do medo e do luto, somos o pa\u00eds com maior preocupa\u00e7\u00e3o com a sa\u00fade mental e o que apresenta os maiores \u00edndices de depress\u00e3o e ansiedade.<\/p>\n<p>Em um pa\u00eds que segue abandonado no que diz respeito ao cuidado, \u00e0 sa\u00fade coletiva e \u00e0 educa\u00e7\u00e3o, pensar a cultura do cuidado \u00e9 urgente. Principalmente para construir um novo futuro em tempos de transi\u00e7\u00e3o.<\/p>\n<p>Uma cultura do cuidado n\u00e3o cai do c\u00e9u. Ainda mais em uma sociedade incentivada a encontrar solu\u00e7\u00f5es individualizadas para seus problemas. E onde pensar solidariamente ocorre pontualmente, em situa\u00e7\u00f5es extremas, como as cat\u00e1strofes. Ela\u00a0precisa urgentemente entrar na pauta nacional em 2023. Em diferentes n\u00edveis, no executivo, no legislativo e no judici\u00e1rio. E na sociedade tamb\u00e9m.<\/p>\n<p>A cultura do cuidado pressup\u00f5e, por exemplo, a corresponsabilidade do Estado em rela\u00e7\u00e3o \u00e0 preven\u00e7\u00e3o da sa\u00fade em diferentes idades.<\/p>\n<p>Nela, os mais fragilizados estar\u00e3o representados em todos espa\u00e7os sociais, na estrutura do Estado. E n\u00e3o somente em quadradinhos identit\u00e1rios que n\u00e3o dialoguem entre si.<\/p>\n<p>Uma cultura do cuidado inclui o autocuidado, incentivando as pessoas tamb\u00e9m a se responsabilizarem pelo cuidado de si mesmas.<\/p>\n<p>Ou seja, a ideia de cuidado \u00e9 composta de 50% do direito a ser cuidado (pelo Estado, pela comunidade, pela fam\u00edlia, pelos amigos). E 50% de autocuidado (cuidado de si), em um pa\u00eds que desconhece seus sentimentos, se informa mal e n\u00e3o costuma checar informa\u00e7\u00f5es.<\/p>\n<p>Como institui\u00e7\u00e3o em processo de ser formalizada, a miss\u00e3o do Coletivo Filhas da M\u00e3e \u00e9\u00a0 apoiar cuidadoras familiares, incentivando a preven\u00e7\u00e3o da sa\u00fade, valorizando o processo de envelhecimento e longevidade, cultivando o cuidado e o autocuidado. \u00c9 uma miss\u00e3o de f\u00f4lego. Convidamos voc\u00ea a participar conosco.<\/p>\n<p>PS: A Roche anunciou esta semana que os resultados dos estudos da terceira fase sobre uso de gantenerumabe n\u00e3o foram os esperados. A expectativa era que a mol\u00e9cula apresentasse resultados positivos para as pessoas que est\u00e3o na fase de Decl\u00ednio Congnitivo Leve da Doen\u00e7a de Alzheimer.\u00a0 (<a href=\"https:\/\/www.linkedin.com\/posts\/julianabenevides_doencadealzheimer-alzheimerdisease-demencia-activity-6999114585706258432-P9lM?utm_source=share&amp;utm_medium=member_ios\">link aqui)<\/a><\/p>\n<p>&nbsp;<\/p>\n","protected":false},"excerpt":{"rendered":"<p>Ana Castro &amp; Cosette Castro Bras\u00edlia &#8211; O final do ano representa algo mais do que um momento de festas. \u00c9 tempo de repensar a vida, fazer balan\u00e7o e se recriar. De um lado temos o Brasil, um pa\u00eds que vai come\u00e7ar 2023 com a esperan\u00e7a de tempos melhores. De outro, temos o Coletivo Filhas da M\u00e3e que vai completar [&hellip;]<\/p>\n","protected":false},"author":126,"featured_media":0,"comment_status":"open","ping_status":"open","sticky":false,"template":"","format":"standard","meta":{"footnotes":""},"categories":[11],"tags":[8,622,68,119,453,499,623,621,624],"class_list":["post-1259","post","type-post","status-publish","format-standard","hentry","category-cuidado-e-autocuidado","tag-alzheimer","tag-bq-1","tag-covid-19","tag-cuidado-e-autocuidado","tag-cultura-do-cuidado","tag-demencia","tag-gantenerumabe","tag-omicrom","tag-roche"],"_links":{"self":[{"href":"https:\/\/blogs.correiobraziliense.com.br\/coletivo-filhas-da-mae\/wp-json\/wp\/v2\/posts\/1259","targetHints":{"allow":["GET"]}}],"collection":[{"href":"https:\/\/blogs.correiobraziliense.com.br\/coletivo-filhas-da-mae\/wp-json\/wp\/v2\/posts"}],"about":[{"href":"https:\/\/blogs.correiobraziliense.com.br\/coletivo-filhas-da-mae\/wp-json\/wp\/v2\/types\/post"}],"author":[{"embeddable":true,"href":"https:\/\/blogs.correiobraziliense.com.br\/coletivo-filhas-da-mae\/wp-json\/wp\/v2\/users\/126"}],"replies":[{"embeddable":true,"href":"https:\/\/blogs.correiobraziliense.com.br\/coletivo-filhas-da-mae\/wp-json\/wp\/v2\/comments?post=1259"}],"version-history":[{"count":5,"href":"https:\/\/blogs.correiobraziliense.com.br\/coletivo-filhas-da-mae\/wp-json\/wp\/v2\/posts\/1259\/revisions"}],"predecessor-version":[{"id":1265,"href":"https:\/\/blogs.correiobraziliense.com.br\/coletivo-filhas-da-mae\/wp-json\/wp\/v2\/posts\/1259\/revisions\/1265"}],"wp:attachment":[{"href":"https:\/\/blogs.correiobraziliense.com.br\/coletivo-filhas-da-mae\/wp-json\/wp\/v2\/media?parent=1259"}],"wp:term":[{"taxonomy":"category","embeddable":true,"href":"https:\/\/blogs.correiobraziliense.com.br\/coletivo-filhas-da-mae\/wp-json\/wp\/v2\/categories?post=1259"},{"taxonomy":"post_tag","embeddable":true,"href":"https:\/\/blogs.correiobraziliense.com.br\/coletivo-filhas-da-mae\/wp-json\/wp\/v2\/tags?post=1259"}],"curies":[{"name":"wp","href":"https:\/\/api.w.org\/{rel}","templated":true}]}}