{"id":1256,"date":"2022-11-14T07:00:02","date_gmt":"2022-11-14T10:00:02","guid":{"rendered":"https:\/\/blogs.correiobraziliense.com.br\/coletivo-filhas-da-mae\/?p=1256"},"modified":"2022-11-14T06:16:02","modified_gmt":"2022-11-14T09:16:02","slug":"sobre-despedidas","status":"publish","type":"post","link":"https:\/\/blogs.correiobraziliense.com.br\/coletivo-filhas-da-mae\/2022\/11\/14\/sobre-despedidas\/","title":{"rendered":"Sobre Despedidas"},"content":{"rendered":"<p>Ana Castro &amp; Cosette Castro<\/p>\n<p>Bras\u00edlia &#8211; A semana foi marcada por despedidas musicais. Ainda estamos emocionadas, escutando m\u00fasicas que marcaram nossa trajet\u00f3ria.<\/p>\n<p>Algumas despedidas nos tomaram de susto. Como as de Gal Costa e Rolando Boldrin, que foram fazer arte em outra dimens\u00e3o, na mesma quarta-feira, dia 9 de novembro. Ela aos 77 anos. Ele aos 86.<\/p>\n<p>Outras despedidas nos tomaram de emo\u00e7\u00e3o, como o show que marcou o fim da carreira musical de Milton Nascimento no domingo, 13 de novembro.<\/p>\n<p>Foram 60 anos de atividade musical. Mas como na vida, o espet\u00e1culo que durou 2h30 minutos, tamb\u00e9m acabou.<\/p>\n<p>As cerca de 70 mil pessoas que lotaram o Mineir\u00e3o vieram de todo o pa\u00eds. E assim como n\u00f3s, que assistimos pela Globo Play, elas agradeceram e renovaram seu amor pela grandeza e genialidade de Milton Nascimento, o Bituca.<\/p>\n<p>O espet\u00e1culo &#8220;A \u00daltima Sess\u00e3o de M\u00fasica&#8221; come\u00e7ou homenageando Gal Costa, o que aumentou o n\u00edvel de emo\u00e7\u00e3o da noite.<\/p>\n<p>Havia pessoas de todas as idades. Pa\u00eds e m\u00e3es com filhos. Netos e netas que cresceram escutando os artistas favoritos das av\u00f3s. Jovens desacompanhadas ou em grupo. Casais. E tamb\u00e9m as av\u00f3s e av\u00f4s que foram se despedir de Milton Nascimento.<\/p>\n<p>N\u00e3o era poss\u00edvel escutar a voz com timbre \u00fanico, mas isso n\u00e3o era o mais importante da noite. Milton estava l\u00e1. Homenageou os amigos do Clube da Esquina e outros, como Samuel Rosa, da banda Scank. E homenageou o p\u00fablico.<\/p>\n<p>N\u00f3s, p\u00fablico presencial ou virtual, pudemos nos despedir do artista. E ainda poderemos seguir escutando suas m\u00fasicas, assistir os v\u00eddeos. E at\u00e9 rever os 5 pr\u00eamios grammy que ele recebeu durante a carreira.<\/p>\n<p>Despedidas em vida, quando n\u00e3o h\u00e1 perda cognitiva ou de mem\u00f3ria, ajudam a lidar com as mudan\u00e7as (ou perdas). Facilitam a dor do afastamento.<\/p>\n<p>\u00c9 algo bem diferente das despedidas em vida quando um familiar tem dem\u00eancia. Estas s\u00e3o despedidas cotidianas, repetitivas, unilaterais. S\u00f3 uma pessoa t\u00eam mem\u00f3ria, guarda as lembran\u00e7as e tem no\u00e7\u00e3o da perda em vida.<\/p>\n<p>N\u00e3o \u00e9 f\u00e1cil, mas muitas pessoas que cuidam fazem isso diariamente. As vezes por at\u00e9 20 anos, apesar da dor e do peso.<\/p>\n<p>Outro tipo de despedida dif\u00edcil \u00e9 aquela que nos pega de surpresa. D\u00e1 uma sensa\u00e7\u00e3o de abandono, misturada com tristeza e raiva quando algu\u00e9m parte de repente.<\/p>\n<p>H\u00e1 tamb\u00e9m a sensa\u00e7\u00e3o de impot\u00eancia quando n\u00e3o podemos fazer nada, al\u00e9m de escutar a not\u00edcia, tenta entender e acreditar. E seguir em frente, apesar do luto.<\/p>\n<p>Quando uma artista marcante nos deixa, como Gal Costa, tamb\u00e9m h\u00e1 sensa\u00e7\u00e3o de abandono. Afinal, suas can\u00e7\u00f5es vinham embalando nossas gera\u00e7\u00f5es desde a juventude.<\/p>\n<p>Automaticamente lembramos da nossa pr\u00f3pria finitude. Tema que costumamos varrer pra debaixo do tapete, fazendo de conta que somos eternas. At\u00e9 que comece a transbordar. Esse &#8220;transbordamento&#8221; pode contribuir para pensar nas nossas pr\u00f3prias fragilidades.<\/p>\n<p>Em alguns casos, impulsiona a celebrar a vida diariamente, sem postergar ou deixar pra depois. A vida \u00e9 imperman\u00eancia. Pode n\u00e3o haver depois.<\/p>\n<p>PS: N\u00e3o comentamos sobre Rolando Boldrin, m\u00fasico, ator e apresentador, cujos programas de televis\u00e3o contribu\u00edram para revelar e valorizar a diversidade cultural brasileira.<\/p>\n","protected":false},"excerpt":{"rendered":"<p>Ana Castro &amp; Cosette Castro Bras\u00edlia &#8211; A semana foi marcada por despedidas musicais. Ainda estamos emocionadas, escutando m\u00fasicas que marcaram nossa trajet\u00f3ria. Algumas despedidas nos tomaram de susto. Como as de Gal Costa e Rolando Boldrin, que foram fazer arte em outra dimens\u00e3o, na mesma quarta-feira, dia 9 de novembro. Ela aos 77 anos. Ele aos 86. Outras despedidas [&hellip;]<\/p>\n","protected":false},"author":126,"featured_media":0,"comment_status":"open","ping_status":"open","sticky":false,"template":"","format":"standard","meta":{"footnotes":""},"categories":[11],"tags":[617,619,7,353,620,615,614,616,618],"class_list":["post-1256","post","type-post","status-publish","format-standard","hentry","category-cuidado-e-autocuidado","tag-a-ultima-sessao-de-musica","tag-bituca","tag-demencias","tag-despedida","tag-finitude","tag-gal-costa","tag-milton-nascimento","tag-rolando-boldrin","tag-samuel-rosa"],"_links":{"self":[{"href":"https:\/\/blogs.correiobraziliense.com.br\/coletivo-filhas-da-mae\/wp-json\/wp\/v2\/posts\/1256","targetHints":{"allow":["GET"]}}],"collection":[{"href":"https:\/\/blogs.correiobraziliense.com.br\/coletivo-filhas-da-mae\/wp-json\/wp\/v2\/posts"}],"about":[{"href":"https:\/\/blogs.correiobraziliense.com.br\/coletivo-filhas-da-mae\/wp-json\/wp\/v2\/types\/post"}],"author":[{"embeddable":true,"href":"https:\/\/blogs.correiobraziliense.com.br\/coletivo-filhas-da-mae\/wp-json\/wp\/v2\/users\/126"}],"replies":[{"embeddable":true,"href":"https:\/\/blogs.correiobraziliense.com.br\/coletivo-filhas-da-mae\/wp-json\/wp\/v2\/comments?post=1256"}],"version-history":[{"count":1,"href":"https:\/\/blogs.correiobraziliense.com.br\/coletivo-filhas-da-mae\/wp-json\/wp\/v2\/posts\/1256\/revisions"}],"predecessor-version":[{"id":1257,"href":"https:\/\/blogs.correiobraziliense.com.br\/coletivo-filhas-da-mae\/wp-json\/wp\/v2\/posts\/1256\/revisions\/1257"}],"wp:attachment":[{"href":"https:\/\/blogs.correiobraziliense.com.br\/coletivo-filhas-da-mae\/wp-json\/wp\/v2\/media?parent=1256"}],"wp:term":[{"taxonomy":"category","embeddable":true,"href":"https:\/\/blogs.correiobraziliense.com.br\/coletivo-filhas-da-mae\/wp-json\/wp\/v2\/categories?post=1256"},{"taxonomy":"post_tag","embeddable":true,"href":"https:\/\/blogs.correiobraziliense.com.br\/coletivo-filhas-da-mae\/wp-json\/wp\/v2\/tags?post=1256"}],"curies":[{"name":"wp","href":"https:\/\/api.w.org\/{rel}","templated":true}]}}