{"id":1253,"date":"2022-11-11T07:52:13","date_gmt":"2022-11-11T10:52:13","guid":{"rendered":"https:\/\/blogs.correiobraziliense.com.br\/coletivo-filhas-da-mae\/?p=1253"},"modified":"2022-11-11T07:52:13","modified_gmt":"2022-11-11T10:52:13","slug":"tres-anos-e-aqui-estamos-nos","status":"publish","type":"post","link":"https:\/\/blogs.correiobraziliense.com.br\/coletivo-filhas-da-mae\/2022\/11\/11\/tres-anos-e-aqui-estamos-nos\/","title":{"rendered":"Tr\u00eas Anos e Aqui Estamos N\u00f3s"},"content":{"rendered":"<p>Ana Castro &amp; Cosette Castro<\/p>\n<p>Bras\u00edlia &#8211; Falta pouco mais de um m\u00eas para o Coletivo Filhas da M\u00e3e completar 3 anos. E j\u00e1 estamos pensando nas comemora\u00e7\u00f5es.<\/p>\n<p>O lan\u00e7amento de um livro em dezembro \u00e9 um bom come\u00e7o pra olhar o trabalho que o Coletivo vem realizando no Blog do Correio Braziliense.<\/p>\n<p>A obra, uma sele\u00e7\u00e3o de textos publicados durante o primeiro ano de exist\u00eancia do Blog, foi dividida em quatro sess\u00f5es tem\u00e1ticas. S\u00e3o elas: pol\u00edticas p\u00fablicas, envelhecimento, cuidado e autocuidado e dem\u00eancias.<\/p>\n<p>Editado pelo Portal do Envelhecimento, o livro vai se chamar &#8221; Filhas da M\u00e3e com Muito Orgulho, Apesar da Pandemia e da Dem\u00eancia&#8221;. Em breve anunciaremos a data de lan\u00e7amento em Bras\u00edlia.<\/p>\n<p>Em dezembro teremos uma convidada especial de anivers\u00e1rio no programa Terceiras Inten\u00e7\u00f5es: a psic\u00f3loga Maria Cristina Hoffman, Coordenadora de Sa\u00fade da Pessoa Idosa do Minist\u00e9rio da Sa\u00fade.<\/p>\n<p>No dia 20 de dezembro ela vai comentar a pesquisa nacional sobre Alzheimer que est\u00e1 sendo realizada pelo Minist\u00e9rio da Sa\u00fade.<\/p>\n<p>Antes disso, ainda em novembro, no dia 22, nossa convidada para o programa Terceiras Inten\u00e7\u00f5es ser\u00e1 a professora Nat\u00e1lia Horta, da UFMG.<\/p>\n<p>A pesquisadora vai conversar das 19 \u00e0s 20h ao vivo pelo canal do YouTube (acesse Filhas da M\u00e3e Coletivo) com a apresentadora Ana Castro. O tema: os desafios do envelhecimento e as rela\u00e7\u00f5es intergeracionais.<\/p>\n<p><strong>PESQUISA<\/strong><\/p>\n<p>Nesta segunda semana de novembro, a empresa farmac\u00eautica Roche e a Associa\u00e7\u00e3o Internacional de Alzheimer lan\u00e7aram a pesquisa internacional Retratos do Cuidado voltada para pessoas que cuidam.<\/p>\n<p>O estudo inclui quatro pa\u00edses, entre eles o Brasil. No pa\u00eds, a pesquisa tem apoio da Federa\u00e7\u00e3o Brasileira das Associa\u00e7\u00f5es de Alzheimer (Febraz) e ser\u00e1 executada pela Universidade Estadual de Londrina (UEL).<\/p>\n<p>Conhe\u00e7a mais detalhes sobre a pesquisa a partir do material divulgado pela Febraz e participe online:<\/p>\n<p>&#8220;Convidamos cuidadores de todo o Brasil para participar do estudo Retratos do Cuidado, da Universidade de Westminster (Inglaterra) em parceria com a Alzheimer&#8217;s Disease International (ADI).<\/p>\n<p>A pesquisa busca entender como a COVID-19 vem afetando o cotidiano das pessoas que oferecem cuidados n\u00e3o remunerados para um familiar que vive com a doen\u00e7a de Alzheimer.<\/p>\n<p>O estudo Retratos do cuidado est\u00e1 sendo desenvolvido, no Brasil, pela Universidade Estadual de Londrina (UEL\/Paran\u00e1), com apoio da Febraz.<\/p>\n<p>A coordena\u00e7\u00e3o \u00e9 da Universidade de Westminster em parceria com a ADI. O financiamento \u00e9 da Roche.<\/p>\n<p>O question\u00e1rio leva de 10 a 15 minutos para ser respondido e est\u00e1 dispon\u00edvel no link<br \/>\nhttps:\/\/bit.ly\/retratosdocuidado &#8220;. <a href=\"https:\/\/bit.ly\/retratosdocuidado\">Acesse aqui<\/a>.<\/p>\n<p><strong>DICA<\/strong><\/p>\n<p>Ainda em novembro haver\u00e1 o workshop A Morte em Paz coordenado pela m\u00e9dica Ana Cla\u00fadia Quintana Arantes. O curso on line e gratuito vai ocorrer nos dias 16, 17 e 18 de novembro.<\/p>\n<p>Durante o workshop, a m\u00e9dica vai falar sobre como trazer paz e conforto tanto para a pessoa que est\u00e1 morrendo, como tamb\u00e9m para a fam\u00edlia e para si mesma.\u00a0<a href=\"https:\/\/m.facebook.com\/100070047362360\/posts\/5508110335967516\/?sfnsn=wiwspwa\">Inscri\u00e7\u00f5es aqui.<\/a><\/p>\n<p>O interesse por pesquisas e estudos sobre o cuidado e finitude avan\u00e7am e s\u00e3o indispens\u00e1veis para pol\u00edticas p\u00fablicas e servi\u00e7os capazes de garantir mais qualidade de vida a quem cuida e para quem \u00e9 cuidado.<\/p>\n","protected":false},"excerpt":{"rendered":"<p>Ana Castro &amp; Cosette Castro Bras\u00edlia &#8211; Falta pouco mais de um m\u00eas para o Coletivo Filhas da M\u00e3e completar 3 anos. E j\u00e1 estamos pensando nas comemora\u00e7\u00f5es. O lan\u00e7amento de um livro em dezembro \u00e9 um bom come\u00e7o pra olhar o trabalho que o Coletivo vem realizando no Blog do Correio Braziliense. A obra, uma sele\u00e7\u00e3o de textos publicados [&hellip;]<\/p>\n","protected":false},"author":126,"featured_media":0,"comment_status":"open","ping_status":"open","sticky":false,"template":"","format":"standard","meta":{"footnotes":""},"categories":[18],"tags":[598,611,613,119,285,612,604,357,569,609,608,607,570,605,606,610],"class_list":["post-1253","post","type-post","status-publish","format-standard","hentry","category-alzheimer","tag-ana-claudia-arantes","tag-aniversario-3-anos","tag-apesar-da-pandemia-e-da-demencia","tag-cuidado-e-autocuidado","tag-febraz","tag-filhas-da-mae-com-muito-orgulho","tag-maria-cristina-hoffman","tag-ministerio-da-saude","tag-natalia-horta","tag-portal-do-envelhecimento","tag-retratos-do-cuidado","tag-uel","tag-ufmg","tag-universidade-de-westiminster","tag-universidade-estadual-de-londrina","tag-workshop-a-morte-em-paz"],"_links":{"self":[{"href":"https:\/\/blogs.correiobraziliense.com.br\/coletivo-filhas-da-mae\/wp-json\/wp\/v2\/posts\/1253","targetHints":{"allow":["GET"]}}],"collection":[{"href":"https:\/\/blogs.correiobraziliense.com.br\/coletivo-filhas-da-mae\/wp-json\/wp\/v2\/posts"}],"about":[{"href":"https:\/\/blogs.correiobraziliense.com.br\/coletivo-filhas-da-mae\/wp-json\/wp\/v2\/types\/post"}],"author":[{"embeddable":true,"href":"https:\/\/blogs.correiobraziliense.com.br\/coletivo-filhas-da-mae\/wp-json\/wp\/v2\/users\/126"}],"replies":[{"embeddable":true,"href":"https:\/\/blogs.correiobraziliense.com.br\/coletivo-filhas-da-mae\/wp-json\/wp\/v2\/comments?post=1253"}],"version-history":[{"count":1,"href":"https:\/\/blogs.correiobraziliense.com.br\/coletivo-filhas-da-mae\/wp-json\/wp\/v2\/posts\/1253\/revisions"}],"predecessor-version":[{"id":1254,"href":"https:\/\/blogs.correiobraziliense.com.br\/coletivo-filhas-da-mae\/wp-json\/wp\/v2\/posts\/1253\/revisions\/1254"}],"wp:attachment":[{"href":"https:\/\/blogs.correiobraziliense.com.br\/coletivo-filhas-da-mae\/wp-json\/wp\/v2\/media?parent=1253"}],"wp:term":[{"taxonomy":"category","embeddable":true,"href":"https:\/\/blogs.correiobraziliense.com.br\/coletivo-filhas-da-mae\/wp-json\/wp\/v2\/categories?post=1253"},{"taxonomy":"post_tag","embeddable":true,"href":"https:\/\/blogs.correiobraziliense.com.br\/coletivo-filhas-da-mae\/wp-json\/wp\/v2\/tags?post=1253"}],"curies":[{"name":"wp","href":"https:\/\/api.w.org\/{rel}","templated":true}]}}