{"id":1204,"date":"2022-10-17T07:00:25","date_gmt":"2022-10-17T10:00:25","guid":{"rendered":"https:\/\/blogs.correiobraziliense.com.br\/coletivo-filhas-da-mae\/?p=1204"},"modified":"2022-10-16T20:58:49","modified_gmt":"2022-10-16T23:58:49","slug":"preconceito-e-retrocesso","status":"publish","type":"post","link":"https:\/\/blogs.correiobraziliense.com.br\/coletivo-filhas-da-mae\/2022\/10\/17\/preconceito-e-retrocesso\/","title":{"rendered":"Preconceito e Retrocesso"},"content":{"rendered":"<p>Ana Castro &amp; Cosette Castro<\/p>\n<p>Bras\u00edlia &#8211; Na \u00faltima sexta-feira o Conselho Federal de Medicina (CFM), publicou resolu\u00e7\u00e3o proibindo o uso do canabidiol. A decis\u00e3o afeta diretamente m\u00e9dicos e milhares de pessoas todo o pa\u00eds, assim como suas fam\u00edlias.<\/p>\n<p>O canabidiol (CBD) \u00e9 uma subst\u00e2ncia extra\u00edda da cannabis sativa, popularmente conhecida como maconha. Diferente da maconha, o\u00a0 (CBD) \u00e9 utilizado exclusivamente para fins medicinais.<\/p>\n<p>Em 2016 a\u00a0Ag\u00eancia Nacional de Vigil\u00e2ncia\u00a0Sanit\u00e1ria (Anvisa) aprovou norma que permite o registro de produtos \u00e0 base de canabidiol. Desde ent\u00e3o, milhares de pacientes v\u00eam sendo beneficiados com o tratamento a base da subst\u00e2ncia, melhorando a qualidade de vida.<\/p>\n<p><strong>Para Entender a Resolu\u00e7\u00e3o<\/strong><\/p>\n<p>A <a href=\"https:\/\/www.in.gov.br\/en\/web\/dou\/-\/resolucao-cfm-n-2.324-de-11-de-outubro-de-2022-435843700\">resolu\u00e7\u00e3o do Conselho Federal de Medicina n\u00ba 2.324<\/a>, de 11\/10\/22 pro\u00edbe m\u00e9dicos de receitarem\u00a0medicamentos \u00e0 base de canabidiol.<\/p>\n<p>A exce\u00e7\u00e3o s\u00e3o quadros de\u00a0epilepsia refrat\u00e1ria em crian\u00e7as e adolescentes.\u00a0E os tratamentos para pacientes com S\u00edndrome de Dravet, Lennox-Gastaut ou\u00a0Complexo de Esclerose Tuberosa.\u00a0Ou quando houver estudos cl\u00ednicos autorizados pelo Sistema formado pela Comiss\u00e3o Nacional de \u00c9tica em Pesquisa e Conselhos de \u00c9tica em Pesquisa (CEP\/Conep).<\/p>\n<p>A decis\u00e3o \u00e9 oposta \u00e0 resolu\u00e7\u00e3o de oito anos atr\u00e1s do Conselho. A decis\u00e3o anterior mantinha um quadro muito maior de assist\u00eancia a pacientes que utilizam canabidiol.<\/p>\n<p>Em 2014, estavam nesta lista os tratamentos de Alzheimer, Parkinson, esclerose m\u00faltipla, entre outras doen\u00e7as.<\/p>\n<p>O canabidiol tamb\u00e9m tem apresentado resultados positivos na melhora da qualidade de vida de pessoas com transtorno do espectro autista (TEA), de pacientes com fibromialgia e de quem sofre de ins\u00f4nia.<\/p>\n<p>A partir da resolu\u00e7\u00e3o do CFM, os m\u00e9dicos foram proibidos de prescrever a medica\u00e7\u00e3o, de ministrar palestras e cursos sobre canabidiol fora do ambiente cient\u00edfico.\u00a0Isso significa que o tema pode ser tratado apenas entre m\u00e9dicos, deixando familiares, pacientes e popula\u00e7\u00e3o em geral a margem das informa\u00e7\u00f5es.<\/p>\n<p>A decis\u00e3o vai na contram\u00e3o do relat\u00f3rio de 2018 da Organiza\u00e7\u00e3o Mundial da Sa\u00fade (OMS) que reconhece os efeitos medicinais do canabidiol no relat\u00f3rio Critical Review Report (CRR).<\/p>\n<p><strong>O Outro Lado<\/strong><\/p>\n<p>Em resposta ao CFM, a Associa\u00e7\u00e3o Brasileira de Estudos da Cannabis Sativa (SBEC), publicou carta defendendo o uso da canabis medicinal. A Associa\u00e7\u00e3o prop\u00f5e ainda a retirada da resolu\u00e7\u00e3o apresentada pelo Conselho Federal de Medicina.<\/p>\n<p>Segundo a SBEC, a resolu\u00e7\u00e3o do Conselho fere os princ\u00edpios fundamentais do c\u00f3digo de \u00e9tica m\u00e9dica relativos aos artigos V, VI, VII, VIII, al\u00e9m do Artigo 6o. da Constitui\u00e7\u00e3o Federal.<\/p>\n<p>A SBEC lembra as recentes resolu\u00e7\u00f5es do <a href=\"https:\/\/www.in.gov.br\/en\/web\/dou\/-\/resolucao-cfm-n-2.324-de-11-de-outubro-de-2022-435843700\">Conselho Federal de Odontologia (CFO)<\/a> e da Anvisa que apoiam a prescri\u00e7\u00e3o para profissionais legalmente habilitados para doen\u00e7as cr\u00f4nicas e intrat\u00e1veis, com a anu\u00eancia para o uso compassivo.<\/p>\n<p>No fim de semana, a SBEC lan\u00e7ou um abaixo-assinado convidando a popula\u00e7\u00e3o a se posicionar sobre o uso do canabidiol para diferentes casos, como\u00a0 ocorria at\u00e9 outubro deste ano. At\u00e9 \u00e0s 20h\u00a0deste domingo, 48 mil pessoas j\u00e1 haviam assinado o documento (<a href=\"https:\/\/www.change.org\/p\/direito-%C3%A0-prescri%C3%A7%C3%A3o-e-ao-acesso-aos-medicamentos-de-cannabis-sativa?recruiter=1280473654&amp;recruited_by_id=b0d46120-4c95-11ed-864c-4b1fa1e930f6&amp;utm_source=share_petition&amp;utm_campaign=share_for_starters_page&amp;utm_medium=copylink\">dispon\u00edvel aqui<\/a>).<\/p>\n<p>Em Tempo1: Durante a pandemia o Conselho Federal de Medicina n\u00e3o considerou anti\u00e9tica a prescri\u00e7\u00e3o da cloroquina, medicamento que comprovadamente n\u00e3o cura a Covid-19, indo contra a\u00a0 <a href=\"https:\/\/conselho.saude.gov.br\/recomendacoes-cns\/1193-recomendacao-n-042-de-22-de-maio-de-2020\">recomenda\u00e7\u00e3o no. 42 de 22\/05\/20<\/a>\u00a0do Conselho Nacional de Sa\u00fade (CNS).<\/p>\n","protected":false},"excerpt":{"rendered":"<p>Ana Castro &amp; Cosette Castro Bras\u00edlia &#8211; Na \u00faltima sexta-feira o Conselho Federal de Medicina (CFM), publicou resolu\u00e7\u00e3o proibindo o uso do canabidiol. A decis\u00e3o afeta diretamente m\u00e9dicos e milhares de pessoas todo o pa\u00eds, assim como suas fam\u00edlias. O canabidiol (CBD) \u00e9 uma subst\u00e2ncia extra\u00edda da cannabis sativa, popularmente conhecida como maconha. Diferente da maconha, o\u00a0 (CBD) \u00e9 utilizado [&hellip;]<\/p>\n","protected":false},"author":126,"featured_media":0,"comment_status":"open","ping_status":"open","sticky":false,"template":"","format":"standard","meta":{"footnotes":""},"categories":[35],"tags":[585,488,584,582,583],"class_list":["post-1204","post","type-post","status-publish","format-standard","hentry","category-cuidado","tag-anvisa","tag-canabidiol","tag-cfm","tag-conselho-nacional-de-saude","tag-sbec"],"_links":{"self":[{"href":"https:\/\/blogs.correiobraziliense.com.br\/coletivo-filhas-da-mae\/wp-json\/wp\/v2\/posts\/1204","targetHints":{"allow":["GET"]}}],"collection":[{"href":"https:\/\/blogs.correiobraziliense.com.br\/coletivo-filhas-da-mae\/wp-json\/wp\/v2\/posts"}],"about":[{"href":"https:\/\/blogs.correiobraziliense.com.br\/coletivo-filhas-da-mae\/wp-json\/wp\/v2\/types\/post"}],"author":[{"embeddable":true,"href":"https:\/\/blogs.correiobraziliense.com.br\/coletivo-filhas-da-mae\/wp-json\/wp\/v2\/users\/126"}],"replies":[{"embeddable":true,"href":"https:\/\/blogs.correiobraziliense.com.br\/coletivo-filhas-da-mae\/wp-json\/wp\/v2\/comments?post=1204"}],"version-history":[{"count":3,"href":"https:\/\/blogs.correiobraziliense.com.br\/coletivo-filhas-da-mae\/wp-json\/wp\/v2\/posts\/1204\/revisions"}],"predecessor-version":[{"id":1207,"href":"https:\/\/blogs.correiobraziliense.com.br\/coletivo-filhas-da-mae\/wp-json\/wp\/v2\/posts\/1204\/revisions\/1207"}],"wp:attachment":[{"href":"https:\/\/blogs.correiobraziliense.com.br\/coletivo-filhas-da-mae\/wp-json\/wp\/v2\/media?parent=1204"}],"wp:term":[{"taxonomy":"category","embeddable":true,"href":"https:\/\/blogs.correiobraziliense.com.br\/coletivo-filhas-da-mae\/wp-json\/wp\/v2\/categories?post=1204"},{"taxonomy":"post_tag","embeddable":true,"href":"https:\/\/blogs.correiobraziliense.com.br\/coletivo-filhas-da-mae\/wp-json\/wp\/v2\/tags?post=1204"}],"curies":[{"name":"wp","href":"https:\/\/api.w.org\/{rel}","templated":true}]}}