{"id":1188,"date":"2022-10-10T07:00:06","date_gmt":"2022-10-10T10:00:06","guid":{"rendered":"https:\/\/blogs.correiobraziliense.com.br\/coletivo-filhas-da-mae\/?p=1188"},"modified":"2022-10-10T08:29:40","modified_gmt":"2022-10-10T11:29:40","slug":"sobre-a-impermanencia","status":"publish","type":"post","link":"https:\/\/blogs.correiobraziliense.com.br\/coletivo-filhas-da-mae\/2022\/10\/10\/sobre-a-impermanencia\/","title":{"rendered":"Sobre a Imperman\u00eancia"},"content":{"rendered":"<p>Ana Castro &amp; Cosette Castro<\/p>\n<p>Bras\u00edlia &#8211; Muitas pessoas pensam que podem controlar tudo. A sua vida, a dos filhos e filhas. A fam\u00edlia em geral, inclusive a dos parentes enfermos.<\/p>\n<p>Isso ocorre na esfera do desejo. Desejo de controlar os acontecimentos. O presente e o futuro. Mas n\u00e3o temos o poder de controlar o tempo. Nem a vida, nem os acidentes de percurso. Muito menos a morte.<\/p>\n<p>Quantas vezes as pessoas planejam festas, viagens e tudo sai completamente diferente do sonhado e projetado? Ocorre tamb\u00e9m de uma pessoa estar perto de assumir um novo posto de trabalho e, de repente, tudo muda.<\/p>\n<p>Algu\u00e9m adoece. Outra morre inesperadamente. O carro quebra. O despertador n\u00e3o toca. Outra pessoa \u00e9 contratada e os planos para o futuro (ao menos momentaneamente) se esvaem \u00e1gua abaixo.<\/p>\n<p>Frente a algumas situa\u00e7\u00f5es, muitos ficam vendo a vida passar como se estivessem fora do quadro.<\/p>\n<p>Imagine que voc\u00ea foi a uma esta\u00e7\u00e3o de trem.<br \/>\nEst\u00e1 l\u00e1 esperando, de modo bonito. Fez tudo certinho. Arrumou a mala com 2 dias de anteced\u00eancia. Chegou meia hora antes. Mas o trem quebra no meio do caminho e n\u00e3o chega. Ou simplesmente passa direto. N\u00e3o para na esta\u00e7\u00e3o.<\/p>\n<p>As duas situa\u00e7\u00f5es mostram a imperman\u00eancia da vida e das coisas. Pessoas e fatores externos podem modificar completamente a nossa agenda do dia, da semana, do m\u00eas ou mesmo do ano. Ou de muitos anos, no caso das cuidadoras familiares.<\/p>\n<p>Nesses momentos, \u00e9 poss\u00edvel (tentar) aprender a conviver com a imperman\u00eancia. Com a necessidade de mudan\u00e7a de planos. Com os novos fatos que desafiam a vida.<\/p>\n<p>E talvez o mais importante. H\u00e1 a possibilidade de observar e vivenciar um estado ou situa\u00e7\u00e3o que exp\u00f5e a fragilidade e a beleza de estar viva. E seguir vivendo.<\/p>\n<p>\u00c9 verdade que as pessoas necessitam da rotina e da ordem para n\u00e3o se perder no caos cotidiano. Entretanto, \u00e9 falso acreditar que \u00e9 poss\u00edvel ter o dom\u00ednio (ou controle) de tudo.<\/p>\n<p>Outros exemplos. A m\u00e3e de uma participantes do Coletivo teve convuls\u00e3o de madrugada e precisou ser internada. A festa de anivers\u00e1rio planejada segue adiada.<\/p>\n<p>A m\u00e3e de outra amiga caiu em casa no dia do anivers\u00e1rio de 85 anos. O acidente ocorreu enquanto a filha estava comprando a decora\u00e7\u00e3o da festa. A comemora\u00e7\u00e3o tamb\u00e9m foi adiada.<\/p>\n<p>Outra participante do Coletivo levou a m\u00e3e para fazer um exame de rotina no hospital. A vida deu uma grande reviravolta. Em poucos dias teve de tratar do funeral da m\u00e3e.<\/p>\n<p>A imperman\u00eancia \u00e9 um conceito chave do budismo que convida a compreender que tudo \u00e9 transit\u00f3rio. Tende a se modificar ou acabar. Assim como nossos corpos que mudam diariamente, ainda que seja dif\u00edcil notar as micro mudan\u00e7as.<\/p>\n<p><strong>Envelhecimento e Outubro Rosa<\/strong><\/p>\n<p>Neste m\u00eas de outubro seguimos refletindo sobre envelhecimento, sobre longevidade e tamb\u00e9m sobre o c\u00e2ncer de mama no Brasil. Sem esquecer que hoje se comemora o <a href=\"https:\/\/www.paho.org\/pt\/campanhas\/dia-mundial-da-saude-mental-2020\">dia mundial da sa\u00fade mental<\/a>.<\/p>\n<p>O dia 10 de outubro lembra que existem cerca de 1 bilh\u00e3o de pessoas com transtornos mentais no mundo. A depress\u00e3o \u00e9 uma das principais causas de adoecimento de adolescentes e pessoas adultas. Essas pessoas precisam urgente de pol\u00edticas p\u00fablicas voltadas para a forma\u00e7\u00e3o profissional, acolhimento e investimento em sa\u00fade mental.<\/p>\n<p><img loading=\"lazy\" decoding=\"async\" class=\" wp-image-1191 aligncenter\" src=\"https:\/\/blogs.correiobraziliense.com.br\/coletivo-filhas-da-mae\/wp-content\/uploads\/sites\/60\/2022\/10\/outubro-rosa-2022.1-300x168.jpeg\" alt=\"\" width=\"418\" height=\"234\" srcset=\"https:\/\/blogs.correiobraziliense.com.br\/coletivo-filhas-da-mae\/wp-content\/uploads\/sites\/60\/2022\/10\/outubro-rosa-2022.1-300x168.jpeg 300w, https:\/\/blogs.correiobraziliense.com.br\/coletivo-filhas-da-mae\/wp-content\/uploads\/sites\/60\/2022\/10\/outubro-rosa-2022.1-768x430.jpeg 768w, https:\/\/blogs.correiobraziliense.com.br\/coletivo-filhas-da-mae\/wp-content\/uploads\/sites\/60\/2022\/10\/outubro-rosa-2022.1-1024x573.jpeg 1024w, https:\/\/blogs.correiobraziliense.com.br\/coletivo-filhas-da-mae\/wp-content\/uploads\/sites\/60\/2022\/10\/outubro-rosa-2022.1-1440x806.jpeg 1440w, https:\/\/blogs.correiobraziliense.com.br\/coletivo-filhas-da-mae\/wp-content\/uploads\/sites\/60\/2022\/10\/outubro-rosa-2022.1-800x448.jpeg 800w, https:\/\/blogs.correiobraziliense.com.br\/coletivo-filhas-da-mae\/wp-content\/uploads\/sites\/60\/2022\/10\/outubro-rosa-2022.1-550x308.jpeg 550w, https:\/\/blogs.correiobraziliense.com.br\/coletivo-filhas-da-mae\/wp-content\/uploads\/sites\/60\/2022\/10\/outubro-rosa-2022.1-230x129.jpeg 230w, https:\/\/blogs.correiobraziliense.com.br\/coletivo-filhas-da-mae\/wp-content\/uploads\/sites\/60\/2022\/10\/outubro-rosa-2022.1.jpeg 1600w\" sizes=\"auto, (max-width: 418px) 100vw, 418px\" \/><\/p>\n<p>No que diz respeito \u00e0s pessoas idosas, ao mesmo tempo em que aumenta a possibilidade de que elas vivam mais tempo, acompanhamos projetos pessoais de cuidadoras familiares de pessoas dependentes sendo prorrogados. Ou suspensos, tempor\u00e1ria ou definitivamente.<\/p>\n<p>Pelo tempo dedicado ao cuidado familiar,\u00a0 muitas cuidadoras deixam de cuidar de si. Elas esquecem de fazer exames, de ir a consultas m\u00e9dicas e praticar o auto toque, que ajuda a prevenir o c\u00e2ncer de mama, o de maior incid\u00eancia no Brasil.<\/p>\n<p>Pensando nisso, na sexta-feira, dia 07, realizamos uma a\u00e7\u00e3o (foto) de preven\u00e7\u00e3o e solidariedade no Outubro Rosa: pintamos o cabelo ou o corpo com spray rosa em solidariedade \u00e0s mulheres que passam ou j\u00e1 passaram por esse desafio.<\/p>\n<p>Em tempos de imperman\u00eancia, a solidariedade e o trabalho em rede nos fortalecem, contribuindo para a sa\u00fade mental. E enchem de esperan\u00e7a.<\/p>\n","protected":false},"excerpt":{"rendered":"<p>Ana Castro &amp; Cosette Castro Bras\u00edlia &#8211; Muitas pessoas pensam que podem controlar tudo. A sua vida, a dos filhos e filhas. A fam\u00edlia em geral, inclusive a dos parentes enfermos. Isso ocorre na esfera do desejo. Desejo de controlar os acontecimentos. O presente e o futuro. Mas n\u00e3o temos o poder de controlar o tempo. Nem a vida, nem [&hellip;]<\/p>\n","protected":false},"author":126,"featured_media":0,"comment_status":"open","ping_status":"open","sticky":false,"template":"","format":"standard","meta":{"footnotes":""},"categories":[11],"tags":[8,3,574,119,20,7,5,575,572],"class_list":["post-1188","post","type-post","status-publish","format-standard","hentry","category-cuidado-e-autocuidado","tag-alzheimer","tag-autocuidado","tag-budismo","tag-cuidado-e-autocuidado","tag-cuidadoras-familiares","tag-demencias","tag-envelhecimento","tag-impermanencia","tag-outubro-rosa"],"_links":{"self":[{"href":"https:\/\/blogs.correiobraziliense.com.br\/coletivo-filhas-da-mae\/wp-json\/wp\/v2\/posts\/1188","targetHints":{"allow":["GET"]}}],"collection":[{"href":"https:\/\/blogs.correiobraziliense.com.br\/coletivo-filhas-da-mae\/wp-json\/wp\/v2\/posts"}],"about":[{"href":"https:\/\/blogs.correiobraziliense.com.br\/coletivo-filhas-da-mae\/wp-json\/wp\/v2\/types\/post"}],"author":[{"embeddable":true,"href":"https:\/\/blogs.correiobraziliense.com.br\/coletivo-filhas-da-mae\/wp-json\/wp\/v2\/users\/126"}],"replies":[{"embeddable":true,"href":"https:\/\/blogs.correiobraziliense.com.br\/coletivo-filhas-da-mae\/wp-json\/wp\/v2\/comments?post=1188"}],"version-history":[{"count":7,"href":"https:\/\/blogs.correiobraziliense.com.br\/coletivo-filhas-da-mae\/wp-json\/wp\/v2\/posts\/1188\/revisions"}],"predecessor-version":[{"id":1197,"href":"https:\/\/blogs.correiobraziliense.com.br\/coletivo-filhas-da-mae\/wp-json\/wp\/v2\/posts\/1188\/revisions\/1197"}],"wp:attachment":[{"href":"https:\/\/blogs.correiobraziliense.com.br\/coletivo-filhas-da-mae\/wp-json\/wp\/v2\/media?parent=1188"}],"wp:term":[{"taxonomy":"category","embeddable":true,"href":"https:\/\/blogs.correiobraziliense.com.br\/coletivo-filhas-da-mae\/wp-json\/wp\/v2\/categories?post=1188"},{"taxonomy":"post_tag","embeddable":true,"href":"https:\/\/blogs.correiobraziliense.com.br\/coletivo-filhas-da-mae\/wp-json\/wp\/v2\/tags?post=1188"}],"curies":[{"name":"wp","href":"https:\/\/api.w.org\/{rel}","templated":true}]}}