{"id":1169,"date":"2022-09-30T07:00:48","date_gmt":"2022-09-30T10:00:48","guid":{"rendered":"https:\/\/blogs.correiobraziliense.com.br\/coletivo-filhas-da-mae\/?p=1169"},"modified":"2022-09-30T15:49:11","modified_gmt":"2022-09-30T18:49:11","slug":"quanto-valem-nossas-rugas","status":"publish","type":"post","link":"https:\/\/blogs.correiobraziliense.com.br\/coletivo-filhas-da-mae\/2022\/09\/30\/quanto-valem-nossas-rugas\/","title":{"rendered":"Quanto Valem Nossas Rugas?"},"content":{"rendered":"<p>Ana Castro &amp; Cosette Castro<\/p>\n<p>Bras\u00edlia &#8211; Viver em um lugar que nega ser um dos tr\u00eas pa\u00edses que envelhece mais rapidamente no mundo n\u00e3o \u00e9 f\u00e1cil. Ao lado do Brasil est\u00e1 a China e Taiwan.<\/p>\n<p>O Brasil parece n\u00e3o ter sa\u00eddo da s\u00edndrome de Peter Pan. Segue se negando a envelhecer.<\/p>\n<p>Isso ocorre com o apoio e omiss\u00e3o do governo federal. A popula\u00e7\u00e3o \u00e9 incentivada a (tentar) manter-se eternamente jovem.<\/p>\n<p>Como isso \u00e9 algo imposs\u00edvel de ocorrer, aumenta a sensa\u00e7\u00e3o de imperfei\u00e7\u00e3o entre homens e mulheres. Mas principalmente entre as mulheres, convocadas a exibir caras, bocas e corpos jovens, magros e brancos.<\/p>\n<p>Ou o mais branco poss\u00edvel. N\u00e3o por acaso milhares de mulheres brasileiras (ainda hoje) seguem alisando o cabelo em uma tentativa de esconder suas origens. Com isso negam a maravilhosa contribui\u00e7\u00e3o de uma popula\u00e7\u00e3o majoritariamente mesti\u00e7a, formada por pessoas de origem ind\u00edgena, negra, europeia e asi\u00e1tica.<\/p>\n<p>Esse &#8220;modelo de perfei\u00e7\u00e3o&#8221; \u00e9 uma vit\u00f3ria dos colonizadores europeus. Foi introjetada durante s\u00e9culos at\u00e9 hoje.<\/p>\n<p>\u00c9 refor\u00e7ada pela publicidade nacional, pelos filmes e s\u00e9ries brasileiras, estadunidenses e europeias onde acabamos acatando como correto um modelo de beleza diferente que apaga a diversidade das nossas belezas. Mas n\u00e3o se engane. Isso n\u00e3o \u00e9 natural. Nem verdadeiro.<\/p>\n<p>Nesse &#8220;modelo de perfei\u00e7\u00e3o&#8221; distorcido n\u00e3o h\u00e1 espa\u00e7o para celulite ou estrias. Para usar \u00f3culos. Muito menos para p\u00e9s de galinha ou rugas.<\/p>\n<p>Exige dentes perfeitos e a\u00ed est\u00e1 a boca de milhares de pessoas em todo o Brasil com aparelhos, independente da idade. A febre da perfei\u00e7\u00e3o direcionada aos dentes, deixa boa parte endividada pelo custo dos tratamentos e promessas.<\/p>\n<p>Exige peles lisas. Ainda que sob o efeito tempor\u00e1rio do botox, dos fios de ouro subcut\u00e2neos para &#8220;sustentar&#8221; a pele, dos preenchimentos, da lipoaspira\u00e7\u00e3o ou das cirurgias bari\u00e1tricas. E outras cirurgias est\u00e9ticas que cortam e recortam os diferentes corpos a partir dos 18 anos buscando narizes, bocas, seios, bundas e at\u00e9 (pasmem!) vaginas &#8220;perfeitas.<\/p>\n<p>A tirania do &#8220;modelo de perfei\u00e7\u00e3o&#8221; \u00e9 uma viol\u00eancia cotidiana contra a diversidade dos nossos corpos e t\u00eam contribu\u00eddo para aumentar a ansiedade e a depress\u00e3o. Muita gente se sente &#8220;fora do lugar, fora do padr\u00e3o&#8221;. Al\u00e9m disso, escuta &#8220;brincadeiras&#8221;, sofre <em>bullying<\/em> e chacota pelo corpo que habita.<\/p>\n<p>N\u00e3o basta pintar o cabelo ou usar saltos que machucam os p\u00e9s para &#8220;manter a eleg\u00e2ncia&#8221;. H\u00e1 pouco tempo as sobrancelhas foram punidas pela sua imperfei\u00e7\u00e3o. E um novo modelo foi adotado como &#8220;certo&#8221;.<\/p>\n<p>Nem os c\u00edlios foram poupados. Sequer eles podem ser naturalmente &#8230;c\u00edlios. Em todo pa\u00eds existe uma corrida para buscar o ideal de perfei\u00e7\u00e3o e beleza do momento.<\/p>\n<p>Esse &#8220;modelo de perfei\u00e7\u00e3o&#8221; distorcido tornou os corpos das mulheres um lugar de dor e n\u00e3o de prazer. E n\u00e3o estamos falando nos referindo aos processos de depila\u00e7\u00e3o a cera bastante dolorosos. H\u00e1 um apagamento da natureza e diversidade dos nossos corpos. Como seres humanos somos imperfeitas. Sequer o lado esquerdo \u00e9 igual ao direito. Mas essa imperfei\u00e7\u00e3o natural n\u00e3o \u00e9 permitida em uma sociedade marcada pelo consumo e pela competitividade.<\/p>\n<p>E o que falar das rugas, das papadas, das m\u00e3os enrugadas pelo passar do tempo? S\u00e3o execradas, escondidas e negadas. Particularmente pelos mais jovens, que se apavoram com a ideia do envelhecimento.<\/p>\n<p>N\u00f3s, que j\u00e1 passamos dos 60 anos, agradecemos a possibilidade de estarmos vivas, atuantes e saud\u00e1veis em um pa\u00eds com tamanha desigualdade social.<\/p>\n<p>Enquanto isso, n\u00e3o h\u00e1 pol\u00edtica nacional de cuidado. E o Estatuto da pessoa idosa, apesar de ser considerado um dos mais avan\u00e7ados do mundo, ainda n\u00e3o foi totalmente implementado.<\/p>\n<p>Na semana passada, finalmente um candidato falou s\u00e9ria e publicamente sobre envelhecimento no Brasil. <a href=\"https:\/\/ultimosegundo.ig.com.br\/politica\/2022-09-22\/lula-cuidado-idosos.html\">Lula foi o \u00fanico candidato<\/a> a se manifestar sobre envelhecimento ativo e cidad\u00e3o, com qualidade de vida.<\/p>\n<p>Para Lula, \u201cn\u00e3o tem idade para gente fazer pol\u00edtica p\u00fablica para as pessoas. Tudo que a gente fizer para uma pessoa idosa \u00e9 a contrapresta\u00e7\u00e3o de servi\u00e7o pelo que a pessoa j\u00e1 fez pelo pa\u00eds, pela cidade, pela sua fam\u00edlia&#8221;.<\/p>\n<p>Ele mesmo se reconhece como pessoa idosa e diz isso com muito orgulho. Conversando com pessoas idosas, contou os planos sobre pol\u00edticas para cuidadores e o servi\u00e7o de cuidado p\u00fablico para atender a popula\u00e7\u00e3o. De aumentar o or\u00e7amento do SUS e as aposentadorias.<\/p>\n<p>Mais do que tudo falou de respeito. E agradeceu a contribui\u00e7\u00e3o dos 37,7 milh\u00f5es de brasileiras e brasileiros que ajudaram a construir o pa\u00eds. Muitos\u00a0 deles\u00a0 s\u00e3o obrigados a seguir trabalhando devido ao baixo valor das aposentadorias.<\/p>\n<p>No dia 1o. de outubro, s\u00e1bado,\u00a0 ao comemorarmos o dia internacional da pessoa idosa, o fazemos com\u00a0 a esperan\u00e7a de que o Brasil vai voltar a sorrir.<\/p>\n<p>Quanto valem as nossas rugas?<\/p>\n<p>Em 2023, com a nossa contribui\u00e7\u00e3o, elas podem valer muito mais. Sem ter vergonha de esconder a idade em qualquer idade e de ser feliz.<\/p>\n","protected":false},"excerpt":{"rendered":"<p>Ana Castro &amp; Cosette Castro Bras\u00edlia &#8211; Viver em um lugar que nega ser um dos tr\u00eas pa\u00edses que envelhece mais rapidamente no mundo n\u00e3o \u00e9 f\u00e1cil. Ao lado do Brasil est\u00e1 a China e Taiwan. O Brasil parece n\u00e3o ter sa\u00eddo da s\u00edndrome de Peter Pan. Segue se negando a envelhecer. Isso ocorre com o apoio e omiss\u00e3o do [&hellip;]<\/p>\n","protected":false},"author":126,"featured_media":0,"comment_status":"open","ping_status":"open","sticky":false,"template":"","format":"standard","meta":{"footnotes":""},"categories":[11,1],"tags":[27,564,5,563,300,213,295],"class_list":["post-1169","post","type-post","status-publish","format-standard","hentry","category-cuidado-e-autocuidado","category-sem-categoria","tag-cuidadores-sociais","tag-eleicoes-2022","tag-envelhecimento","tag-lula","tag-pessoas-idosas","tag-politica-nacional-de-cuidado","tag-politicas-publicas-para-pessoas-idosas"],"_links":{"self":[{"href":"https:\/\/blogs.correiobraziliense.com.br\/coletivo-filhas-da-mae\/wp-json\/wp\/v2\/posts\/1169","targetHints":{"allow":["GET"]}}],"collection":[{"href":"https:\/\/blogs.correiobraziliense.com.br\/coletivo-filhas-da-mae\/wp-json\/wp\/v2\/posts"}],"about":[{"href":"https:\/\/blogs.correiobraziliense.com.br\/coletivo-filhas-da-mae\/wp-json\/wp\/v2\/types\/post"}],"author":[{"embeddable":true,"href":"https:\/\/blogs.correiobraziliense.com.br\/coletivo-filhas-da-mae\/wp-json\/wp\/v2\/users\/126"}],"replies":[{"embeddable":true,"href":"https:\/\/blogs.correiobraziliense.com.br\/coletivo-filhas-da-mae\/wp-json\/wp\/v2\/comments?post=1169"}],"version-history":[{"count":5,"href":"https:\/\/blogs.correiobraziliense.com.br\/coletivo-filhas-da-mae\/wp-json\/wp\/v2\/posts\/1169\/revisions"}],"predecessor-version":[{"id":1175,"href":"https:\/\/blogs.correiobraziliense.com.br\/coletivo-filhas-da-mae\/wp-json\/wp\/v2\/posts\/1169\/revisions\/1175"}],"wp:attachment":[{"href":"https:\/\/blogs.correiobraziliense.com.br\/coletivo-filhas-da-mae\/wp-json\/wp\/v2\/media?parent=1169"}],"wp:term":[{"taxonomy":"category","embeddable":true,"href":"https:\/\/blogs.correiobraziliense.com.br\/coletivo-filhas-da-mae\/wp-json\/wp\/v2\/categories?post=1169"},{"taxonomy":"post_tag","embeddable":true,"href":"https:\/\/blogs.correiobraziliense.com.br\/coletivo-filhas-da-mae\/wp-json\/wp\/v2\/tags?post=1169"}],"curies":[{"name":"wp","href":"https:\/\/api.w.org\/{rel}","templated":true}]}}