{"id":1153,"date":"2022-09-19T08:26:29","date_gmt":"2022-09-19T11:26:29","guid":{"rendered":"https:\/\/blogs.correiobraziliense.com.br\/coletivo-filhas-da-mae\/?p=1153"},"modified":"2022-09-19T10:02:48","modified_gmt":"2022-09-19T13:02:48","slug":"muito-mais-que-uma-caminhada","status":"publish","type":"post","link":"https:\/\/blogs.correiobraziliense.com.br\/coletivo-filhas-da-mae\/2022\/09\/19\/muito-mais-que-uma-caminhada\/","title":{"rendered":"Muito Mais Que Uma Caminhada"},"content":{"rendered":"<p>Ana Castro &amp; Cosette Castro<\/p>\n<p>Bras\u00edlia &#8211; O Coletivo Filhas da M\u00e3e tem 3 mantras, todos importantes e correlacionados. Colocar os 3 em pr\u00e1tica contribuiu para o sucesso da Caminhada da Mem\u00f3ria do Distrito Federal, que reuniu 700 pessoas em um domingo pr\u00e9-eleitoral em Bras\u00edlia.<\/p>\n<p>O primeiro mantra \u00e9 <strong>Cuidado e Autocuidado<\/strong> sempre.<\/p>\n<p>Cuidado no grupo, coletivo, e autocuidado individual, que junto com outros, se transforma em autoestima e cuidado de si.<\/p>\n<p>N\u00e3o falamos apenas sobre doen\u00e7a. Consideramos essencial promover a vida e a sa\u00fade f\u00edsica e emocional de toda fam\u00edlia.\u00a0Ofertamos informa\u00e7\u00f5es sobre dem\u00eancias, entre elas o Alzheimer, buscando melhorar a qualidade de vida dos pacientes. Tamb\u00e9m apoiamos cuidadoras familiares estimulando o autocuidado.<\/p>\n<p>Foi o que aconteceu na manh\u00e3 de domingo, dia 18, durante a\u00a0 (primeira) Caminhada da Mem\u00f3ria\u00a0 do Distrito Federal e nas atividades que duraram at\u00e9 \u00e0s 12h. Al\u00e9m de caminhar, os participantes foram estimulados a andar de bicicleta, meditar em movimento (Tai Chi Chuan), praticar T\u00e9cnica de Redu\u00e7\u00e3o do Estresse (TRE), dan\u00e7ar, receber massagens de todos os tipos e a falar sobre seus sentimentos e medos (Escuta na Rua).<\/p>\n<p>Tamb\u00e9m praticaram o jogo do envelhecimento, para evitar o idadismo, preconceito por conta da idade. Receberam ainda informa\u00e7\u00f5es sobre envelhecimento ativo, gin\u00e1stica para pessoas idosas, tiveram a oportunidade de aprender pr\u00e1ticas para salvar vidas e receberam informa\u00e7\u00f5es sobre\u00a0 problemas de degluti\u00e7\u00e3o.<\/p>\n<p>O segundo mantra \u00e9 <strong>Ningu\u00e9m Solta a M\u00e3o de Ningu\u00e9m<\/strong>. Estamos juntas e juntos.<\/p>\n<p>Em um pa\u00eds com tamanha desigualdade social e econ\u00f4mica, a solidariedade \u00e9 essencial, particularmente quando o Estado n\u00e3o promove pol\u00edticas de cuidado. Quando corta o or\u00e7amento da sa\u00fade e da assist\u00eancia social. Ou quando envia ao Congresso o or\u00e7amento para 2023 tirando tirando mais de 60% dos recursos do programa Farm\u00e1cia Popular.<\/p>\n<p>O terceiro mantra \u00e9 o <strong>Trabalho em Rede<\/strong>, em parceria. N\u00e3o andamos sozinhas.<\/p>\n<p>Fazemos parcerias, pequenas, m\u00e9dias e grandes. Uma constru\u00e7\u00e3o conjunta que estimula afetivamente o protagonismo coletivo e n\u00e3o apenas a a\u00e7\u00e3o individual de uma pessoa ou institui\u00e7\u00e3o.<\/p>\n<p>A parceria SESC-DF, Coletivo Filhas da M\u00e3e e\u00a0 UnB tornou poss\u00edvel realizar pela primeira vez na Capital Federal a Caminhada da Mem\u00f3ria.<\/p>\n<p>Trata-se de um projeto internacional que j\u00e1 ocorre em outros pa\u00edses. A ideia \u00e9 chamar aten\u00e7\u00e3o para a pandemia silenciosa representada pelas dem\u00eancias. No mundo, 1 pessoa \u00e9 diagnosticada a cada 3 segundos com Alzheimer, o tipo mais comum de dem\u00eancia. Mas em pa\u00edses como o Brasil, esse diagn\u00f3stico pode demorar at\u00e9 2 anos.<\/p>\n<p>Tamb\u00e9m contamos com 13 parceiras e parceiros locais incr\u00edveis que, voluntariamente, estiveram conosco. Eles contribu\u00edram para a preven\u00e7\u00e3o da sa\u00fade intergeracional. Das crian\u00e7as \u00e0s pessoas idosas. A todas as pessoas e institui\u00e7\u00f5es parceiras, nosso agradecimento e carinho. Veja as <a href=\"https:\/\/photos.app.goo.gl\/rByVMmsCnQzAn3dF9\">fotos e v\u00eddeos aqui.<\/a><\/p>\n<p>Esperamos que a Caminhada da Mem\u00f3ria\u00a0 de Bras\u00edlia seja a primeira de muitas. Que seja inclu\u00edda no calend\u00e1rio oficial do Distrito Federal pela import\u00e2ncia e necessidade de informa\u00e7\u00f5es que ajudem q reduzir o medo e o preconceito sobre doen\u00e7as neurodegenerativas. E, principalmente, que as Caminhadas pela Mem\u00f3ria, se multipliquem pelo pa\u00eds, em uma campanha nacional de preven\u00e7\u00e3o de sa\u00fade, respeito ao envelhecimento ativo e esclarecimentos sobre como lidar com as dem\u00eancias.<\/p>\n<p><strong>Setembro Roxo<\/strong><\/p>\n<p>Seguimos nas atividades do Setembro Roxo.<\/p>\n<p><img loading=\"lazy\" decoding=\"async\" class=\"size-medium wp-image-1154 aligncenter\" src=\"https:\/\/blogs.correiobraziliense.com.br\/coletivo-filhas-da-mae\/wp-content\/uploads\/sites\/60\/2022\/09\/exposi\u00e7\u00e3o-fotogr\u00e1fica-geral-300x300.jpeg\" alt=\"\" width=\"300\" height=\"300\" srcset=\"https:\/\/blogs.correiobraziliense.com.br\/coletivo-filhas-da-mae\/wp-content\/uploads\/sites\/60\/2022\/09\/exposi\u00e7\u00e3o-fotogr\u00e1fica-geral-300x300.jpeg 300w, https:\/\/blogs.correiobraziliense.com.br\/coletivo-filhas-da-mae\/wp-content\/uploads\/sites\/60\/2022\/09\/exposi\u00e7\u00e3o-fotogr\u00e1fica-geral-150x150.jpeg 150w, https:\/\/blogs.correiobraziliense.com.br\/coletivo-filhas-da-mae\/wp-content\/uploads\/sites\/60\/2022\/09\/exposi\u00e7\u00e3o-fotogr\u00e1fica-geral-768x767.jpeg 768w, https:\/\/blogs.correiobraziliense.com.br\/coletivo-filhas-da-mae\/wp-content\/uploads\/sites\/60\/2022\/09\/exposi\u00e7\u00e3o-fotogr\u00e1fica-geral-1024x1024.jpeg 1024w, https:\/\/blogs.correiobraziliense.com.br\/coletivo-filhas-da-mae\/wp-content\/uploads\/sites\/60\/2022\/09\/exposi\u00e7\u00e3o-fotogr\u00e1fica-geral-800x799.jpeg 800w, https:\/\/blogs.correiobraziliense.com.br\/coletivo-filhas-da-mae\/wp-content\/uploads\/sites\/60\/2022\/09\/exposi\u00e7\u00e3o-fotogr\u00e1fica-geral-550x549.jpeg 550w, https:\/\/blogs.correiobraziliense.com.br\/coletivo-filhas-da-mae\/wp-content\/uploads\/sites\/60\/2022\/09\/exposi\u00e7\u00e3o-fotogr\u00e1fica-geral-230x230.jpeg 230w, https:\/\/blogs.correiobraziliense.com.br\/coletivo-filhas-da-mae\/wp-content\/uploads\/sites\/60\/2022\/09\/exposi\u00e7\u00e3o-fotogr\u00e1fica-geral.jpeg 1067w\" sizes=\"auto, (max-width: 300px) 100vw, 300px\" \/><\/p>\n<p>Na quarta-feira, dia 21, dia mundial do Alzheimer,\u00a0 realizaremos edi\u00e7\u00e3o especial do programa <strong>Terceiras Inten\u00e7\u00f5es<\/strong>, no nosso canal do You Tube (Filhas da M\u00e3e Coletivo) das 20h \u00e0s 21h30. O convidado \u00e9 o geriatra Otavio Castello, que vai falar sobre os Desafios da Dem\u00eancia.<\/p>\n<p>E no dia 23, sexta-feira, ser\u00e1 inaugurada, em parceria com o SESC-DF, a <strong>Exposi\u00e7\u00e3o Fotogr\u00e1fica &#8220;Mulheres Que Cuidam e Se Cuidam<\/strong>&#8220;. A Exposi\u00e7\u00e3o, que traz fotos e depoimentos de 20 cuidadoras e ex-cuidadoras familiares, poder\u00e1 ser visitada na unidade do SESC-DF da 504 Sul, em Bras\u00edlia, das 8h \u00e0s 22h, at\u00e9 o dia 23 de outubro.<\/p>\n","protected":false},"excerpt":{"rendered":"<p>Ana Castro &amp; Cosette Castro Bras\u00edlia &#8211; O Coletivo Filhas da M\u00e3e tem 3 mantras, todos importantes e correlacionados. Colocar os 3 em pr\u00e1tica contribuiu para o sucesso da Caminhada da Mem\u00f3ria do Distrito Federal, que reuniu 700 pessoas em um domingo pr\u00e9-eleitoral em Bras\u00edlia. O primeiro mantra \u00e9 Cuidado e Autocuidado sempre. Cuidado no grupo, coletivo, e autocuidado individual, [&hellip;]<\/p>\n","protected":false},"author":126,"featured_media":0,"comment_status":"open","ping_status":"open","sticky":false,"template":"","format":"standard","meta":{"footnotes":""},"categories":[11],"tags":[554,558,540,546,455,557,545,544,538,552,549,555,556,559,541,543],"class_list":["post-1153","post","type-post","status-publish","format-standard","hentry","category-cuidado-e-autocuidado","tag-caminhada-da-memoria","tag-caminhantes-do-cerrado","tag-grupo-caminhadas-de-brasilia","tag-gt-envelhecimento-unb","tag-instituto-tocar","tag-intituto-hamsaa","tag-liga-de-enfermagem-unb","tag-liga-de-geriatria-unb","tag-rodas-da-paz","tag-sesc-df","tag-tai-chi-chuan","tag-tecnica-de-reducao-do-estresse","tag-tre","tag-trilha-historica-pirai-brasilia","tag-trilheiras-de-brasilia","tag-unb"],"_links":{"self":[{"href":"https:\/\/blogs.correiobraziliense.com.br\/coletivo-filhas-da-mae\/wp-json\/wp\/v2\/posts\/1153","targetHints":{"allow":["GET"]}}],"collection":[{"href":"https:\/\/blogs.correiobraziliense.com.br\/coletivo-filhas-da-mae\/wp-json\/wp\/v2\/posts"}],"about":[{"href":"https:\/\/blogs.correiobraziliense.com.br\/coletivo-filhas-da-mae\/wp-json\/wp\/v2\/types\/post"}],"author":[{"embeddable":true,"href":"https:\/\/blogs.correiobraziliense.com.br\/coletivo-filhas-da-mae\/wp-json\/wp\/v2\/users\/126"}],"replies":[{"embeddable":true,"href":"https:\/\/blogs.correiobraziliense.com.br\/coletivo-filhas-da-mae\/wp-json\/wp\/v2\/comments?post=1153"}],"version-history":[{"count":5,"href":"https:\/\/blogs.correiobraziliense.com.br\/coletivo-filhas-da-mae\/wp-json\/wp\/v2\/posts\/1153\/revisions"}],"predecessor-version":[{"id":1159,"href":"https:\/\/blogs.correiobraziliense.com.br\/coletivo-filhas-da-mae\/wp-json\/wp\/v2\/posts\/1153\/revisions\/1159"}],"wp:attachment":[{"href":"https:\/\/blogs.correiobraziliense.com.br\/coletivo-filhas-da-mae\/wp-json\/wp\/v2\/media?parent=1153"}],"wp:term":[{"taxonomy":"category","embeddable":true,"href":"https:\/\/blogs.correiobraziliense.com.br\/coletivo-filhas-da-mae\/wp-json\/wp\/v2\/categories?post=1153"},{"taxonomy":"post_tag","embeddable":true,"href":"https:\/\/blogs.correiobraziliense.com.br\/coletivo-filhas-da-mae\/wp-json\/wp\/v2\/tags?post=1153"}],"curies":[{"name":"wp","href":"https:\/\/api.w.org\/{rel}","templated":true}]}}