{"id":1148,"date":"2022-09-16T07:00:01","date_gmt":"2022-09-16T10:00:01","guid":{"rendered":"https:\/\/blogs.correiobraziliense.com.br\/coletivo-filhas-da-mae\/?p=1148"},"modified":"2022-09-16T07:38:47","modified_gmt":"2022-09-16T10:38:47","slug":"domingo-e-dia-da-caminhada-da-memoria","status":"publish","type":"post","link":"https:\/\/blogs.correiobraziliense.com.br\/coletivo-filhas-da-mae\/2022\/09\/16\/domingo-e-dia-da-caminhada-da-memoria\/","title":{"rendered":"Domingo \u00e9 Dia da Caminhada da Mem\u00f3ria"},"content":{"rendered":"<p>Ana Castro &amp; Cosette Castro<\/p>\n<p>Bras\u00edlia &#8211; O Brasil n\u00e3o \u00e9 um pa\u00eds f\u00e1cil de viver, apesar da alegria da popula\u00e7\u00e3o brasileira. Os tempos s\u00e3o de amea\u00e7a ao acesso a fraldas geri\u00e1tricas e corte de 13 medica\u00e7\u00f5es ofertadas gratuitamente pelo SUS no programa Farm\u00e1cia Popular. Tudo isso a partir de 2023.<\/p>\n<p>A proposta de corte de 60% da verba do Programa Farm\u00e1cia Popular, algo em torno de 2 bilh\u00f5es de reais, chegou ao Congresso Nacional na semana passada pelas m\u00e3os do presidente Bolsonaro.<\/p>\n<p>A medida, prevista no or\u00e7amento do pr\u00f3ximo ano, atinge diretamente os 71% da popula\u00e7\u00e3o que dependem\u00a0 do Sistema \u00danico de Sa\u00fade.<\/p>\n<p>Entre as 13 medica\u00e7\u00f5es cortadas do Farm\u00e1cia Popular est\u00e3o aquelas\u00a0usadas para tratamento de doen\u00e7as como diabetes, hipertens\u00e3o e asma. Medicamentos que, em tempos de crise econ\u00f4mica, desemprego e aumento do trabalho informal, s\u00e3o dif\u00edceis de serem inclu\u00eddos no or\u00e7amento dom\u00e9stico.<\/p>\n<p>O alerta foi dado pela Pr\u00f3Gen\u00e9ricos, associa\u00e7\u00e3o que re\u00fane a ind\u00fastria respons\u00e1vel pela produ\u00e7\u00e3o e comercializa\u00e7\u00e3o dos 13 medicamentos.<\/p>\n<p>Enquanto aguarda o governo federal voltar atr\u00e1s em um projeto que prejudica a maioria da popula\u00e7\u00e3o brasileira, em especial as pessoas idosas,\u00a0 o Coletivo Filhas da M\u00e3e prossegue nas atividades do <strong>Setembro Roxo. <\/strong>Este \u00e9 o\u00a0\u00a0m\u00eas de conscientiza\u00e7\u00e3o sobre doen\u00e7as como o Alzheimer, o tipo mais frequente de dem\u00eancia no mundo.<\/p>\n<p>Programa\u00e7\u00e3o do Setembro Roxo<\/p>\n<p>Neste domingo, dia 18, vai acontecer a <strong>Caminhada da Mem\u00f3ria<\/strong>, no Estacionamento 13 do Parque da Cidade, em Bras\u00edlia, uma atividade de preven\u00e7\u00e3o de sa\u00fade que come\u00e7a \u00e0s 8h. Coloque sua camiseta, t\u00eanis, bermuda e chap\u00e9u e venha participar, mesmo que s\u00f3 consiga caminhar um pouco.<\/p>\n<p>O ato pretende chamar aten\u00e7\u00e3o sobre a import\u00e2ncia dos exerc\u00edcios f\u00edsicos e do est\u00edmulo da mem\u00f3ria para manuten\u00e7\u00e3o da sa\u00fade.<\/p>\n<p>Voc\u00ea caminha o quanto conseguir, ao lado de\u00a0 grupos trilheiros e caminhantes que j\u00e1 confirmaram participa\u00e7\u00e3o e muitas outras pessoas solid\u00e1rias. Tudo \u00e9 quest\u00e3o de come\u00e7ar e, mesmo que\u00a0 voc\u00ea n\u00e3o tenha feito inscrit\u00e7\u00e3o, sua presen\u00e7a \u00e9 importante.<\/p>\n<p>O projeto, organizado pelo SESC-DF, pelo Coletivo Filhas da M\u00e3e e pela UnB, \u00e9 direcionado a toda fam\u00edlia.<\/p>\n<p>No Estacionamento 13 haver\u00e1 v\u00e1rias tendas, com informa\u00e7\u00f5es sobre dem\u00eancias e envelhecimento, jogos, exerc\u00edcios, atividades e brinquedos infl\u00e1veis at\u00e9 \u00e0s 12h. Mais informa\u00e7\u00f5es sobre a <a href=\"https:\/\/docs.google.com\/document\/d\/10wnsq8gbLyb1aUhlgtSV9thaaYoLK0gw\/edit?usp=sharing&amp;ouid=116000504106464652242&amp;rtpof=true&amp;sd=true\">programa\u00e7\u00e3o da Tenda do Coletivo Filhas da M\u00e3e aqui.<\/a><\/p>\n<p><img loading=\"lazy\" decoding=\"async\" class=\" wp-image-1149 aligncenter\" src=\"https:\/\/blogs.correiobraziliense.com.br\/coletivo-filhas-da-mae\/wp-content\/uploads\/sites\/60\/2022\/09\/card-caminhada-com-apoiadores-300x300.jpeg\" alt=\"\" width=\"260\" height=\"260\" srcset=\"https:\/\/blogs.correiobraziliense.com.br\/coletivo-filhas-da-mae\/wp-content\/uploads\/sites\/60\/2022\/09\/card-caminhada-com-apoiadores-300x300.jpeg 300w, https:\/\/blogs.correiobraziliense.com.br\/coletivo-filhas-da-mae\/wp-content\/uploads\/sites\/60\/2022\/09\/card-caminhada-com-apoiadores-150x150.jpeg 150w, https:\/\/blogs.correiobraziliense.com.br\/coletivo-filhas-da-mae\/wp-content\/uploads\/sites\/60\/2022\/09\/card-caminhada-com-apoiadores-768x768.jpeg 768w, https:\/\/blogs.correiobraziliense.com.br\/coletivo-filhas-da-mae\/wp-content\/uploads\/sites\/60\/2022\/09\/card-caminhada-com-apoiadores-1024x1024.jpeg 1024w, https:\/\/blogs.correiobraziliense.com.br\/coletivo-filhas-da-mae\/wp-content\/uploads\/sites\/60\/2022\/09\/card-caminhada-com-apoiadores-800x800.jpeg 800w, https:\/\/blogs.correiobraziliense.com.br\/coletivo-filhas-da-mae\/wp-content\/uploads\/sites\/60\/2022\/09\/card-caminhada-com-apoiadores-550x550.jpeg 550w, https:\/\/blogs.correiobraziliense.com.br\/coletivo-filhas-da-mae\/wp-content\/uploads\/sites\/60\/2022\/09\/card-caminhada-com-apoiadores-230x230.jpeg 230w, https:\/\/blogs.correiobraziliense.com.br\/coletivo-filhas-da-mae\/wp-content\/uploads\/sites\/60\/2022\/09\/card-caminhada-com-apoiadores.jpeg 1080w\" sizes=\"auto, (max-width: 260px) 100vw, 260px\" \/><\/p>\n<p><strong>Dia 21, quarta-feira, 20h, Dia Mundial do Alzheimer<\/strong><\/p>\n<p>Apresenta\u00e7\u00e3o especial do Programa Terceiras Inten\u00e7\u00f5es on line que poder\u00e1 ser acessado no canal do You Tube Filhas da M\u00e3e Coletivo. Convidado: geriatra Ot\u00e1vio Castello, ex-presidente da ABRAz-DF<\/p>\n<p><strong>De 23\/09, sexta-feira at\u00e9 23\/10<\/strong><\/p>\n<p>Exposi\u00e7\u00e3o \u201cMulheres que Cuidam e Se Cuidam\u201d, com fotografias de 20 mulheres\u00a0 cuidadoras familiares que participam do Coletivo Filhas da M\u00e3e.<\/p>\n<p>O projeto est\u00e1 sendo realizado em parceria com o SESC-DF. A Exposi\u00e7\u00e3o fotogr\u00e1fica poder\u00e1 ser vista na unidade do SESC da Quadra 504 Sul, a partir do dia 24\/09, das 08h \u00e0s 22h.<\/p>\n<p>PS: Voc\u00ea j\u00e1 contribuiu para viabilizar os projetos do Coletivo Filhas da M\u00e3e? <a href=\"https:\/\/docs.google.com\/document\/d\/10wnsq8gbLyb1aUhlgtSV9thaaYoLK0gw\/edit?usp=sharing&amp;ouid=116000504106464652242&amp;rtpof=true&amp;sd=true\">Participe aqui<\/a> do financiamento coletivo no site Vakinha. Apoie o Coletivo Filhas da M\u00e3e!<\/p>\n","protected":false},"excerpt":{"rendered":"<p>Ana Castro &amp; Cosette Castro Bras\u00edlia &#8211; O Brasil n\u00e3o \u00e9 um pa\u00eds f\u00e1cil de viver, apesar da alegria da popula\u00e7\u00e3o brasileira. Os tempos s\u00e3o de amea\u00e7a ao acesso a fraldas geri\u00e1tricas e corte de 13 medica\u00e7\u00f5es ofertadas gratuitamente pelo SUS no programa Farm\u00e1cia Popular. Tudo isso a partir de 2023. A proposta de corte de 60% da verba do [&hellip;]<\/p>\n","protected":false},"author":126,"featured_media":0,"comment_status":"open","ping_status":"open","sticky":false,"template":"","format":"standard","meta":{"footnotes":""},"categories":[18],"tags":[8,119,20,21,7,5,551,256,204,553,552,263],"class_list":["post-1148","post","type-post","status-publish","format-standard","hentry","category-alzheimer","tag-alzheimer","tag-cuidado-e-autocuidado","tag-cuidadoras-familiares","tag-cuidadores-familiares","tag-demencias","tag-envelhecimento","tag-exposicao-mulheres-que-cuidam-e-se-cuidam","tag-mes-mundial-de-conscientizacao-do-alzheimer","tag-otavio-castello","tag-programa-terceiras-intencoes","tag-sesc-df","tag-setembro-roxo"],"_links":{"self":[{"href":"https:\/\/blogs.correiobraziliense.com.br\/coletivo-filhas-da-mae\/wp-json\/wp\/v2\/posts\/1148","targetHints":{"allow":["GET"]}}],"collection":[{"href":"https:\/\/blogs.correiobraziliense.com.br\/coletivo-filhas-da-mae\/wp-json\/wp\/v2\/posts"}],"about":[{"href":"https:\/\/blogs.correiobraziliense.com.br\/coletivo-filhas-da-mae\/wp-json\/wp\/v2\/types\/post"}],"author":[{"embeddable":true,"href":"https:\/\/blogs.correiobraziliense.com.br\/coletivo-filhas-da-mae\/wp-json\/wp\/v2\/users\/126"}],"replies":[{"embeddable":true,"href":"https:\/\/blogs.correiobraziliense.com.br\/coletivo-filhas-da-mae\/wp-json\/wp\/v2\/comments?post=1148"}],"version-history":[{"count":3,"href":"https:\/\/blogs.correiobraziliense.com.br\/coletivo-filhas-da-mae\/wp-json\/wp\/v2\/posts\/1148\/revisions"}],"predecessor-version":[{"id":1152,"href":"https:\/\/blogs.correiobraziliense.com.br\/coletivo-filhas-da-mae\/wp-json\/wp\/v2\/posts\/1148\/revisions\/1152"}],"wp:attachment":[{"href":"https:\/\/blogs.correiobraziliense.com.br\/coletivo-filhas-da-mae\/wp-json\/wp\/v2\/media?parent=1148"}],"wp:term":[{"taxonomy":"category","embeddable":true,"href":"https:\/\/blogs.correiobraziliense.com.br\/coletivo-filhas-da-mae\/wp-json\/wp\/v2\/categories?post=1148"},{"taxonomy":"post_tag","embeddable":true,"href":"https:\/\/blogs.correiobraziliense.com.br\/coletivo-filhas-da-mae\/wp-json\/wp\/v2\/tags?post=1148"}],"curies":[{"name":"wp","href":"https:\/\/api.w.org\/{rel}","templated":true}]}}