{"id":1127,"date":"2022-09-05T07:00:06","date_gmt":"2022-09-05T10:00:06","guid":{"rendered":"https:\/\/blogs.correiobraziliense.com.br\/coletivo-filhas-da-mae\/?p=1127"},"modified":"2022-09-05T08:24:46","modified_gmt":"2022-09-05T11:24:46","slug":"parcerias-que-precisam-de-voce","status":"publish","type":"post","link":"https:\/\/blogs.correiobraziliense.com.br\/coletivo-filhas-da-mae\/2022\/09\/05\/parcerias-que-precisam-de-voce\/","title":{"rendered":"Parcerias que Precisam de Voc\u00ea"},"content":{"rendered":"<p>Ana Castro &amp; Cosette Castro<\/p>\n<p>Bras\u00edlia- Este \u00e9 um m\u00eas especial. De muitas atividades no Coletivo Filhas da M\u00e3e e em todos os grupos que atuam na tem\u00e1tica das dem\u00eancias e do envelhecimento.<\/p>\n<p>Estamos no m\u00eas do Setembro Roxo dedicado a sensibilizar pessoas de todas as idades sobre os diferentes tipos de dem\u00eancias e suas caracter\u00edsticas.<\/p>\n<div style=\"width: 1080px;\" class=\"wp-video\"><video class=\"wp-video-shortcode\" id=\"video-1127-1\" width=\"1080\" height=\"1080\" preload=\"metadata\" controls=\"controls\"><source type=\"video\/mp4\" src=\"https:\/\/blogs.correiobraziliense.com.br\/coletivo-filhas-da-mae\/wp-content\/uploads\/sites\/60\/2022\/09\/Setembro-roxo-2022.mp4?_=1\" \/><a href=\"https:\/\/blogs.correiobraziliense.com.br\/coletivo-filhas-da-mae\/wp-content\/uploads\/sites\/60\/2022\/09\/Setembro-roxo-2022.mp4\">https:\/\/blogs.correiobraziliense.com.br\/coletivo-filhas-da-mae\/wp-content\/uploads\/sites\/60\/2022\/09\/Setembro-roxo-2022.mp4<\/a><\/video><\/div>\n<p>As dem\u00eancias s\u00e3o uma pandemia subterr\u00e2nea que se multiplicam facilmente em pa\u00edses como o Brasil, com grande desigualdade social.<\/p>\n<p>Isso ocorre por falta de pol\u00edticas p\u00fablicas nacionais de cuidado, por falta de profissionais suficientes que conhe\u00e7am os diferentes tipos de dem\u00eancias, entre elas o Alzheimer. Este, por sua vez, tamb\u00e9m se manifesta de diferentes formas. A falta de especialistas gera diagn\u00f3sticos tardios, o que reduz a qualidade de vida dos pacientes e tamb\u00e9m de quem cuida.<\/p>\n<p>No decorrer de setembro,\u00a0 <a href=\"https:\/\/blogs.correiobraziliense.com.br\/coletivo-filhas-da-mae\/2022\/09\/02\/setembro-roxo-e-a-caminhada-da-memoria\/\">7 atividades ser\u00e3o realizadas<\/a> pelo Coletivo Filhas da M\u00e3e.\u00a0 Est\u00e3o\u00a0divididas em cuidado, autocuidado, informa\u00e7\u00e3o e cultura. Projetos locais, dentro do Distrito Federal, e projetos nacionais.<\/p>\n<p>As atividades est\u00e3o sendo constru\u00eddas lado a lado com muitas institui\u00e7\u00f5es, pois um de\u00a0 nossos lemas \u00e9 trabalho em parceria. Com solidariedade. Nossa proposta \u00e9 crescer juntas e juntos sem soltar a m\u00e3o de ningu\u00e9m.<\/p>\n<p>O governo federal, por sua vez, n\u00e3o se responsabiliza pelo cuidado de seus cidad\u00e3os e cidad\u00e3s, nem realiza campanhas preventivas sobre dem\u00eancias.<\/p>\n<p>Esse v\u00e1cuo gerado pelo Estado faz com que a sociedade civil, atrav\u00e9s de institui\u00e7\u00f5es sociais, formalizadas ou n\u00e3o, acolha a popula\u00e7\u00e3o. S\u00e3o fam\u00edlias inteiras assustadas, com d\u00favidas e\u00a0 medo,\u00a0 \u00e1vidas por informa\u00e7\u00f5es e suporte.<!--\/data\/user\/0\/com.samsung.android.app.notes\/files\/clipdata\/clipdata_bodytext_220904_200414_883.sdocx--><\/p>\n<p>Esse tem sido o trabalho do Coletivo Filhas da M\u00e3e nestes 2 anos e 9 meses de exist\u00eancia. Apoiar cuidadoras familiares de pessoas com dem\u00eancias. E, em alguns casos, acolher toda fam\u00edlia.<\/p>\n<p>Em 2022 recebemos ainda os familiares que participavam da ABRAz-DF,\u00a0 entidade que foi extinta no final do primeiro semestre. Mais um desafio amorosamente acolhido pelo Coletivo Filhas da M\u00e3e.<\/p>\n<p>Para dar conta dos atuais e dos novos projetos, precisamos da sua ajuda. Nossas atividades s\u00e3o desenvolvidas por volunt\u00e1rios, mas t\u00eam custo.<\/p>\n<p><img loading=\"lazy\" decoding=\"async\" class=\"size-medium wp-image-1129 aligncenter\" src=\"https:\/\/blogs.correiobraziliense.com.br\/coletivo-filhas-da-mae\/wp-content\/uploads\/sites\/60\/2022\/09\/campanha-vakinha2oparte-220x300.jpeg\" alt=\"\" width=\"220\" height=\"300\" srcset=\"https:\/\/blogs.correiobraziliense.com.br\/coletivo-filhas-da-mae\/wp-content\/uploads\/sites\/60\/2022\/09\/campanha-vakinha2oparte-220x300.jpeg 220w, https:\/\/blogs.correiobraziliense.com.br\/coletivo-filhas-da-mae\/wp-content\/uploads\/sites\/60\/2022\/09\/campanha-vakinha2oparte-768x1048.jpeg 768w, https:\/\/blogs.correiobraziliense.com.br\/coletivo-filhas-da-mae\/wp-content\/uploads\/sites\/60\/2022\/09\/campanha-vakinha2oparte-751x1024.jpeg 751w, https:\/\/blogs.correiobraziliense.com.br\/coletivo-filhas-da-mae\/wp-content\/uploads\/sites\/60\/2022\/09\/campanha-vakinha2oparte-800x1091.jpeg 800w, https:\/\/blogs.correiobraziliense.com.br\/coletivo-filhas-da-mae\/wp-content\/uploads\/sites\/60\/2022\/09\/campanha-vakinha2oparte-550x750.jpeg 550w, https:\/\/blogs.correiobraziliense.com.br\/coletivo-filhas-da-mae\/wp-content\/uploads\/sites\/60\/2022\/09\/campanha-vakinha2oparte-230x314.jpeg 230w, https:\/\/blogs.correiobraziliense.com.br\/coletivo-filhas-da-mae\/wp-content\/uploads\/sites\/60\/2022\/09\/campanha-vakinha2oparte.jpeg 829w\" sizes=\"auto, (max-width: 220px) 100vw, 220px\" \/><\/p>\n<p>Nossos projetos chegam at\u00e9 voc\u00ea a partir de muito trabalho volunt\u00e1rio e da coleta de recursos dentro do pr\u00f3prio grupo, entre conhecidos e\u00a0 por financiamento coletivo.<\/p>\n<p>Mais uma vez viemos a p\u00fablico pedir a sua ajuda. Conhe\u00e7a melhor a<a href=\"https:\/\/blogs.correiobraziliense.com.br\/coletivo-filhas-da-mae\/2022\/08\/29\/voce-conhece-o-coletivo-filhas-da-mae\/\"> nossa hist\u00f3ria<\/a> e participe da campanha do\u00a0 Coletivo Filhas da M\u00e3e no site Vakinha. <a href=\"https:\/\/www.vakinha.com.br\/vaquinha\/formalize-o-coletivo-filhas-da-mae\">Colabore aqui.<\/a><\/p>\n<p>PS: Nesta ter\u00e7a-feira, 06 de setembro, tem <a href=\"https:\/\/us06web.zoom.us\/j\/86931800265?pwd=MGFzVGdQMnNPeXE3MFRuNHFKeGRCQT09\">Roda de Conversa online<\/a> no Coletivo Filhas da M\u00e3e, a partir das 19h.<\/p>\n<p>#ningu\u00e9msoltam\u00e3odeningu\u00e9m\u00a0 #setembroroxo<\/p>\n","protected":false},"excerpt":{"rendered":"<p>Ana Castro &amp; Cosette Castro Bras\u00edlia- Este \u00e9 um m\u00eas especial. De muitas atividades no Coletivo Filhas da M\u00e3e e em todos os grupos que atuam na tem\u00e1tica das dem\u00eancias e do envelhecimento. Estamos no m\u00eas do Setembro Roxo dedicado a sensibilizar pessoas de todas as idades sobre os diferentes tipos de dem\u00eancias e suas caracter\u00edsticas. As dem\u00eancias s\u00e3o uma [&hellip;]<\/p>\n","protected":false},"author":126,"featured_media":0,"comment_status":"open","ping_status":"open","sticky":false,"template":"","format":"standard","meta":{"footnotes":""},"categories":[11],"tags":[8,119,20,21,7,5,12,263,410],"class_list":["post-1127","post","type-post","status-publish","format-standard","hentry","category-cuidado-e-autocuidado","tag-alzheimer","tag-cuidado-e-autocuidado","tag-cuidadoras-familiares","tag-cuidadores-familiares","tag-demencias","tag-envelhecimento","tag-politicas-publicas-de-cuidado","tag-setembro-roxo","tag-vakinha-virtual"],"_links":{"self":[{"href":"https:\/\/blogs.correiobraziliense.com.br\/coletivo-filhas-da-mae\/wp-json\/wp\/v2\/posts\/1127","targetHints":{"allow":["GET"]}}],"collection":[{"href":"https:\/\/blogs.correiobraziliense.com.br\/coletivo-filhas-da-mae\/wp-json\/wp\/v2\/posts"}],"about":[{"href":"https:\/\/blogs.correiobraziliense.com.br\/coletivo-filhas-da-mae\/wp-json\/wp\/v2\/types\/post"}],"author":[{"embeddable":true,"href":"https:\/\/blogs.correiobraziliense.com.br\/coletivo-filhas-da-mae\/wp-json\/wp\/v2\/users\/126"}],"replies":[{"embeddable":true,"href":"https:\/\/blogs.correiobraziliense.com.br\/coletivo-filhas-da-mae\/wp-json\/wp\/v2\/comments?post=1127"}],"version-history":[{"count":4,"href":"https:\/\/blogs.correiobraziliense.com.br\/coletivo-filhas-da-mae\/wp-json\/wp\/v2\/posts\/1127\/revisions"}],"predecessor-version":[{"id":1133,"href":"https:\/\/blogs.correiobraziliense.com.br\/coletivo-filhas-da-mae\/wp-json\/wp\/v2\/posts\/1127\/revisions\/1133"}],"wp:attachment":[{"href":"https:\/\/blogs.correiobraziliense.com.br\/coletivo-filhas-da-mae\/wp-json\/wp\/v2\/media?parent=1127"}],"wp:term":[{"taxonomy":"category","embeddable":true,"href":"https:\/\/blogs.correiobraziliense.com.br\/coletivo-filhas-da-mae\/wp-json\/wp\/v2\/categories?post=1127"},{"taxonomy":"post_tag","embeddable":true,"href":"https:\/\/blogs.correiobraziliense.com.br\/coletivo-filhas-da-mae\/wp-json\/wp\/v2\/tags?post=1127"}],"curies":[{"name":"wp","href":"https:\/\/api.w.org\/{rel}","templated":true}]}}