{"id":1115,"date":"2022-08-29T07:00:24","date_gmt":"2022-08-29T10:00:24","guid":{"rendered":"https:\/\/blogs.correiobraziliense.com.br\/coletivo-filhas-da-mae\/?p=1115"},"modified":"2022-08-28T09:13:52","modified_gmt":"2022-08-28T12:13:52","slug":"voce-conhece-o-coletivo-filhas-da-mae","status":"publish","type":"post","link":"https:\/\/blogs.correiobraziliense.com.br\/coletivo-filhas-da-mae\/2022\/08\/29\/voce-conhece-o-coletivo-filhas-da-mae\/","title":{"rendered":"Voc\u00ea Conhece o Coletivo Filhas da M\u00e3e?"},"content":{"rendered":"<p>Ana Castro &amp; Cosette Castro<\/p>\n<p>Bras\u00edlia &#8211; Voc\u00ea conhece a breve hist\u00f3ria do Coletivo Filhas da M\u00e3e? Ele surgiu em\u00a0 dezembro de 2019 em Bras\u00edlia formado inicialmente por cuidadoras e ex-cuidadoras familiares de m\u00e3es com dem\u00eancias. Atualmente tamb\u00e9m acolhe\u00a0 demais parentes, assim como\u00a0 amigas e vizinhas\u00a0 (cuidadoras informais) que contribuem para o cuidado familiar.<\/p>\n<p>Tem quem estranhe que escrevamos no feminino.\u00a0Usamos o termo cuidadoras porque 96% da atividade de cuidado \u00e9 realizado por mulheres no Brasil, segundo o IBGE. Uma pequena homenagem ao trabalho invis\u00edvel das mulheres.<\/p>\n<p>Estimulamos\u00a0 o cuidado. Ou seja, disponibilizamos informa\u00e7\u00f5es para\u00a0 melhorar a qualidade de vida dos pacientes, assim como\u00a0 sobre\u00a0 cuidado e preven\u00e7\u00e3o coletiva. E promovemos\u00a0 o autocuidado das cuidadoras familiares.<\/p>\n<p>Atuamos com diferentes eixos tem\u00e1ticos, como pode ser observado a seguir (com links em azul):<\/p>\n<p><strong>1. Cultura &#8211;\u00a0<\/strong>Apostamos no l\u00fadico e na arte\u00a0 como espa\u00e7os de sa\u00fade mental para cuidadoras e familiares.<\/p>\n<p>Em 2020 estreamos no Carnaval de Bras\u00edlia,\u00a0\u00a0com <a href=\"https:\/\/www.youtube.com\/watch?v=k1V9-ttJqgo\">marchinha sobre Alzheimer<\/a>\u00a0de autoria de Andr\u00e9 Barbosa Filho. Contamos com apoio e parceria do bloco Rivotrio, o maior bloco da sa\u00fade mental do Distrito Federal. O <a href=\"https:\/\/www.youtube.com\/shorts\/wplmj510Es8\">cortejo<\/a> ocorreu nas ruas da Asa Norte e reunimos at\u00e9 quatro gera\u00e7\u00f5es da mesma fam\u00edlia.<\/p>\n<p>Durante os preparativos para o Carnaval 2020 realizamos oficinas de samba no p\u00e9, de coreografia e de estandarte com colabora\u00e7\u00e3o de professoras volunt\u00e1rias. Antes da pandemia, realizamos duas atividades de &#8220;Esquenta Carnaval&#8221;, uma <a href=\"https:\/\/www.youtube.com\/shorts\/K0Q9JoVzM-I\">festa na rua<\/a> (SQS 308) e outra em Clube (Vizinhan\u00e7a da Asa Sul).<\/p>\n<p>Nem a pandemia nos segurou.<\/p>\n<p>Nos reinventamos e realizamos Carnaval Virtual com marchinhas pr\u00f3prias. Tamb\u00e9m realizamos\u00a0\u00a006 Saraus Virtuais de M\u00fasica, Poesia e Afeto on line (dispon\u00edveis no Canal do You Tube <a href=\"https:\/\/www.youtube.com\/watch?v=9Uh_S0LL8O8&amp;t=10s\">Filhas da M\u00e3e Coletivo<\/a>). Contamos com convidados do Rio Grande do Sul, S\u00e3o Paulo, Rio de Janeiro, Pernambuco, Distrito Federal, Portugal e Espanha.<\/p>\n<p><strong>2.Autocuidado &#8211;\u00a0<\/strong>Estimulamos a voz e\u00a0 visibilidade das cuidadoras familiares, atrav\u00e9s de projetos\u00a0 como \u00a0<a href=\"https:\/\/www.youtube.com\/watch?v=sAHw5UCgfnA\">\u201cFilhas da M\u00e3e Contam Hist\u00f3rias&#8221;<\/a> desenvolvido via do celular (2020). <a href=\"https:\/\/www.youtube.com\/watch?v=e4cQzOZ9Tow&amp;t=5s\">Homens<\/a> tamb\u00e9m participaram dos projetos.<\/p>\n<p>Em\u00a0 2021 o Projeto \u00a0\u201cFilhas da M\u00e3e Contam Hist\u00f3rias\u201d recebeu textos que foram publicados <a href=\"https:\/\/blogs.correiobraziliense.com.br\/coletivo-filhas-da-mae\/2021\/09\/03\/eu-e-o-alzheimer\/\">neste Blog<\/a> durante o m\u00eas de setembro, m\u00eas de conscientiza\u00e7\u00e3o sobre Alzheimer e outras dem\u00eancias.<\/p>\n<p>E a partir de setembro de 2022 iniciaremos a Roda de Cuidado e Autocuidado entre Mulheres Cuidadoras Familiares, presencial, sob a coordena\u00e7\u00e3o da psicanalista Cosette Castro e da neuropsic\u00f3loga Maria Motta. (Inscri\u00e7\u00f5es,\u00a0 gratuitas, at\u00e9 31 de agosto <a href=\"https:\/\/forms.gle\/apoWin5sBPEZmeDh7\">aqui<\/a>).<\/p>\n<p><strong>3.\u00a0<\/strong><strong>Cuidado &#8211;\u00a0<\/strong>Desde 2022 realizamos\u00a0 &#8220;Rodas de Conversas&#8221; on line mensais\u00a0 voltadas para quest\u00f5es sobre dem\u00eancias e cuidado na primeira ter\u00e7a-feira de cada m\u00eas a partir das 19h, com 1h30 de dura\u00e7\u00e3o.<\/p>\n<p>Tamb\u00e9m em 2022 criamos o Programa\u00a0 &#8220;Terceiras\u00a0 Inten\u00e7\u00f5es&#8221;, realizado na 3\u00aa ter\u00e7a-feira de cada m\u00eas, com entrevista on line. In\u00edcio: 19h, com 1 hora de dura\u00e7\u00e3o, no Canal do You Tube:\u00a0 Filhas da M\u00e3e Coletivo (<a href=\"https:\/\/www.youtube.com\/watch?v=zUgbVLGL-zY&amp;t=16s\">Veja aqui<\/a>).<\/p>\n<p><strong>4.Pol\u00edticas P\u00fablicas &#8211;\u00a0<\/strong>Defendemos e contribu\u00edmos\u00a0 para formula\u00e7\u00e3o de pol\u00edticas p\u00fablicas em n\u00edvel distrital e federal.<\/p>\n<p>Em 2021 participamos da constru\u00e7\u00e3o do substitutivo da Deputada Arlete Sampaio e conseguimos aprova\u00e7\u00e3o da Lei 6926\/2021 que institui a &#8220;pol\u00edtica distrital para preven\u00e7\u00e3o, tratamento e apoio \u00e0s pessoas com doen\u00e7a de Alzheimer e outras dem\u00eancias, aos seus familiares e aos cuidadores&#8221;. A segunda etapa \u00e9 conseguir a implementa\u00e7\u00e3o da Lei.<\/p>\n<p>Em 2022 enviamos\u00a0 15 propostas ao\u00a0 PL 4364\/2020 de autoria do Senador Paim (PT\/RS) e com substitutivo do Senador Rom\u00e1rio (PL\/RJ) sobre a <u>Pol\u00edtica Nacional de Cuidado Integral<\/u> para pessoas com Dem\u00eancias que se encontra agora em tramita\u00e7\u00e3o na C\u00e2mara dos Deputados.\u00a0As duas\u00a0 a\u00e7\u00f5es vem sendo realizadas em parceria com o F\u00f3rum Distrital em Defesa da Pessoa Idosa \/DF.<\/p>\n<p><strong>5.Apoio \u00e0 Ci\u00eancia e Pesquisa &#8211;<\/strong>\u00a0Em 2021, criamos o\u00a0 grupo de trabalho (GT)\u00a0\u00a0 para desenhar a metodologia e objetivos da Primeira <a href=\"https:\/\/blogs.correiobraziliense.com.br\/coletivo-filhas-da-mae\/2022\/03\/04\/voce-ja-se-cadastrou-para-pesquisa-sobre-demencias-da-codeplan\/\">Pesquisa<\/a> no Distrito Federal para Tra\u00e7ar o Perfil de Pessoas Idosas com Dem\u00eancias que inclui tamb\u00e9m Pesquisa sobre Cuidadoras Familiares,\u00a0 Informais\u00a0 (amigas e vizinhas que cuidam) \u00a0e Profissionais, suas necessidades e demandas. Conseguimos emenda parlamentar na C\u00e2mara Distrital para implementar o estudo e a Codeplan (atual Instituto Ip\u00ea) assumiu a execu\u00e7\u00e3o da pesquisa em 2021.<\/p>\n<p>Em 2022 o estudo, que conta com equipe de 09 \u00a0pesquisadores e possui acompanhamento de Comit\u00ea Cient\u00edfico internacional, come\u00e7ou.\u00a0Este projeto est\u00e1 sendo realizado em parceria com o F\u00f3rum Distrital em Defesa da Pessoa Idosa.<\/p>\n<p><strong>\u00a06.<\/strong><strong>Envelhecimento Saud\u00e1vel e Ativo &#8211; <\/strong>\u00a0Participamos, em 2021, da campanha internacional &#8221; Velhice N\u00e3o \u00c9 Doen\u00e7a&#8221; e em\u00a02022 participamos da campanha nacional &#8220;Velhices Cidad\u00e3s&#8221;. Al\u00e9m disso, no Blog escrevemos\u00a0frequentemente sobre envelhecimento, assim como nas redes sociais digitais.<\/p>\n<p><strong>7.Campanhas P\u00fablicas <\/strong>&#8211; Em 2020 realizamos a campanha\u00a0 &#8220;Vacina J\u00e1&#8221; divulgando <a href=\"https:\/\/www.youtube.com\/shorts\/5XeaBOgsSXY\">depoimentos em v\u00eddeo<\/a> de todo pa\u00eds.<\/p>\n<p>Em 2021,\u00a0participamos da campanha internacional\u00a0 &#8220;Junho Violeta&#8221;, de conscientiza\u00e7\u00e3o sobre a viol\u00eancia contra a pessoa idosa com Proje\u00e7\u00f5es nos Pr\u00e9dios P\u00fablicos federais (Congresso, Museu Nacional, Rodovi\u00e1ria e Biblioteca Nacional) e campanha nas redes sociais digitais.<\/p>\n<p>Em 2022, as <a href=\"https:\/\/blogs.correiobraziliense.com.br\/coletivo-filhas-da-mae\/2022\/06\/17\/imagens-lindas-para-uma-realidade-violenta\/\">Proje\u00e7\u00f5es<\/a> inclu\u00edram os pr\u00e9dios p\u00fablicos federais (Congresso, Museu Nacional, Rodovi\u00e1ria) e pr\u00e9dios p\u00fablicos do Distrito Federal (Pal\u00e1cio do Buriti e C\u00e2mara Distrital).<\/p>\n<p>Desde a cria\u00e7\u00e3o do Coletivo, participamos do \u201cSetembro Roxo\u201d, m\u00eas de conscientiza\u00e7\u00e3o sobre o Alzheimer e outras dem\u00eancias, com a\u00e7\u00f5es e parcerias nacionais durante todo o m\u00eas. Aguarde as novidades em 2022!<\/p>\n<p>PS: Convidamos voc\u00ea mais uma vez a participar da campanha <a href=\"https:\/\/www.vakinha.com.br\/2826664?utm_campaign=whatsapp&amp;utm_medium=website&amp;utm_content=2826664&amp;utm_source=social-shares\">Vakinha<\/a> para Formalizar o Coletivo. Ainda n\u00e3o conseguimos arrecadar o que precisamos.<\/p>\n","protected":false},"excerpt":{"rendered":"<p>Ana Castro &amp; Cosette Castro Bras\u00edlia &#8211; Voc\u00ea conhece a breve hist\u00f3ria do Coletivo Filhas da M\u00e3e? Ele surgiu em\u00a0 dezembro de 2019 em Bras\u00edlia formado inicialmente por cuidadoras e ex-cuidadoras familiares de m\u00e3es com dem\u00eancias. Atualmente tamb\u00e9m acolhe\u00a0 demais parentes, assim como\u00a0 amigas e vizinhas\u00a0 (cuidadoras informais) que contribuem para o cuidado familiar. Tem quem estranhe que escrevamos no [&hellip;]<\/p>\n","protected":false},"author":126,"featured_media":0,"comment_status":"open","ping_status":"open","sticky":false,"template":"","format":"standard","meta":{"footnotes":""},"categories":[11],"tags":[8,360,119,20,25,21,7,5,294,225,256,537,295,292,293,263],"class_list":["post-1115","post","type-post","status-publish","format-standard","hentry","category-cuidado-e-autocuidado","tag-alzheimer","tag-codeplan","tag-cuidado-e-autocuidado","tag-cuidadoras-familiares","tag-cuidadoras-informais","tag-cuidadores-familiares","tag-demencias","tag-envelhecimento","tag-forum-em-defesa-da-pessoa-idosa-df","tag-lei-6926-2021","tag-mes-mundial-de-conscientizacao-do-alzheimer","tag-pl-4364-2020","tag-politicas-publicas-para-pessoas-idosas","tag-senador-paulo-paim","tag-senador-romario","tag-setembro-roxo"],"_links":{"self":[{"href":"https:\/\/blogs.correiobraziliense.com.br\/coletivo-filhas-da-mae\/wp-json\/wp\/v2\/posts\/1115","targetHints":{"allow":["GET"]}}],"collection":[{"href":"https:\/\/blogs.correiobraziliense.com.br\/coletivo-filhas-da-mae\/wp-json\/wp\/v2\/posts"}],"about":[{"href":"https:\/\/blogs.correiobraziliense.com.br\/coletivo-filhas-da-mae\/wp-json\/wp\/v2\/types\/post"}],"author":[{"embeddable":true,"href":"https:\/\/blogs.correiobraziliense.com.br\/coletivo-filhas-da-mae\/wp-json\/wp\/v2\/users\/126"}],"replies":[{"embeddable":true,"href":"https:\/\/blogs.correiobraziliense.com.br\/coletivo-filhas-da-mae\/wp-json\/wp\/v2\/comments?post=1115"}],"version-history":[{"count":4,"href":"https:\/\/blogs.correiobraziliense.com.br\/coletivo-filhas-da-mae\/wp-json\/wp\/v2\/posts\/1115\/revisions"}],"predecessor-version":[{"id":1119,"href":"https:\/\/blogs.correiobraziliense.com.br\/coletivo-filhas-da-mae\/wp-json\/wp\/v2\/posts\/1115\/revisions\/1119"}],"wp:attachment":[{"href":"https:\/\/blogs.correiobraziliense.com.br\/coletivo-filhas-da-mae\/wp-json\/wp\/v2\/media?parent=1115"}],"wp:term":[{"taxonomy":"category","embeddable":true,"href":"https:\/\/blogs.correiobraziliense.com.br\/coletivo-filhas-da-mae\/wp-json\/wp\/v2\/categories?post=1115"},{"taxonomy":"post_tag","embeddable":true,"href":"https:\/\/blogs.correiobraziliense.com.br\/coletivo-filhas-da-mae\/wp-json\/wp\/v2\/tags?post=1115"}],"curies":[{"name":"wp","href":"https:\/\/api.w.org\/{rel}","templated":true}]}}