{"id":1098,"date":"2022-08-22T07:00:49","date_gmt":"2022-08-22T10:00:49","guid":{"rendered":"https:\/\/blogs.correiobraziliense.com.br\/coletivo-filhas-da-mae\/?p=1098"},"modified":"2022-08-23T09:06:03","modified_gmt":"2022-08-23T12:06:03","slug":"um-mes-de-setembro-para-lembrar","status":"publish","type":"post","link":"https:\/\/blogs.correiobraziliense.com.br\/coletivo-filhas-da-mae\/2022\/08\/22\/um-mes-de-setembro-para-lembrar\/","title":{"rendered":"Um M\u00eas de Setembro Para Lembrar"},"content":{"rendered":"<p style=\"padding-left: 30px\">Ana Castro &amp; Cosette Castro<\/p>\n<p>Bras\u00edlia- Setembro est\u00e1 chegando, um m\u00eas de alerta para preven\u00e7\u00e3o de diversas doen\u00e7as.<\/p>\n<p>Amarelo, roxo, vermelho e verde. S\u00e3o v\u00e1rias as cores e campanhas de sa\u00fade, entre elas a campanha mundial de conscientiza\u00e7\u00e3o sobre Alzheimer, conhecida como Setembro Roxo.<\/p>\n<p>Neste post comentaremos sobre as campanhas do setembro Amarelo, Setembro Roxo e Setembro Verde.<\/p>\n<p>Setembro Amarelo<br \/>\nA campanha come\u00e7ou em 2014 para esclarecer sobre transtornos mentais que podem levar ao suic\u00eddio e divulgar formas de preven\u00e7\u00e3o.<\/p>\n<p>No Brasil, 14 mil pessoas se suicidam anualmente e este n\u00famero pode chegar a mais de 1 milh\u00e3o de pessoas no mundo.\u00a0Segundo a Associa\u00e7\u00e3o Brasileira de Psiquiatria, 96,8% dos casos est\u00e3o relacionados \u00e0 depress\u00e3o, ao transtorno bipolar ao abuso de subst\u00e2ncias diversas.<\/p>\n<p>O dia mundial de conscientiza\u00e7\u00e3o sobre o suic\u00eddio \u00e9 dia 10 de setembro. Vale conhecer a cartilha &#8220;Suic\u00eddio, Informando para Prevenir&#8221; no link\u00a0https:\/\/\/web\/pub\/cfm\/index9\/.<\/p>\n<p>Setembro Roxo<br \/>\nNo Brasil, cerca de 1,2 milh\u00e3o pessoas vivem com alguma forma de dem\u00eancia e 100 mil novos casos s\u00e3o diagnosticados por ano. A demora m\u00e9dia para o diagn\u00f3stico oscila entre 1 e 2 anos.<\/p>\n<p>Em todo o mundo, o n\u00famero de casos chega a 50 milh\u00f5es de pessoas. De acordo com as estimativas da <em>Alzheimer\u2019s Disease International,<\/em> os n\u00fameros poder\u00e3o chegar a 74,7 milh\u00f5es em 2030 e 131,5 milh\u00f5es em 2050, devido ao envelhecimento da popula\u00e7\u00e3o.<\/p>\n<p>Este \u00e9 o 11o. ano que a campanha de preven\u00e7\u00e3o \u00e9 realizada no Brasil. O dia mundial \u00e9 21 de setembro.\u00a0Para o Setembro Roxo, o Coletivo Filhas da M\u00e3e preparou uma agenda de atividades e parcerias, que pode ser acompanhada abaixo:<\/p>\n<p>Dia 06, ter\u00e7a-feira, 19h<\/p>\n<p>Roda de Conversa do Coletivo Filhas da M\u00e3e on line<\/p>\n<p>Dia 13, ter\u00e7a-feira, 19h<\/p>\n<p>Roda de Conversa on line com ABRAz\/ Ribeir\u00e3o Preto sobre &#8220;Viol\u00eancias Cotidianas&#8221;<\/p>\n<p>Dia 14, quarta-feira, 19h<\/p>\n<p>Live em parceria com Miriam Moratta do grupo Cuida de Mim sobre &#8220;Os Desafios da Alimenta\u00e7\u00e3o&#8221;<\/p>\n<p>Dia 18, domingo, das 8 \u00e0s 12h<br \/>\n&#8220;Caminhada da Mem\u00f3ria&#8221; em parceria com o SESC\/DF e outros parceiros. Haver\u00e1 tendas com atividades para toda fam\u00edlia.<\/p>\n<p>Dia Mundial do Alzheimer<\/p>\n<p>Dia 21, quarta-feira, 20h<br \/>\nApresenta\u00e7\u00e3o especial do Programa Terceiras Inten\u00e7\u00f5es. Convidado:\u00a0 geriatra Ot\u00e1vio Castello.<\/p>\n<p>Setembro Verde<\/p>\n<p>A campanha alerta para a preven\u00e7\u00e3o ao c\u00e2ncer de intestino.\u00a0O c\u00e2ncer de intestino \u00e9 a segunda causa da doen\u00e7a entre as mulheres e a terceira entre os homens.<\/p>\n<p>De acordo com o Instituto Nacional do C\u00e2ncer (Inca), 90% dos casos poderiam ser evitados com preven\u00e7\u00e3o e h\u00e1bitos saud\u00e1veis, como alimenta\u00e7\u00e3o e exerc\u00edcios f\u00edsicos.\u00a0Mais informa\u00e7\u00f5es <a href=\"https:\/\/www.inca.gov.br\/assuntos\/cancer-de-intestino\">aqui<\/a>.<\/p>\n<p>Setembro Verde tamb\u00e9m \u00e9 o nome da campanha nacional de doa\u00e7\u00e3o de \u00f3rg\u00e3os, iniciada h\u00e1 15 anos e cujo dia \u00e9 27 de setembro. Conforme informa\u00e7\u00f5es do Minist\u00e9rio da Sa\u00fade, o Brasil \u00e9 o segundo maior transplantador do mundo e refer\u00eancia mundial nessa \u00e1rea.<\/p>\n<p>A decis\u00e3o final de doar e salvar uma vida \u00e9 da fam\u00edlia, que ainda hoje representa o maior motivo de impedimento \u00e0 doa\u00e7\u00e3o de \u00f3rg\u00e3os e tecidos. Outras informa\u00e7\u00f5es <a href=\"https:\/\/site.abto.org.br\/blog\/campanhas\/acompanhe-o-setembro-verde-na-midia\/\">aqui<\/a>.<\/p>\n<p><strong>Sobre a &#8220;Caminhada daMem\u00f3ria&#8221;<\/strong><\/p>\n<p>Vale a pena organizar a agenda para participar das atividades on line do m\u00eas de setembro e participar presencialmente da &#8220;Caminhada da Mem\u00f3ria&#8221;, no dia 18.<\/p>\n<p>Mesmo quem n\u00e3o for caminhar, sugerimos vestir roupas leves e t\u00eanis, pois haver\u00e1 tendas com atividades l\u00fadicas, de sa\u00fade e informativas para todas idades. Ser\u00e1 uma manh\u00e3 de est\u00edmulo ao autocuidado, \u00e0 atividade f\u00edsica e de celebra\u00e7\u00e3o da vida.<\/p>\n<p>PS &#8211; Est\u00e3o abertas as inscri\u00e7\u00f5es para a Roda de Cuidado e Autocuidado entre Mulheres Cuidadoras Familiares. As Rodas s\u00e3o gratuitas e v\u00e3o acontecer em Bras\u00edlia a partir de 02 de setembro, das 10 \u00e0s 12h. Inscri\u00e7\u00f5es em\u00a0<a href=\"https:\/\/forms.gle\/apoWin5sBPEZmeDh7\">https:\/\/forms.gle\/apoWin5sBPEZmeDh7<\/a><\/p>\n","protected":false},"excerpt":{"rendered":"<p>Ana Castro &amp; Cosette Castro Bras\u00edlia- Setembro est\u00e1 chegando, um m\u00eas de alerta para preven\u00e7\u00e3o de diversas doen\u00e7as. Amarelo, roxo, vermelho e verde. S\u00e3o v\u00e1rias as cores e campanhas de sa\u00fade, entre elas a campanha mundial de conscientiza\u00e7\u00e3o sobre Alzheimer, conhecida como Setembro Roxo. Neste post comentaremos sobre as campanhas do setembro Amarelo, Setembro Roxo e Setembro Verde. Setembro Amarelo [&hellip;]<\/p>\n","protected":false},"author":126,"featured_media":0,"comment_status":"open","ping_status":"open","sticky":false,"template":"","format":"standard","meta":{"footnotes":""},"categories":[18],"tags":[8,532,3,2,20,21,7,533,204,423,271,263,531],"class_list":["post-1098","post","type-post","status-publish","format-standard","hentry","category-alzheimer","tag-alzheimer","tag-alzheimers-disease-international","tag-autocuidado","tag-cuidado","tag-cuidadoras-familiares","tag-cuidadores-familiares","tag-demencias","tag-miriam-moratt","tag-otavio-castello","tag-projeto-terceiras-intencoes","tag-setembro-amarelo","tag-setembro-roxo","tag-setembro-verde"],"_links":{"self":[{"href":"https:\/\/blogs.correiobraziliense.com.br\/coletivo-filhas-da-mae\/wp-json\/wp\/v2\/posts\/1098","targetHints":{"allow":["GET"]}}],"collection":[{"href":"https:\/\/blogs.correiobraziliense.com.br\/coletivo-filhas-da-mae\/wp-json\/wp\/v2\/posts"}],"about":[{"href":"https:\/\/blogs.correiobraziliense.com.br\/coletivo-filhas-da-mae\/wp-json\/wp\/v2\/types\/post"}],"author":[{"embeddable":true,"href":"https:\/\/blogs.correiobraziliense.com.br\/coletivo-filhas-da-mae\/wp-json\/wp\/v2\/users\/126"}],"replies":[{"embeddable":true,"href":"https:\/\/blogs.correiobraziliense.com.br\/coletivo-filhas-da-mae\/wp-json\/wp\/v2\/comments?post=1098"}],"version-history":[{"count":6,"href":"https:\/\/blogs.correiobraziliense.com.br\/coletivo-filhas-da-mae\/wp-json\/wp\/v2\/posts\/1098\/revisions"}],"predecessor-version":[{"id":1107,"href":"https:\/\/blogs.correiobraziliense.com.br\/coletivo-filhas-da-mae\/wp-json\/wp\/v2\/posts\/1098\/revisions\/1107"}],"wp:attachment":[{"href":"https:\/\/blogs.correiobraziliense.com.br\/coletivo-filhas-da-mae\/wp-json\/wp\/v2\/media?parent=1098"}],"wp:term":[{"taxonomy":"category","embeddable":true,"href":"https:\/\/blogs.correiobraziliense.com.br\/coletivo-filhas-da-mae\/wp-json\/wp\/v2\/categories?post=1098"},{"taxonomy":"post_tag","embeddable":true,"href":"https:\/\/blogs.correiobraziliense.com.br\/coletivo-filhas-da-mae\/wp-json\/wp\/v2\/tags?post=1098"}],"curies":[{"name":"wp","href":"https:\/\/api.w.org\/{rel}","templated":true}]}}