{"id":1090,"date":"2022-08-19T07:00:29","date_gmt":"2022-08-19T10:00:29","guid":{"rendered":"https:\/\/blogs.correiobraziliense.com.br\/coletivo-filhas-da-mae\/?p=1090"},"modified":"2022-08-19T08:00:44","modified_gmt":"2022-08-19T11:00:44","slug":"o-mar-das-memorias-perdidas","status":"publish","type":"post","link":"https:\/\/blogs.correiobraziliense.com.br\/coletivo-filhas-da-mae\/2022\/08\/19\/o-mar-das-memorias-perdidas\/","title":{"rendered":"O Mar das Mem\u00f3rias Perdidas"},"content":{"rendered":"<p>Ana Castro &amp; Cosette Castro<\/p>\n<p>Bras\u00edlia &#8211; &#8220;Escrevo para que minha mem\u00f3ria resista&#8221;. Assim come\u00e7a o filme <a href=\"https:\/\/youtu.be\/o2BXMSrrZXQ\">&#8220;A Suspeita<\/a>&#8221; (2021), que tem Gl\u00f3ria Pires como protagonista. ( aviso de <em>spoiler<\/em>)<\/p>\n<p>O filme, dirigido por Pedro Peregrino, \u00e9 um suspense de diferentes n\u00edveis, individual e coletivo. Privado e p\u00fablico.<\/p>\n<p>Na obra, a vida pessoal da comiss\u00e1ria da intelig\u00eancia da Pol\u00edcia Civil, L\u00facia, se entrecruza todo o tempo com a investiga\u00e7\u00e3o que coordena.<\/p>\n<p>No decorrer do relato, faltam fam\u00edlia, filhos, namorado, marido, amante ou <em>ficante<\/em>. Faltam amigas, amigos e rede de apoio.<\/p>\n<p>H\u00e1 uma solid\u00e3o acachapante. A vida de L\u00facia, que optou pelo emprego e excluiu a possibilidade de construir uma fam\u00edlia, s\u00f3 tem sentido no trabalho.<\/p>\n<p>N\u00e3o h\u00e1 jovens nem velhos na vida da comiss\u00e1ria. Apenas um tio,\u00a0 padre, t\u00e3o solit\u00e1rio e abnegado \u00e0 profiss\u00e3o quanto \u00e0\u00a0 sobrinha. E mesmo a rela\u00e7\u00e3o de tio e sobrinha est\u00e1 entremeada do trabalho policial.<\/p>\n<p>Aos 45 min de filme conhecemos o diagn\u00f3stico da doen\u00e7a e o aviso de que L\u00facia precisa mudar a vida. N\u00e3o poder\u00e1 mais ser policial. Nem deter o avan\u00e7o da doen\u00e7a<\/p>\n<p>O filme \u00e9 rodeado de apagamentos. Literais, como costuma ocorrer em filmes que envolvem policiais, e apagamentos da mem\u00f3ria, uma vez que a comiss\u00e1ria tem Doen\u00e7a de Alzheimer ( DA).<\/p>\n<p>H\u00e1 tamb\u00e9m congelamentos onde a personagem paralisa, sai do ar.<\/p>\n<p>S\u00e3o pequenos e grandes congelamentos. Sozinha ou na frente de outras pessoas. Em geral, em situa\u00e7\u00f5es cotidianas e reuni\u00f5es, pois o trabalho toma praticamente todo o dia e a vida da comiss\u00e1ria.<\/p>\n<p>O primeiro congelamento ocorre ao montar uma escuta na casa de uma pessoa suspeita. E v\u00e3o se sucedendo em um crescente.<\/p>\n<p>Depois ela fica parada na sinaleira. S\u00f3 se d\u00e1 conta que o tempo passou quando os carros n\u00e3o param de buzinar.<\/p>\n<p>L\u00facia congela no corredor do edif\u00edcio da pol\u00edcia. Ela paralisa entre v\u00e1rios corredores, caminhos sem fim, como labirintos.<\/p>\n<p>Em outra ocasi\u00e3o, erra de apartamento, tentando abrir a porta de uma vizinha que mora em outro andar. Inteligente, a comiss\u00e1ria consegue disfar\u00e7ar os equ\u00edvocos. S\u00f3 n\u00e3o consegue enganar a si mesma.<\/p>\n<p>O suspense da investiga\u00e7\u00e3o gera d\u00favida se comiss\u00e1ria vai conseguir chegar ao final do caso. Principalmente quando um congelamento ocorre no consult\u00f3rio m\u00e9dico.<\/p>\n<p>A escurid\u00e3o de muitas cenas, as penumbras apontam para os pontos sem luz, perdidos na mem\u00f3ria da policial que come\u00e7a a se fragmentar.<\/p>\n<p>Os brancos come\u00e7am aos poucos. Pequenas distra\u00e7\u00f5es que v\u00e3o crescendo em paralelo aos acontecimentos da hist\u00f3ria. E que L\u00facia tenta disfar\u00e7ar at\u00e9 n\u00e3o se dar mais conta dos pr\u00f3prios esquecimentos.<\/p>\n<p>Em 1 hora de filme n\u00e3o h\u00e1 um abra\u00e7o, um beijo, um toque de carinho. Em um mundo de viol\u00eancia, crime e corrup\u00e7\u00e3o, L\u00facia n\u00e3o pode confiar em ningu\u00e9m. Muitas vezes, nem em si mesma.<\/p>\n<p>Mas a comiss\u00e1ria n\u00e3o est\u00e1 parada. N\u00e3o se rende na investiga\u00e7\u00e3o nem na vida particular.<\/p>\n<p>Em casa, ela usa quadros de avisos na parede para lembrar dos compromissos. Usa mensagens no celular e escreve para si mesma no computador.<\/p>\n<p>&#8220;Tudo que pode ser prova da minha hist\u00f3ria precisa ser salvo&#8221;, escreve a si mesma, como um objetivo a ser cumprido.<\/p>\n<p>No filme a participa\u00e7\u00e3o especial de Alexa, intelig\u00eancia artificial da Amazon, aparece quase como um personagem. Substitui a fam\u00edlia inexistente, lembrando as medica\u00e7\u00f5es que L\u00facia precisa tomar.<\/p>\n<p>A comiss\u00e1ria arma estrat\u00e9gias internas para lembrar. Aluga uma sala em um dep\u00f3sito para guardar suas lembran\u00e7as, encaixotadas. Mas o pr\u00f3prio dep\u00f3sito \u00e9 quase um labirinto, f\u00e1cil de se perder no mar das mem\u00f3rias em constante turbul\u00eancia.<\/p>\n<p>As perdas v\u00e3o em um crescente com o passar do filme. A chaleira esquecida no fog\u00e3o. A torneira aberta. A roupa que n\u00e3o foi torcida e fica pingando no ch\u00e3o. A oferta de caf\u00e9 pra quem j\u00e1 est\u00e1 tomando caf\u00e9. Pinceladas do que ocorre com os pacientes na vida real.<\/p>\n<p>O diretor, que em alguns momentos usa metanarrativa e elementos da psican\u00e1lise, filma L\u00facia dentro de quadros e a partir do reflexo no espelho. Algo que ela n\u00e3o consegue ver mais. Apenas quem acompanha de fora.<\/p>\n<p>E o que \u00e9 o filme sen\u00e3o uma tentativa de reflexo da realidade narrado atrav\u00e9s da fic\u00e7\u00e3o? O que s\u00e3o as dem\u00eancias sen\u00e3o fragmentos cada vez mais desencontrados da mem\u00f3ria de cada paciente?<\/p>\n<p>A comiss\u00e1ria tenta salvar uma pessoa no filme. Salvando o outro, L\u00facia tenta\/ deseja salvar a si mesma. Nem sempre \u00e9 poss\u00edvel.<\/p>\n<p>PS: O filme que chegou aos cinemas em junho e est\u00e1 dispon\u00edvel apenas em plataformas pagas, como You Tube.<\/p>\n<p>PS 2: Dia 02 de setembro vai come\u00e7ar em Bras\u00edlia a Roda de Cuidado e Autocuidado entre Mulheres Cuidadoras Familiares. Inscri\u00e7\u00f5es gratuitas <a href=\"https:\/\/docs.google.com\/forms\/d\/1YebNyBcoLLg-mvOrdFgj9qkFdprF6K2OMYUiTTgj0AM\/prefill\">aqui<\/a><\/p>\n","protected":false},"excerpt":{"rendered":"<p>Ana Castro &amp; Cosette Castro Bras\u00edlia &#8211; &#8220;Escrevo para que minha mem\u00f3ria resista&#8221;. Assim come\u00e7a o filme &#8220;A Suspeita&#8221; (2021), que tem Gl\u00f3ria Pires como protagonista. ( aviso de spoiler) O filme, dirigido por Pedro Peregrino, \u00e9 um suspense de diferentes n\u00edveis, individual e coletivo. Privado e p\u00fablico. Na obra, a vida pessoal da comiss\u00e1ria da intelig\u00eancia da Pol\u00edcia Civil, [&hellip;]<\/p>\n","protected":false},"author":126,"featured_media":0,"comment_status":"open","ping_status":"open","sticky":false,"template":"","format":"standard","meta":{"footnotes":""},"categories":[18],"tags":[528,8,7,529,527,530],"class_list":["post-1090","post","type-post","status-publish","format-standard","hentry","category-alzheimer","tag-a-suspeita","tag-alzheimer","tag-demencias","tag-filme-nacional","tag-gloria-pires","tag-pedro-peregrino"],"_links":{"self":[{"href":"https:\/\/blogs.correiobraziliense.com.br\/coletivo-filhas-da-mae\/wp-json\/wp\/v2\/posts\/1090","targetHints":{"allow":["GET"]}}],"collection":[{"href":"https:\/\/blogs.correiobraziliense.com.br\/coletivo-filhas-da-mae\/wp-json\/wp\/v2\/posts"}],"about":[{"href":"https:\/\/blogs.correiobraziliense.com.br\/coletivo-filhas-da-mae\/wp-json\/wp\/v2\/types\/post"}],"author":[{"embeddable":true,"href":"https:\/\/blogs.correiobraziliense.com.br\/coletivo-filhas-da-mae\/wp-json\/wp\/v2\/users\/126"}],"replies":[{"embeddable":true,"href":"https:\/\/blogs.correiobraziliense.com.br\/coletivo-filhas-da-mae\/wp-json\/wp\/v2\/comments?post=1090"}],"version-history":[{"count":6,"href":"https:\/\/blogs.correiobraziliense.com.br\/coletivo-filhas-da-mae\/wp-json\/wp\/v2\/posts\/1090\/revisions"}],"predecessor-version":[{"id":1096,"href":"https:\/\/blogs.correiobraziliense.com.br\/coletivo-filhas-da-mae\/wp-json\/wp\/v2\/posts\/1090\/revisions\/1096"}],"wp:attachment":[{"href":"https:\/\/blogs.correiobraziliense.com.br\/coletivo-filhas-da-mae\/wp-json\/wp\/v2\/media?parent=1090"}],"wp:term":[{"taxonomy":"category","embeddable":true,"href":"https:\/\/blogs.correiobraziliense.com.br\/coletivo-filhas-da-mae\/wp-json\/wp\/v2\/categories?post=1090"},{"taxonomy":"post_tag","embeddable":true,"href":"https:\/\/blogs.correiobraziliense.com.br\/coletivo-filhas-da-mae\/wp-json\/wp\/v2\/tags?post=1090"}],"curies":[{"name":"wp","href":"https:\/\/api.w.org\/{rel}","templated":true}]}}