{"id":1079,"date":"2022-08-15T07:00:42","date_gmt":"2022-08-15T10:00:42","guid":{"rendered":"https:\/\/blogs.correiobraziliense.com.br\/coletivo-filhas-da-mae\/?p=1079"},"modified":"2022-08-15T09:49:24","modified_gmt":"2022-08-15T12:49:24","slug":"precisamos-construir-pontes","status":"publish","type":"post","link":"https:\/\/blogs.correiobraziliense.com.br\/coletivo-filhas-da-mae\/2022\/08\/15\/precisamos-construir-pontes\/","title":{"rendered":"Precisamos Construir Pontes"},"content":{"rendered":"<p>Ana Castro &amp; Cosette Castro<\/p>\n<p>Bras\u00edlia &#8211; Em um pa\u00eds onde 57 mil crian\u00e7as foram registradas apenas pelas m\u00e3es em 2022, al\u00e9m de outras 5 milh\u00f5es em anos anteriores, \u00e9 urgente promover a cultura do cuidado em todos os \u00e2mbitos, contra o sil\u00eancio e o abandono que come\u00e7am na inf\u00e2ncia e se estendem at\u00e9 a velhice.<\/p>\n<p>N\u00e3o por acaso realizamos o ato inter-religioso no s\u00e1bado, 13 de agosto, na Catedral Anglicana, em Bras\u00edlia, que cedeu o espa\u00e7o para a realiza\u00e7\u00e3o do di\u00e1logo entre representantes religiosos\u00a0 e agn\u00f3sticos. Um di\u00e1logo que se tornou poss\u00edvel pelo apoio da Rede Nacional pela Diversidade Religiosa e Laicidade (Renadir) e pela URI, sigla em ingl\u00eas da Iniciativa das Religi\u00f5es Reunidas.<\/p>\n<p>Apesar de\u00a0 ser um Coletivo laico, reconhecemos a espiritualidade como um espa\u00e7o de reflex\u00e3o sobre a vida e sobre o sagrado. Um espa\u00e7o para dialogar\u00a0 sobre a invisibilidade e a sobrecarga f\u00edsica e emocional das cuidadoras familiares, sobre o preconceito de idade e viol\u00eancia contra pessoas idosas.<\/p>\n<p>Independente de religi\u00e3o ou de ser agn\u00f3stico, a cultura do cuidado inclui o respeito e o\u00a0 acolhimento ao processo de envelhecimento da popula\u00e7\u00e3o, estimulada a manter-se eternamente jovem, em constante nega\u00e7\u00e3o sobre o pr\u00f3prio corpo e\u00a0 envelhecimento.<\/p>\n<p>Estiveram presentes representantes dos Cat\u00f3licos, Evang\u00e9licos de diferentes matizes, Esp\u00edritas, Mu\u00e7ulmanos, F\u00e9 Baha&#8217;i, Religi\u00f5es de Matriz Africana, Santo Daime,\u00a0 Igreja de Jesus Cristo dos Santos dos \u00daltimos Dias e agn\u00f3sticos. O ato inter-religioso, gravado pela URI, pode ser assistido\u00a0<a href=\"https:\/\/fb.watch\/eTxDiZhBVj\/?mibextid=q7h612\">clicando aqui.<\/a><\/p>\n<p><img loading=\"lazy\" decoding=\"async\" class=\"size-medium wp-image-1080 aligncenter\" src=\"https:\/\/blogs.correiobraziliense.com.br\/coletivo-filhas-da-mae\/wp-content\/uploads\/sites\/60\/2022\/08\/atointerreligioso-300x200.jpg\" alt=\"\" width=\"300\" height=\"200\" srcset=\"https:\/\/blogs.correiobraziliense.com.br\/coletivo-filhas-da-mae\/wp-content\/uploads\/sites\/60\/2022\/08\/atointerreligioso-300x200.jpg 300w, https:\/\/blogs.correiobraziliense.com.br\/coletivo-filhas-da-mae\/wp-content\/uploads\/sites\/60\/2022\/08\/atointerreligioso-768x512.jpg 768w, https:\/\/blogs.correiobraziliense.com.br\/coletivo-filhas-da-mae\/wp-content\/uploads\/sites\/60\/2022\/08\/atointerreligioso-1024x682.jpg 1024w, https:\/\/blogs.correiobraziliense.com.br\/coletivo-filhas-da-mae\/wp-content\/uploads\/sites\/60\/2022\/08\/atointerreligioso-800x533.jpg 800w, https:\/\/blogs.correiobraziliense.com.br\/coletivo-filhas-da-mae\/wp-content\/uploads\/sites\/60\/2022\/08\/atointerreligioso-550x367.jpg 550w, https:\/\/blogs.correiobraziliense.com.br\/coletivo-filhas-da-mae\/wp-content\/uploads\/sites\/60\/2022\/08\/atointerreligioso-230x153.jpg 230w, https:\/\/blogs.correiobraziliense.com.br\/coletivo-filhas-da-mae\/wp-content\/uploads\/sites\/60\/2022\/08\/atointerreligioso.jpg 1280w\" sizes=\"auto, (max-width: 300px) 100vw, 300px\" \/><\/p>\n<p style=\"text-align: center\">Foto: Luiz Alves<\/p>\n<p><strong>Programa Terceiras Inten\u00e7\u00f5es: &#8220;Quando N\u00e3o \u00c9 S\u00f3 Tristeza&#8221;<\/strong><\/p>\n<p>Negar o pr\u00f3prio corpo, n\u00e3o aceitar os cabelos brancos, p\u00e9s de galinha, rugas e o aumento das velinhas a cada anivers\u00e1rio, pode gerar ang\u00fastia, ansiedade. Em alguns casos, somado a outros fatores f\u00edsicos e emocionais, pode causar mais sofrimento at\u00e9 chegar ao diagn\u00f3stico de um quadro depressivo.<\/p>\n<p>No Brasil,\u00a0 o Covid-19, a crise econ\u00f4mica, o desemprego, a amplia\u00e7\u00e3o da intoler\u00e2ncia,\u00a0 da viol\u00eancia em todos os setores e a falta di\u00e1logo tamb\u00e9m s\u00e3o fatores que contribu\u00edram\u00a0 para o aumento em 41% dos casos de depress\u00e3o.<\/p>\n<p>O percentual foi apontado na pesquisa divulgada em 2022 pela Universidade Federal de Pelotas (UFPel), em parceria com Covitel e Vital Strategies, a partir da compara\u00e7\u00e3o com os dados sobre diagn\u00f3sticos de depress\u00e3o no per\u00edodo pr\u00e9-pandemia.<\/p>\n<p><img loading=\"lazy\" decoding=\"async\" class=\"size-medium wp-image-1081 aligncenter\" src=\"https:\/\/blogs.correiobraziliense.com.br\/coletivo-filhas-da-mae\/wp-content\/uploads\/sites\/60\/2022\/08\/marina-caparelli1-300x172.jpeg\" alt=\"\" width=\"300\" height=\"172\" srcset=\"https:\/\/blogs.correiobraziliense.com.br\/coletivo-filhas-da-mae\/wp-content\/uploads\/sites\/60\/2022\/08\/marina-caparelli1-300x172.jpeg 300w, https:\/\/blogs.correiobraziliense.com.br\/coletivo-filhas-da-mae\/wp-content\/uploads\/sites\/60\/2022\/08\/marina-caparelli1-768x439.jpeg 768w, https:\/\/blogs.correiobraziliense.com.br\/coletivo-filhas-da-mae\/wp-content\/uploads\/sites\/60\/2022\/08\/marina-caparelli1-1024x586.jpeg 1024w, https:\/\/blogs.correiobraziliense.com.br\/coletivo-filhas-da-mae\/wp-content\/uploads\/sites\/60\/2022\/08\/marina-caparelli1-800x458.jpeg 800w, https:\/\/blogs.correiobraziliense.com.br\/coletivo-filhas-da-mae\/wp-content\/uploads\/sites\/60\/2022\/08\/marina-caparelli1-550x315.jpeg 550w, https:\/\/blogs.correiobraziliense.com.br\/coletivo-filhas-da-mae\/wp-content\/uploads\/sites\/60\/2022\/08\/marina-caparelli1-230x132.jpeg 230w, https:\/\/blogs.correiobraziliense.com.br\/coletivo-filhas-da-mae\/wp-content\/uploads\/sites\/60\/2022\/08\/marina-caparelli1.jpeg 1061w\" sizes=\"auto, (max-width: 300px) 100vw, 300px\" \/><\/p>\n<p>A doen\u00e7a, com caracter\u00edsticas multifatoriais, atinge 11% da popula\u00e7\u00e3o, sendo mais frequente, entre as mulheres, segundo pesquisa publicada em 2021 pelo Minist\u00e9rio da Sa\u00fade.<\/p>\n<p>Levando em conta a situa\u00e7\u00e3o de\u00a0 cont\u00ednua sobrecarga emocional das cuidadoras familiares, convidamos a psiquiatra Marina Caparelli para participar do programa <strong>Terceiras Inten\u00e7\u00f5es<\/strong> desta ter\u00e7a-feira, 16 de agosto, que vai ao ar no Canal do You Tube do Coletivo Filhas da M\u00e3e, \u00e0s 19h. Marque na\u00a0agenda o\u00a0<a href=\"https:\/\/youtu.be\/zUgbVLGL-zY\">Link para ter\u00e7a-feira.<\/a><\/p>\n<p>As duas atividades, apesar de aparentemente opostas, fazem parte de um conjunto de a\u00e7\u00f5es do Coletivo Filhas da M\u00e3e para estimular o autocuidado e o cuidado coletivo, incluindo um tema cercado de preconceitos, medo e solid\u00e3o, como \u00e9 o caso do sofrimento emocional e dos estados depressivos.<\/p>\n<p>Seguimos tecendo, construindo pontes.<\/p>\n","protected":false},"excerpt":{"rendered":"<p>Ana Castro &amp; Cosette Castro Bras\u00edlia &#8211; Em um pa\u00eds onde 57 mil crian\u00e7as foram registradas apenas pelas m\u00e3es em 2022, al\u00e9m de outras 5 milh\u00f5es em anos anteriores, \u00e9 urgente promover a cultura do cuidado em todos os \u00e2mbitos, contra o sil\u00eancio e o abandono que come\u00e7am na inf\u00e2ncia e se estendem at\u00e9 a velhice. N\u00e3o por acaso realizamos [&hellip;]<\/p>\n","protected":false},"author":126,"featured_media":0,"comment_status":"open","ping_status":"open","sticky":false,"template":"","format":"standard","meta":{"footnotes":""},"categories":[11],"tags":[524,512,513,507,518,514,516,520,521,519,525,506,509,510,511,508,504,515,522,517,523,505,526],"class_list":["post-1079","post","type-post","status-publish","format-standard","hentry","category-cuidado-e-autocuidado","tag-adila-rozycki","tag-aldemario-araujo-castro","tag-alvaro-fernando-da-silva","tag-catedral-anglicana-de-brasilia","tag-centro-islamico-de-brasilia","tag-comite-de-diversidade-religiosa","tag-evanildo-nascimento","tag-fe-bahai","tag-fernando-de-la-roque-couto","tag-hoeck-miranda","tag-igreja-de-jesus-cristo-dos-santos-dos-ultimos-dias","tag-iniciativa-das-religioes-unidas","tag-luiz-alves","tag-mae-baiana","tag-pastora-wall","tag-rede-nacional-pela-diversidade-religiosa-e-laicidade","tag-renadir","tag-salete-aquino","tag-santo-daime","tag-sayd-tenorio","tag-tatiana-ribeiro","tag-uri","tag-victor-jimenez"],"_links":{"self":[{"href":"https:\/\/blogs.correiobraziliense.com.br\/coletivo-filhas-da-mae\/wp-json\/wp\/v2\/posts\/1079","targetHints":{"allow":["GET"]}}],"collection":[{"href":"https:\/\/blogs.correiobraziliense.com.br\/coletivo-filhas-da-mae\/wp-json\/wp\/v2\/posts"}],"about":[{"href":"https:\/\/blogs.correiobraziliense.com.br\/coletivo-filhas-da-mae\/wp-json\/wp\/v2\/types\/post"}],"author":[{"embeddable":true,"href":"https:\/\/blogs.correiobraziliense.com.br\/coletivo-filhas-da-mae\/wp-json\/wp\/v2\/users\/126"}],"replies":[{"embeddable":true,"href":"https:\/\/blogs.correiobraziliense.com.br\/coletivo-filhas-da-mae\/wp-json\/wp\/v2\/comments?post=1079"}],"version-history":[{"count":5,"href":"https:\/\/blogs.correiobraziliense.com.br\/coletivo-filhas-da-mae\/wp-json\/wp\/v2\/posts\/1079\/revisions"}],"predecessor-version":[{"id":1086,"href":"https:\/\/blogs.correiobraziliense.com.br\/coletivo-filhas-da-mae\/wp-json\/wp\/v2\/posts\/1079\/revisions\/1086"}],"wp:attachment":[{"href":"https:\/\/blogs.correiobraziliense.com.br\/coletivo-filhas-da-mae\/wp-json\/wp\/v2\/media?parent=1079"}],"wp:term":[{"taxonomy":"category","embeddable":true,"href":"https:\/\/blogs.correiobraziliense.com.br\/coletivo-filhas-da-mae\/wp-json\/wp\/v2\/categories?post=1079"},{"taxonomy":"post_tag","embeddable":true,"href":"https:\/\/blogs.correiobraziliense.com.br\/coletivo-filhas-da-mae\/wp-json\/wp\/v2\/tags?post=1079"}],"curies":[{"name":"wp","href":"https:\/\/api.w.org\/{rel}","templated":true}]}}