{"id":1048,"date":"2022-07-29T09:22:40","date_gmt":"2022-07-29T12:22:40","guid":{"rendered":"https:\/\/blogs.correiobraziliense.com.br\/coletivo-filhas-da-mae\/?p=1048"},"modified":"2022-07-29T09:27:50","modified_gmt":"2022-07-29T12:27:50","slug":"sobre-tabus-canabidiol-e-demencias","status":"publish","type":"post","link":"https:\/\/blogs.correiobraziliense.com.br\/coletivo-filhas-da-mae\/2022\/07\/29\/sobre-tabus-canabidiol-e-demencias\/","title":{"rendered":"Sobre Tabus, Canabidiol e Dem\u00eancias"},"content":{"rendered":"<p>Ana Castro &amp; Cosette Castro<\/p>\n<p>Bras\u00edlia &#8211; Muita gente tem\u00a0 pedido para que public\u00e1ssemos um post sobre o uso terap\u00eautico da cannabis. At\u00e9 ent\u00e3o, evitamos tratar de um assunto que desperta rea\u00e7\u00f5es diferenciadas, apesar do aumento consider\u00e1vel de pessoas com dem\u00eancia, Parkinson, dores cr\u00f4nicas e autismo ao nosso redor que v\u00eam usando canabidiol como terapia para melhorar a qualidade de vida.<\/p>\n<p>Esta semana, ao assistir o geriatra Otavio Castello, ex-presidente da ABRAz-DF, no programa <a href=\"https:\/\/youtu.be\/GnJHOno9djY\">O Que Rola na Geronto<\/a>, consideramos que est\u00e1 na hora de compartilhar informa\u00e7\u00f5es sobre o tema.\u00a0 Ali\u00e1s, quando o assunto\u00a0\u00e9 o canabidiol como possibilidade terap\u00eautica o mundo se divide entre aqueles que s\u00e3o contra ou a favor.<\/p>\n<p>Esta \u00e9 uma discuss\u00e3o tabu que ainda se encontra envolta de medo e preconceito na sociedade e que gera pol\u00eamica entre a comunidade cient\u00edfica.<\/p>\n<p>Derivado da cannabis sativa, mais conhecida como maconha, o canabidiol \u00e9 um dos mais de 400 derivados da planta. Cerca de 150 deles s\u00e3o produtos que interagem no sistema nervoso.<\/p>\n<p>O uso do canabidiol como potencial terap\u00eautico para tratar algumas doen\u00e7as neurodegerativas come\u00e7ou com o Parkinson e depois foi pensado para o Alzheimer, o tipo mais comum de dem\u00eancias.\u00a0No mundo ocidental, atualmente h\u00e1 estudos para tratar ins\u00f4nia e outros dist\u00farbios do sono, dor cr\u00f4nica, ansiedade, depress\u00e3o, epilepsia, Parkinson e autismo, entre outros.<\/p>\n<p>Mas o\u00a0uso medicinal da cannabis n\u00e3o \u00e9 recente.\u00a0H\u00e1 registros antigos na \u00cdndia, na China e no Egito para tratar epilepsia\u00a0 e dores de cabe\u00e7a, entre outras doen\u00e7as.<\/p>\n<p>O registro mais antigo data do ano 2.737 A.C. \u00c9 um livro sobre medicina escrito pelo imperador chin\u00eas Shennong, que tamb\u00e9m era farmacologista. A obra inclu\u00eda a cannabis como tratamento para diferentes doen\u00e7as, como gota e reumatismo.<\/p>\n<p>Do Egito vem o registro mais antigo no uso terap\u00eautico da cannabis para o tratamento do c\u00e2ncer e aparece no papiro Fayyun Medical, do s\u00e9culo II.<\/p>\n<p>Vale lembrar que terapia com canabidiol \u00e9 diferente de estimular as pessoas a fumar maconha.<\/p>\n<p>Os dois produtos mais usados para terapias na medicina s\u00e3o o canabidiol \u00a0(CBD) e o tetra-hidrocanabinol (THC).\u00a0No uso terap\u00eautico, a concentra\u00e7\u00e3o utilizada \u00e9 diferente de um cigarro de maconha. Enquanto a quantidade de THC na medica\u00e7\u00e3o \u00e9 de 0,3%, no cigarro de maconha a concentra\u00e7\u00e3o pode chegar a 10 e 15%.<\/p>\n<p>O uso da cannabis medicinal \u00e9 controlado e estudado de acordo com as necessidades de cada paciente. \u00c9 usado via oral, em gotas. Come\u00e7a com baixas doses e vai sendo aumentado aos poucos, sendo monitorado\u00a0pelo especialista.<\/p>\n<p>Diferente de alguns estados nos Estados Unidos onde \u00e9 poss\u00edvel obter uma receita m\u00e9dica para usar cannabis fumada em casos de enxaqueca, no Brasil a legisla\u00e7\u00e3o \u00e9 restrita.<\/p>\n<p>Ainda n\u00e3o existe uma lei que normatize a quest\u00e3o. H\u00e1 projetos de lei\u00a0 que esperam vota\u00e7\u00e3o no Congresso Nacional,\u00a0 mas h\u00e1 resolu\u00e7\u00f5es da Ag\u00eancia Nacional de Vigil\u00e2ncia Sanit\u00e1ria (Anvisa).<\/p>\n<p>Essas resolu\u00e7\u00f5es apontam crit\u00e9rios a serem observados para produ\u00e7\u00e3o local ou exporta\u00e7\u00e3o do produto. Inclusive h\u00e1 resolu\u00e7\u00e3o para o plantio para consumo pr\u00f3prio em alguns tipos de doen\u00e7a.<\/p>\n<p>Nos Estados Unidos h\u00e1 ainda o livre uso de canabidioide como suplemento alimentar. Em geral \u00e9 sint\u00e9tico e possui dosagem menor de concentra\u00e7\u00e3o. Embora n\u00e3o seja considerado um rem\u00e9dio, se confunde com uso medicinal.<\/p>\n<p>O canabidiol, de acordo com relatos m\u00e9dicos e das fam\u00edlias com pacientes que utilizam a medica\u00e7\u00e3o, n\u00e3o causa depend\u00eancia qu\u00edmica e quase n\u00e3o causa efeito colateral nos pacientes. \u00c9 um produto que, na maioria dos casos,\u00a0 melhora a qualidade de vida dos pacientes.<\/p>\n<p>E o Alzheimer? Assim como os outros tipos de dem\u00eancias, trata-se de uma doen\u00e7a sem cura. Mas t\u00eam tratamento. As medica\u00e7\u00f5es utilizadas s\u00e3o sintom\u00e1ticas. Ou seja, auxiliam nos sintomas que aparecem nas diferentes fases. E, nesse sentido, o canabidiol tem contribu\u00eddo para melhorar o sono, as varia\u00e7\u00f5es de humor e comportamento. Em alguns casos, inclusive ajuda na rela\u00e7\u00e3o familiar.<\/p>\n<p>Mas como lembra o geriatra Otavio Castello, n\u00e3o temos medicamentos que impe\u00e7am a evolu\u00e7\u00e3o da doen\u00e7a. N\u00e3o h\u00e1 medica\u00e7\u00f5es modificadoras. &#8220;Os rem\u00e9dios desaceleram a doen\u00e7a de forma moderada. O canabidiol, que ainda necessita de muitos estudos, vem ajudando. Mas cada caso \u00e9 um caso \u00e9 precisa ser analisado em sua particularidade&#8221;.<\/p>\n<p>Em meio a uma doen\u00e7a com tantos desafios e sem cura, encontrar medica\u00e7\u00f5es que contribuam com a qualidade de vida dos pacientes e com pouca contra indica\u00e7\u00e3o \u00e9 um passo importante. Encontrar profissionais que se abram para essas novas possibilidades e ousem afirmar publicamente que o Conselho Federal de Medicina precisa se atualizar e atender as novas demandas, \u00e9 um passo gigante.<\/p>\n<p>Em tempo: damos as boas-vindas ao Instituto da Parentalidade Prateada (IPP), a mais nova ONG do Distrito Federal criada para defender os direitos da pessoa idosa.<\/p>\n","protected":false},"excerpt":{"rendered":"<p>Ana Castro &amp; Cosette Castro Bras\u00edlia &#8211; Muita gente tem\u00a0 pedido para que public\u00e1ssemos um post sobre o uso terap\u00eautico da cannabis. At\u00e9 ent\u00e3o, evitamos tratar de um assunto que desperta rea\u00e7\u00f5es diferenciadas, apesar do aumento consider\u00e1vel de pessoas com dem\u00eancia, Parkinson, dores cr\u00f4nicas e autismo ao nosso redor que v\u00eam usando canabidiol como terapia para melhorar a qualidade de [&hellip;]<\/p>\n","protected":false},"author":126,"featured_media":0,"comment_status":"open","ping_status":"open","sticky":false,"template":"","format":"standard","meta":{"footnotes":""},"categories":[18],"tags":[8,488,487,2,7,5,493,489,490,204,492,491],"class_list":["post-1048","post","type-post","status-publish","format-standard","hentry","category-alzheimer","tag-alzheimer","tag-canabidiol","tag-cannabis","tag-cuidado","tag-demencias","tag-envelhecimento","tag-fayyun-medical","tag-instituto-da-parentalidade-prateada","tag-o-que-rola-na-geronto","tag-otavio-castello","tag-shennong","tag-tetra-hidrocanabidiol"],"_links":{"self":[{"href":"https:\/\/blogs.correiobraziliense.com.br\/coletivo-filhas-da-mae\/wp-json\/wp\/v2\/posts\/1048","targetHints":{"allow":["GET"]}}],"collection":[{"href":"https:\/\/blogs.correiobraziliense.com.br\/coletivo-filhas-da-mae\/wp-json\/wp\/v2\/posts"}],"about":[{"href":"https:\/\/blogs.correiobraziliense.com.br\/coletivo-filhas-da-mae\/wp-json\/wp\/v2\/types\/post"}],"author":[{"embeddable":true,"href":"https:\/\/blogs.correiobraziliense.com.br\/coletivo-filhas-da-mae\/wp-json\/wp\/v2\/users\/126"}],"replies":[{"embeddable":true,"href":"https:\/\/blogs.correiobraziliense.com.br\/coletivo-filhas-da-mae\/wp-json\/wp\/v2\/comments?post=1048"}],"version-history":[{"count":3,"href":"https:\/\/blogs.correiobraziliense.com.br\/coletivo-filhas-da-mae\/wp-json\/wp\/v2\/posts\/1048\/revisions"}],"predecessor-version":[{"id":1051,"href":"https:\/\/blogs.correiobraziliense.com.br\/coletivo-filhas-da-mae\/wp-json\/wp\/v2\/posts\/1048\/revisions\/1051"}],"wp:attachment":[{"href":"https:\/\/blogs.correiobraziliense.com.br\/coletivo-filhas-da-mae\/wp-json\/wp\/v2\/media?parent=1048"}],"wp:term":[{"taxonomy":"category","embeddable":true,"href":"https:\/\/blogs.correiobraziliense.com.br\/coletivo-filhas-da-mae\/wp-json\/wp\/v2\/categories?post=1048"},{"taxonomy":"post_tag","embeddable":true,"href":"https:\/\/blogs.correiobraziliense.com.br\/coletivo-filhas-da-mae\/wp-json\/wp\/v2\/tags?post=1048"}],"curies":[{"name":"wp","href":"https:\/\/api.w.org\/{rel}","templated":true}]}}