{"id":1946,"count":1,"description":"","link":"https:\/\/blogs.correiobraziliense.com.br\/coletivo-filhas-da-mae\/category\/dia-mundial-de-conscientizacao-sobre-a-violencia-contra-pessoas-idosas\/","name":"Dia Mundial de Conscientiza\u00e7\u00e3o sobre a Viol\u00eancia Contra Pessoas Idosas","slug":"dia-mundial-de-conscientizacao-sobre-a-violencia-contra-pessoas-idosas","taxonomy":"category","parent":0,"meta":[],"_links":{"self":[{"href":"https:\/\/blogs.correiobraziliense.com.br\/coletivo-filhas-da-mae\/wp-json\/wp\/v2\/categories\/1946","targetHints":{"allow":["GET"]}}],"collection":[{"href":"https:\/\/blogs.correiobraziliense.com.br\/coletivo-filhas-da-mae\/wp-json\/wp\/v2\/categories"}],"about":[{"href":"https:\/\/blogs.correiobraziliense.com.br\/coletivo-filhas-da-mae\/wp-json\/wp\/v2\/taxonomies\/category"}],"wp:post_type":[{"href":"https:\/\/blogs.correiobraziliense.com.br\/coletivo-filhas-da-mae\/wp-json\/wp\/v2\/posts?categories=1946"}],"curies":[{"name":"wp","href":"https:\/\/api.w.org\/{rel}","templated":true}]}}