{"id":4046,"count":1,"description":"","link":"https:\/\/blogs.correiobraziliense.com.br\/cbpoder\/tag\/ministerio-publico-e-politicas-publicas-dialogo-e-inovacao-2025\/","name":"Minist\u00e9rio P\u00fablico e Pol\u00edticas P\u00fablicas: Di\u00e1logo e Inova\u00e7\u00e3o 2025\u201d","slug":"ministerio-publico-e-politicas-publicas-dialogo-e-inovacao-2025","taxonomy":"post_tag","meta":[],"_links":{"self":[{"href":"https:\/\/blogs.correiobraziliense.com.br\/cbpoder\/wp-json\/wp\/v2\/tags\/4046","targetHints":{"allow":["GET"]}}],"collection":[{"href":"https:\/\/blogs.correiobraziliense.com.br\/cbpoder\/wp-json\/wp\/v2\/tags"}],"about":[{"href":"https:\/\/blogs.correiobraziliense.com.br\/cbpoder\/wp-json\/wp\/v2\/taxonomies\/post_tag"}],"wp:post_type":[{"href":"https:\/\/blogs.correiobraziliense.com.br\/cbpoder\/wp-json\/wp\/v2\/posts?tags=4046"}],"curies":[{"name":"wp","href":"https:\/\/api.w.org\/{rel}","templated":true}]}}