{"id":4023,"count":1,"description":"","link":"https:\/\/blogs.correiobraziliense.com.br\/cbpoder\/tag\/secretaria-de-direitos-humanos-da-federacao-dos-partidos-verdes-das-americas-fpva\/","name":"secret\u00e1ria de Direitos Humanos da Federa\u00e7\u00e3o dos Partidos Verdes das Am\u00e9ricas (FPVA)","slug":"secretaria-de-direitos-humanos-da-federacao-dos-partidos-verdes-das-americas-fpva","taxonomy":"post_tag","meta":[],"_links":{"self":[{"href":"https:\/\/blogs.correiobraziliense.com.br\/cbpoder\/wp-json\/wp\/v2\/tags\/4023","targetHints":{"allow":["GET"]}}],"collection":[{"href":"https:\/\/blogs.correiobraziliense.com.br\/cbpoder\/wp-json\/wp\/v2\/tags"}],"about":[{"href":"https:\/\/blogs.correiobraziliense.com.br\/cbpoder\/wp-json\/wp\/v2\/taxonomies\/post_tag"}],"wp:post_type":[{"href":"https:\/\/blogs.correiobraziliense.com.br\/cbpoder\/wp-json\/wp\/v2\/posts?tags=4023"}],"curies":[{"name":"wp","href":"https:\/\/api.w.org\/{rel}","templated":true}]}}