{"id":3287,"count":1,"description":"","link":"https:\/\/blogs.correiobraziliense.com.br\/cbpoder\/tag\/gabinete-de-seguranca-institucional-da-presidencia-da-republica-gsi\/","name":"Gabinete de Seguran\u00e7a Institucional da Presid\u00eancia da Rep\u00fablica (GSI)","slug":"gabinete-de-seguranca-institucional-da-presidencia-da-republica-gsi","taxonomy":"post_tag","meta":[],"_links":{"self":[{"href":"https:\/\/blogs.correiobraziliense.com.br\/cbpoder\/wp-json\/wp\/v2\/tags\/3287","targetHints":{"allow":["GET"]}}],"collection":[{"href":"https:\/\/blogs.correiobraziliense.com.br\/cbpoder\/wp-json\/wp\/v2\/tags"}],"about":[{"href":"https:\/\/blogs.correiobraziliense.com.br\/cbpoder\/wp-json\/wp\/v2\/taxonomies\/post_tag"}],"wp:post_type":[{"href":"https:\/\/blogs.correiobraziliense.com.br\/cbpoder\/wp-json\/wp\/v2\/posts?tags=3287"}],"curies":[{"name":"wp","href":"https:\/\/api.w.org\/{rel}","templated":true}]}}