{"id":2755,"count":1,"description":"","link":"https:\/\/blogs.correiobraziliense.com.br\/cbpoder\/tag\/promotoria-de-justica-de-defesa-do-patrimonio-publico-e-social-prodep\/","name":"Promotoria de Justi\u00e7a de Defesa do Patrim\u00f4nio P\u00fablico e Social (Prodep)","slug":"promotoria-de-justica-de-defesa-do-patrimonio-publico-e-social-prodep","taxonomy":"post_tag","meta":[],"_links":{"self":[{"href":"https:\/\/blogs.correiobraziliense.com.br\/cbpoder\/wp-json\/wp\/v2\/tags\/2755","targetHints":{"allow":["GET"]}}],"collection":[{"href":"https:\/\/blogs.correiobraziliense.com.br\/cbpoder\/wp-json\/wp\/v2\/tags"}],"about":[{"href":"https:\/\/blogs.correiobraziliense.com.br\/cbpoder\/wp-json\/wp\/v2\/taxonomies\/post_tag"}],"wp:post_type":[{"href":"https:\/\/blogs.correiobraziliense.com.br\/cbpoder\/wp-json\/wp\/v2\/posts?tags=2755"}],"curies":[{"name":"wp","href":"https:\/\/api.w.org\/{rel}","templated":true}]}}