{"id":9996,"date":"2017-11-14T09:05:47","date_gmt":"2017-11-14T11:05:47","guid":{"rendered":"https:\/\/blogs.correiobraziliense.com.br\/cbpoder\/?p=9996"},"modified":"2017-11-14T09:41:18","modified_gmt":"2017-11-14T11:41:18","slug":"coronel-feitosa-diretor-de-contrstos-da-pmdf-e-preso-pelo-mpdft","status":"publish","type":"post","link":"https:\/\/blogs.correiobraziliense.com.br\/cbpoder\/coronel-feitosa-diretor-de-contrstos-da-pmdf-e-preso-pelo-mpdft\/","title":{"rendered":"Coronel da PMDF respons\u00e1vel por contratos \u00e9 preso pelo MPDFT"},"content":{"rendered":"<p>ANA MARIACAMPOS<\/p>\n<p>O diretor do Departamento de Log\u00edstica e Finan\u00e7as (DLF) da Pol\u00edcia Militar do Distrito Federal (PMDF), Coronel Francisco Eronildo Feitosa, foi preso nesta manh\u00e3 (14\/11) no \u00e2mbito da Opera\u00e7\u00e3o Mamon.<\/p>\n<p>Investiga\u00e7\u00e3o do\u00a0Minist\u00e9rio P\u00fablico do Distrito Federal e Territ\u00f3rios, por meio das Promotorias de Justi\u00e7a Militar \u2013 PJM, do Centro de Informa\u00e7\u00f5es &#8211; CI e do Grupo de Atua\u00e7\u00e3o Especial de Combate ao Crime Organizado \u2013 GAECO, apontou a exist\u00eancia de uma associa\u00e7\u00e3o criminosa que supostamente praticava extors\u00e3o para liberar contratos firmados pela Pol\u00edcia Militar do DF.<\/p>\n<p>Segundo promotores de Justi\u00e7a, h\u00e1 suspeitas de cobran\u00e7a de propina para libera\u00e7\u00e3o de faturas para manuten\u00e7\u00e3o de viaturas. Mas a opera\u00e7\u00e3o apura ind\u00edcios de exig\u00eancias de extors\u00e3o contra empres\u00e1rios em praticamente todos os contratos da PMDF.<\/p>\n<p>As investiga\u00e7\u00f5es foram realizadas pelo MPDFT com apoio da Corregedoria da PMDF. Mamon \u00e9 um termo derivado da B\u00edblia, usado para descrever a cobi\u00e7a.<\/p>\n<p>Al\u00e9m da pris\u00e3o, os promotores realuzaram buscas e apreens\u00f5es na DLF, que funciona no pr\u00e9dio do comando-geral, e na casa do coronel Feitosa.<\/p>\n<p>O coronel da PMDF j\u00e1 se envolveu em outro epis\u00f3dio controverso. Ele\u00a0<a href=\"http:\/\/\u00c9 o mesmo que... http:\/\/www.correiobraziliense.com.br\/app\/noticia\/cidades\/2012\/10\/01\/interna_cidadesdf,325427\/tenente-coronel-acusado-de-crime-sexual-ganha-novo-cargo-na-pm.shtml\">tamb\u00e9m foi acusado de ter tentado beijar uma jovem de 22 anos<\/a>, funcion\u00e1ria de um bar, em Vicente Pires. Segundo a jovem, Francisco Eronildo estava armado e com sinais de embriaguez. Em depoimento, a v\u00edtima afirmou que o policial teria for\u00e7ado um beijo e dito palavras de baixo cal\u00e3o. As imagens do circuito interno de c\u00e2meras do bar filmaram a agress\u00e3o.<\/p>\n","protected":false},"excerpt":{"rendered":"<p>ANA MARIACAMPOS O diretor do Departamento de Log\u00edstica e Finan\u00e7as (DLF) da Pol\u00edcia Militar do Distrito Federal (PMDF), Coronel Francisco Eronildo Feitosa, foi preso nesta manh\u00e3 (14\/11) no \u00e2mbito da Opera\u00e7\u00e3o Mamon. Investiga\u00e7\u00e3o do\u00a0Minist\u00e9rio P\u00fablico do Distrito Federal e Territ\u00f3rios, por meio das Promotorias de Justi\u00e7a Militar \u2013 PJM, do Centro de Informa\u00e7\u00f5es &#8211; CI e do Grupo de Atua\u00e7\u00e3o [&hellip;]<\/p>\n","protected":false},"author":9,"featured_media":0,"comment_status":"open","ping_status":"closed","sticky":false,"template":"","format":"standard","meta":{"footnotes":""},"categories":[234],"tags":[972,521,498,971],"class_list":["post-9996","post","type-post","status-publish","format-standard","hentry","category-cb-poder","tag-diretor-de-financas","tag-gaeco","tag-mpdft","tag-pmdf"],"_links":{"self":[{"href":"https:\/\/blogs.correiobraziliense.com.br\/cbpoder\/wp-json\/wp\/v2\/posts\/9996","targetHints":{"allow":["GET"]}}],"collection":[{"href":"https:\/\/blogs.correiobraziliense.com.br\/cbpoder\/wp-json\/wp\/v2\/posts"}],"about":[{"href":"https:\/\/blogs.correiobraziliense.com.br\/cbpoder\/wp-json\/wp\/v2\/types\/post"}],"author":[{"embeddable":true,"href":"https:\/\/blogs.correiobraziliense.com.br\/cbpoder\/wp-json\/wp\/v2\/users\/9"}],"replies":[{"embeddable":true,"href":"https:\/\/blogs.correiobraziliense.com.br\/cbpoder\/wp-json\/wp\/v2\/comments?post=9996"}],"version-history":[{"count":6,"href":"https:\/\/blogs.correiobraziliense.com.br\/cbpoder\/wp-json\/wp\/v2\/posts\/9996\/revisions"}],"predecessor-version":[{"id":10002,"href":"https:\/\/blogs.correiobraziliense.com.br\/cbpoder\/wp-json\/wp\/v2\/posts\/9996\/revisions\/10002"}],"wp:attachment":[{"href":"https:\/\/blogs.correiobraziliense.com.br\/cbpoder\/wp-json\/wp\/v2\/media?parent=9996"}],"wp:term":[{"taxonomy":"category","embeddable":true,"href":"https:\/\/blogs.correiobraziliense.com.br\/cbpoder\/wp-json\/wp\/v2\/categories?post=9996"},{"taxonomy":"post_tag","embeddable":true,"href":"https:\/\/blogs.correiobraziliense.com.br\/cbpoder\/wp-json\/wp\/v2\/tags?post=9996"}],"curies":[{"name":"wp","href":"https:\/\/api.w.org\/{rel}","templated":true}]}}