{"id":9833,"date":"2017-10-25T17:30:44","date_gmt":"2017-10-25T19:30:44","guid":{"rendered":"https:\/\/blogs.correiobraziliense.com.br\/cbpoder\/?p=9833"},"modified":"2017-10-25T17:53:59","modified_gmt":"2017-10-25T19:53:59","slug":"anunciada-como-secretaria-do-governo-rollemberg-abadia-diz-e-claro-que-todos-estao-pensando-em-2018","status":"publish","type":"post","link":"https:\/\/blogs.correiobraziliense.com.br\/cbpoder\/anunciada-como-secretaria-do-governo-rollemberg-abadia-diz-e-claro-que-todos-estao-pensando-em-2018\/","title":{"rendered":"Anunciada como secret\u00e1ria do governo Rollemberg, Abadia diz: &#8220;\u00c9 claro que todos est\u00e3o pensando em 2018&#8221;"},"content":{"rendered":"<p>ANA MARIA CAMPOS<\/p>\n<p>O governador Rodrigo Rollemberg (PSB) anunciou nesta tarde (25\/10) a entrada de dois tucanos em sua administra\u00e7\u00e3o: a ex-governadora Maria de Lourdes Abadia e o primeiro suplente de deputado distrital Virg\u00edlio Neto. Esse \u00e9 o primeiro passo oficial para uma alian\u00e7a entre PSDB e PSB nas elei\u00e7\u00f5es de 2018.<\/p>\n<p>Abadia toma posse na pr\u00f3xima semana no cargo de secret\u00e1ria especial de Projetos Estrat\u00e9gicos. Ficar\u00e1 encarregada de projetos como a implanta\u00e7\u00e3o da infraestrutura do Sol Nascente e de Vicente Pires, a desobstru\u00e7\u00e3o e a ocupa\u00e7\u00e3o ordenada da orla do Lago Parano\u00e1, a desativa\u00e7\u00e3o do lix\u00e3o da Estrutural, o projeto Habita Bras\u00edlia. &#8220;S\u00e3o projetos muito importantes para o Governo do DF e chegamos \u00e0 conclus\u00e3o que o melhor nome pela sua compet\u00eancia, pela sua inser\u00e7\u00e3o social, pela sua reputa\u00e7\u00e3o e pelo seu esp\u00edrito p\u00fablico seria o da ex-governadora Maria de Lourdes Abadia&#8221;, afirmou o governador.<\/p>\n<p>Virg\u00edlio Neto assumir\u00e1 a Subsecretaria de Pol\u00edticas Estrat\u00e9gicas da Secretaria de Trabalho, Desenvolvimento Social, Mulheres, Igualdade Racial e Direitos Humanos (Sedestmidh) do GDF.<\/p>\n<p>Rollemberg chegou a oferecer a Abadia a pasta, que vinha sendo comandada pelo PDT, por indica\u00e7\u00e3o do presidente da C\u00e2mara Legislativa, Joe Valle (PDT). O partido deixou o governo e caminha para uma nova alian\u00e7a com vistas a 2018.<\/p>\n<p>Abadia ressaltou que o PSDB tem obriga\u00e7\u00e3o de ajudar o governo Rollemberg por t\u00ea-lo apoiado nas elei\u00e7\u00f5es de 2014, no segundo turno. Com trajet\u00f3ria pol\u00edtica ligada \u00e0 \u00e1rea social, Abadia disse que poder\u00e1 contribuir bastante com os projetos voltados a popula\u00e7\u00f5es carentes. Ela contou que foi procurada por Rollemberg com o convite para uma secretaria maior, a Sedestmidh, mas sugeriu algo mais relacionada ao Sol Nascente e Por do Sol. Ele, ent\u00e3o, lhe ofereceu a nova Secretaria especial.<\/p>\n<p>Rollemberg, no entanto, garantiu que a pasta j\u00e1 seria criada. O convite foi um encontro de interesses.<\/p>\n<p>Abadia deixou claro que a alian\u00e7a deste momento pode resultar numa coliga\u00e7\u00e3o para 2018. Mas o PSDB ainda dever\u00e1 tomar uma posi\u00e7\u00e3o. &#8220;Sou partid\u00e1ria. J\u00e1 fui muito para o sacrif\u00edcio em nome de projetos do PSDB. Ao contr\u00e1rio do Izalci que j\u00e1 entrou e saiu do partido tr\u00eas vezes e n\u00e3o apoiou nosso candidato ao governo nas \u00faltimas elei\u00e7\u00f5es, o Pitiman&#8221;, alfinetou Abadia.<\/p>\n<p>Sobre as elei\u00e7\u00f5es, a tucana frisou: &#8220;\u00c9 claro que todos est\u00e3o pensando em 2018. Ser\u00e1 uma elei\u00e7\u00e3o importante para mudarmos o pa\u00eds&#8221;.<\/p>\n","protected":false},"excerpt":{"rendered":"<p>ANA MARIA CAMPOS O governador Rodrigo Rollemberg (PSB) anunciou nesta tarde (25\/10) a entrada de dois tucanos em sua administra\u00e7\u00e3o: a ex-governadora Maria de Lourdes Abadia e o primeiro suplente de deputado distrital Virg\u00edlio Neto. Esse \u00e9 o primeiro passo oficial para uma alian\u00e7a entre PSDB e PSB nas elei\u00e7\u00f5es de 2018. Abadia toma posse na pr\u00f3xima semana no cargo [&hellip;]<\/p>\n","protected":false},"author":9,"featured_media":9836,"comment_status":"open","ping_status":"closed","sticky":false,"template":"","format":"standard","meta":{"footnotes":""},"categories":[234],"tags":[821,950,52,494,49],"class_list":["post-9833","post","type-post","status-publish","format-standard","has-post-thumbnail","hentry","category-cb-poder","tag-821","tag-abadia","tag-psb","tag-psdb","tag-rollemberg"],"_links":{"self":[{"href":"https:\/\/blogs.correiobraziliense.com.br\/cbpoder\/wp-json\/wp\/v2\/posts\/9833","targetHints":{"allow":["GET"]}}],"collection":[{"href":"https:\/\/blogs.correiobraziliense.com.br\/cbpoder\/wp-json\/wp\/v2\/posts"}],"about":[{"href":"https:\/\/blogs.correiobraziliense.com.br\/cbpoder\/wp-json\/wp\/v2\/types\/post"}],"author":[{"embeddable":true,"href":"https:\/\/blogs.correiobraziliense.com.br\/cbpoder\/wp-json\/wp\/v2\/users\/9"}],"replies":[{"embeddable":true,"href":"https:\/\/blogs.correiobraziliense.com.br\/cbpoder\/wp-json\/wp\/v2\/comments?post=9833"}],"version-history":[{"count":2,"href":"https:\/\/blogs.correiobraziliense.com.br\/cbpoder\/wp-json\/wp\/v2\/posts\/9833\/revisions"}],"predecessor-version":[{"id":9835,"href":"https:\/\/blogs.correiobraziliense.com.br\/cbpoder\/wp-json\/wp\/v2\/posts\/9833\/revisions\/9835"}],"wp:featuredmedia":[{"embeddable":true,"href":"https:\/\/blogs.correiobraziliense.com.br\/cbpoder\/wp-json\/wp\/v2\/media\/9836"}],"wp:attachment":[{"href":"https:\/\/blogs.correiobraziliense.com.br\/cbpoder\/wp-json\/wp\/v2\/media?parent=9833"}],"wp:term":[{"taxonomy":"category","embeddable":true,"href":"https:\/\/blogs.correiobraziliense.com.br\/cbpoder\/wp-json\/wp\/v2\/categories?post=9833"},{"taxonomy":"post_tag","embeddable":true,"href":"https:\/\/blogs.correiobraziliense.com.br\/cbpoder\/wp-json\/wp\/v2\/tags?post=9833"}],"curies":[{"name":"wp","href":"https:\/\/api.w.org\/{rel}","templated":true}]}}