{"id":9807,"date":"2017-10-20T20:04:19","date_gmt":"2017-10-20T22:04:19","guid":{"rendered":"https:\/\/blogs.correiobraziliense.com.br\/cbpoder\/?p=9807"},"modified":"2017-10-20T20:04:19","modified_gmt":"2017-10-20T22:04:19","slug":"tre-suspende-insercoes-do-ptb-com-ataques-a-rollemberg","status":"publish","type":"post","link":"https:\/\/blogs.correiobraziliense.com.br\/cbpoder\/tre-suspende-insercoes-do-ptb-com-ataques-a-rollemberg\/","title":{"rendered":"Justi\u00e7a suspende inser\u00e7\u00f5es do PTB com ataques a Rollemberg"},"content":{"rendered":"<p>Ana Viriato<\/p>\n<p>Ap\u00f3s derrubar liminarmente inser\u00e7\u00f5es publicit\u00e1rias do PT em emissoras de r\u00e1dio e televis\u00e3o, o Tribunal Regional Eleitoral do DF (TRE\/DF) determinou, nesta sexta-feira (20\/10), a retirada do ar de propagandas partid\u00e1rias do PTB, do pr\u00e9-candidato ao Pal\u00e1cio do Buriti Al\u00edrio Neto. Segundo a relatora do processo, desembargadora Carmelita Brasil, as pe\u00e7as imputam ao governador Rodrigo Rollemberg (PSB) atributos injuriosos. \u201cTais ofensas n\u00e3o servem para o bom debate sobre as quest\u00f5es program\u00e1ticas do partido, consubstanciando simples ataque pessoal\u201d, pontua.<\/p>\n<p>Nos autos da a\u00e7\u00e3o, o diret\u00f3rio regional do PSB alega que o PTB usou espa\u00e7o publicit\u00e1rio gratuito para divulgar informa\u00e7\u00f5es falsas, sem atender aos objetivos previstos na legisla\u00e7\u00e3o. A sigla questionou quatro inser\u00e7\u00f5es de 30 segundos, al\u00e9m de um filmete.<\/p>\n<p>Em uma das propagandas partid\u00e1rias, h\u00e1 destaque, no in\u00edcio, \u00e0 uma fala de Rodrigo Rollemberg \u00e0 \u00e9poca em que era candidato ao Executivo local. \u201cN\u00e3o h\u00e1 falta de recurso no DF\u201d, disse o socialista. Em continuidade, Al\u00edrio Neto alfineta: \u201cNa campanha falava assim. Agora que \u00e9 governador, diz que falta dinheiro. Rollemberg foi senador do DF, tinha obriga\u00e7\u00e3o de conhecer a situa\u00e7\u00e3o financeira de Bras\u00edlia. Ou n\u00e3o fez seu trabalho direito, ou mentiu para a popula\u00e7\u00e3o. Governador, chega de desculpas. Se n\u00e3o d\u00e1 conta de administrar a cidade, pede para sair. Bras\u00edlia precisa de compet\u00eancia, comando e gest\u00e3o\u201d.<\/p>\n<p>Para a desembargadora Carmelita Brasil, a inser\u00e7\u00e3o publicit\u00e1ria n\u00e3o faz men\u00e7\u00e3o aos programas partid\u00e1rios, \u00e0 inten\u00e7\u00e3o de transmitir mensagens aos filiados ou \u00e0 posi\u00e7\u00e3o da sigla em rela\u00e7\u00e3o a temas pol\u00edticos-comunit\u00e1rios. \u201cN\u00e3o verifiquei sequer o confronto entre aquilo que \u00e9 feito pelo governador e as posi\u00e7\u00f5es e projetos pol\u00edticos do representado\u201d, destaca a magistrada. O diret\u00f3rio regional petebista tem prazo de cinco dias para se manifestar no processo.<\/p>\n","protected":false},"excerpt":{"rendered":"<p>Ana Viriato Ap\u00f3s derrubar liminarmente inser\u00e7\u00f5es publicit\u00e1rias do PT em emissoras de r\u00e1dio e televis\u00e3o, o Tribunal Regional Eleitoral do DF (TRE\/DF) determinou, nesta sexta-feira (20\/10), a retirada do ar de propagandas partid\u00e1rias do PTB, do pr\u00e9-candidato ao Pal\u00e1cio do Buriti Al\u00edrio Neto. Segundo a relatora do processo, desembargadora Carmelita Brasil, as pe\u00e7as imputam ao governador Rodrigo Rollemberg (PSB) atributos [&hellip;]<\/p>\n","protected":false},"author":9,"featured_media":9808,"comment_status":"open","ping_status":"closed","sticky":false,"template":"","format":"standard","meta":{"footnotes":""},"categories":[234],"tags":[947,946,52,945,49,367],"class_list":["post-9807","post","type-post","status-publish","format-standard","has-post-thumbnail","hentry","category-cb-poder","tag-alirio","tag-insercoes","tag-psb","tag-ptb","tag-rollemberg","tag-tre"],"_links":{"self":[{"href":"https:\/\/blogs.correiobraziliense.com.br\/cbpoder\/wp-json\/wp\/v2\/posts\/9807","targetHints":{"allow":["GET"]}}],"collection":[{"href":"https:\/\/blogs.correiobraziliense.com.br\/cbpoder\/wp-json\/wp\/v2\/posts"}],"about":[{"href":"https:\/\/blogs.correiobraziliense.com.br\/cbpoder\/wp-json\/wp\/v2\/types\/post"}],"author":[{"embeddable":true,"href":"https:\/\/blogs.correiobraziliense.com.br\/cbpoder\/wp-json\/wp\/v2\/users\/9"}],"replies":[{"embeddable":true,"href":"https:\/\/blogs.correiobraziliense.com.br\/cbpoder\/wp-json\/wp\/v2\/comments?post=9807"}],"version-history":[{"count":1,"href":"https:\/\/blogs.correiobraziliense.com.br\/cbpoder\/wp-json\/wp\/v2\/posts\/9807\/revisions"}],"predecessor-version":[{"id":9809,"href":"https:\/\/blogs.correiobraziliense.com.br\/cbpoder\/wp-json\/wp\/v2\/posts\/9807\/revisions\/9809"}],"wp:featuredmedia":[{"embeddable":true,"href":"https:\/\/blogs.correiobraziliense.com.br\/cbpoder\/wp-json\/wp\/v2\/media\/9808"}],"wp:attachment":[{"href":"https:\/\/blogs.correiobraziliense.com.br\/cbpoder\/wp-json\/wp\/v2\/media?parent=9807"}],"wp:term":[{"taxonomy":"category","embeddable":true,"href":"https:\/\/blogs.correiobraziliense.com.br\/cbpoder\/wp-json\/wp\/v2\/categories?post=9807"},{"taxonomy":"post_tag","embeddable":true,"href":"https:\/\/blogs.correiobraziliense.com.br\/cbpoder\/wp-json\/wp\/v2\/tags?post=9807"}],"curies":[{"name":"wp","href":"https:\/\/api.w.org\/{rel}","templated":true}]}}