{"id":9729,"date":"2017-10-12T11:18:26","date_gmt":"2017-10-12T14:18:26","guid":{"rendered":"https:\/\/blogs.correiobraziliense.com.br\/cbpoder\/?p=9729"},"modified":"2017-10-12T11:20:40","modified_gmt":"2017-10-12T14:20:40","slug":"mp-e-policia-civil-investigam-bispo-renato-por-lavagem-de-dinheiro","status":"publish","type":"post","link":"https:\/\/blogs.correiobraziliense.com.br\/cbpoder\/mp-e-policia-civil-investigam-bispo-renato-por-lavagem-de-dinheiro\/","title":{"rendered":"MP e Pol\u00edcia Civil investigam o deputado Bispo Renato por lavagem de dinheiro"},"content":{"rendered":"<p>Depois da abertura de investiga\u00e7\u00e3o contra a deputada Celina Le\u00e3o (PPS) por suposto vazamento de informa\u00e7\u00f5es da Defensoria P\u00fablica do DF, outro r\u00e9u da Opera\u00e7\u00e3o Dr\u00e1con vira alvo de inqu\u00e9rito aberto pela Delegacia de Combate aos Crimes contra a Administra\u00e7\u00e3o P\u00fablica (Decap) a pedido da Procuradoria-geral de Justi\u00e7a do DF. Desde 22 de setembro, o deputado Bispo Renato (PR) \u00e9 investigado por ind\u00edcios de participa\u00e7\u00e3o em crime de lavagem de dinheiro e oculta\u00e7\u00e3o de capitais.<\/p>\n<p>&nbsp;<\/p>\n<p>A suspeita teve in\u00edcio quando a Delegacia de Combate a Roubos e Furtos (DRF) prendeu cinco ladr\u00f5es em flagrante durante roubo \u00e0 casa de um assessor do deputado, M\u00e1rcio Xavier do Nascimento. Eles foram impedidos pelos policiais de concluir o assalto e, ao prestarem depoimento, contaram que pretendiam roubar R$ 200 mil em esp\u00e9cie. O dinheiro seria proveniente de suposta propina do deputado Bispo Renato.<\/p>\n<p>&nbsp;<\/p>\n<p>Eles disseram que a informa\u00e7\u00e3o chegou aos criminosos por interm\u00e9dio de um motorista do distrital, Eriquisson Cl\u00e1udio da Silva Soares. Com medo de opera\u00e7\u00f5es como a Lava-Jato, com busca e apreens\u00e3o, o distrital teria escondido o dinheiro na casa do assessor.<\/p>\n<p>&nbsp;<\/p>\n<p><strong>Exonera\u00e7\u00e3o do motorista<\/strong><br \/>\nFuncion\u00e1rio com cargo comissionado no gabinete do deputado Bispo Renato (PR), Eriquisson Cl\u00e1udio da Silva Soares foi exonerado em 8 de junho, seis dias depois dos depoimentos registrados na DRF. Ele estava preso preventivamente desde ent\u00e3o, mas teve o alvar\u00e1 de soltura expedido ontem, com pagamento de fian\u00e7a e a condi\u00e7\u00e3o de se apresentar a todas as convoca\u00e7\u00f5es do processo, al\u00e9m de n\u00e3o se ausentar do DF por mais de oito dias sem comunicar \u00e0 Justi\u00e7a. <\/p>\n<p>&nbsp;<br \/>\nO advogado do distrital, Bernardo Fenelon, disse \u00e0 coluna que o desligamento do funcion\u00e1rio ocorreu em decorr\u00eancia da cita\u00e7\u00e3o do nome dele nesse epis\u00f3dio. Sobre o inqu\u00e9rito aberto pela Decap, Fenelon afirmou que n\u00e3o poderia fazer nenhum coment\u00e1rio porque n\u00e3o havia ainda tomado conhecimento da investiga\u00e7\u00e3o contra Bispo Renato.<\/p>\n<p>&nbsp;<\/p>\n<p><strong>Poss\u00edvel rela\u00e7\u00e3o com a Dr\u00e1con<\/strong><br \/>\nPor causa dos depoimentos dos ladr\u00f5es presos em flagrante, o caso foi enviado pelo delegado Fernando Cesar Costa, titular da DRF, \u00e0 Decap, delegacia que tem a compet\u00eancia para investigar ind\u00edcios de crimes de corrup\u00e7\u00e3o envolvendo agentes p\u00fablicos. Agora, a Pol\u00edcia Civil e o Minist\u00e9rio P\u00fablico apuram se esse dinheiro tem alguma rela\u00e7\u00e3o com a den\u00fancia de que o deputado Bispo Renato e outros quatro distritais cobraram propina para aprovar uma emenda parlamentar destinada a repassar sobras or\u00e7ament\u00e1rias a empresas prestadoras de servi\u00e7o de UTI. <\/p>\n<p>&nbsp;<br \/>\nUma das medidas determinadas pelo delegado Jonas Bessa de Paula, da Decap, foi a requisi\u00e7\u00e3o de c\u00f3pia integral do inqu\u00e9rito civil p\u00fablico em curso na 1\u00aa Prosus (Promotoria de Defesa dos Servi\u00e7os de Sa\u00fade) sob a responsabilidade do promotor Jairo Bisol, que trata da emenda parlamentar para empresas de sa\u00fade. O objetivo \u00e9 avaliar poss\u00edvel rela\u00e7\u00e3o entre as investiga\u00e7\u00f5es.<\/p>\n","protected":false},"excerpt":{"rendered":"<p>Depois da abertura de investiga\u00e7\u00e3o contra a deputada Celina Le\u00e3o (PPS) por suposto vazamento de informa\u00e7\u00f5es da Defensoria P\u00fablica do DF, outro r\u00e9u da Opera\u00e7\u00e3o Dr\u00e1con vira alvo de inqu\u00e9rito aberto pela Delegacia de Combate aos Crimes contra a Administra\u00e7\u00e3o P\u00fablica (Decap) a pedido da Procuradoria-geral de Justi\u00e7a do DF. Desde 22 de setembro, o deputado Bispo Renato (PR) \u00e9 [&hellip;]<\/p>\n","protected":false},"author":9,"featured_media":9730,"comment_status":"open","ping_status":"closed","sticky":false,"template":"","format":"standard","meta":{"footnotes":""},"categories":[234],"tags":[],"class_list":["post-9729","post","type-post","status-publish","format-standard","has-post-thumbnail","hentry","category-cb-poder"],"_links":{"self":[{"href":"https:\/\/blogs.correiobraziliense.com.br\/cbpoder\/wp-json\/wp\/v2\/posts\/9729","targetHints":{"allow":["GET"]}}],"collection":[{"href":"https:\/\/blogs.correiobraziliense.com.br\/cbpoder\/wp-json\/wp\/v2\/posts"}],"about":[{"href":"https:\/\/blogs.correiobraziliense.com.br\/cbpoder\/wp-json\/wp\/v2\/types\/post"}],"author":[{"embeddable":true,"href":"https:\/\/blogs.correiobraziliense.com.br\/cbpoder\/wp-json\/wp\/v2\/users\/9"}],"replies":[{"embeddable":true,"href":"https:\/\/blogs.correiobraziliense.com.br\/cbpoder\/wp-json\/wp\/v2\/comments?post=9729"}],"version-history":[{"count":4,"href":"https:\/\/blogs.correiobraziliense.com.br\/cbpoder\/wp-json\/wp\/v2\/posts\/9729\/revisions"}],"predecessor-version":[{"id":9734,"href":"https:\/\/blogs.correiobraziliense.com.br\/cbpoder\/wp-json\/wp\/v2\/posts\/9729\/revisions\/9734"}],"wp:featuredmedia":[{"embeddable":true,"href":"https:\/\/blogs.correiobraziliense.com.br\/cbpoder\/wp-json\/wp\/v2\/media\/9730"}],"wp:attachment":[{"href":"https:\/\/blogs.correiobraziliense.com.br\/cbpoder\/wp-json\/wp\/v2\/media?parent=9729"}],"wp:term":[{"taxonomy":"category","embeddable":true,"href":"https:\/\/blogs.correiobraziliense.com.br\/cbpoder\/wp-json\/wp\/v2\/categories?post=9729"},{"taxonomy":"post_tag","embeddable":true,"href":"https:\/\/blogs.correiobraziliense.com.br\/cbpoder\/wp-json\/wp\/v2\/tags?post=9729"}],"curies":[{"name":"wp","href":"https:\/\/api.w.org\/{rel}","templated":true}]}}