{"id":9699,"date":"2017-10-05T19:57:12","date_gmt":"2017-10-05T22:57:12","guid":{"rendered":"https:\/\/blogs.correiobraziliense.com.br\/cbpoder\/?p=9699"},"modified":"2017-10-05T20:07:57","modified_gmt":"2017-10-05T23:07:57","slug":"justica-absolve-arruda-em-denuncia-de-crimes-na-realizacao-do-amistoso-entre-brasil-e-portugal","status":"publish","type":"post","link":"https:\/\/blogs.correiobraziliense.com.br\/cbpoder\/justica-absolve-arruda-em-denuncia-de-crimes-na-realizacao-do-amistoso-entre-brasil-e-portugal\/","title":{"rendered":"Justi\u00e7a absolve Arruda em den\u00fancia de crimes na realiza\u00e7\u00e3o do amistoso entre Brasil e Portugal"},"content":{"rendered":"<p>Ana Viriato<\/p>\n<p>Pela segunda vez, a Justi\u00e7a local absolveu o ex-governador Jos\u00e9 Roberto Arruda (PR) das acusa\u00e7\u00f5es de irregularidades na contrata\u00e7\u00e3o da empresa respons\u00e1vel pelo amistoso entre Brasil e Portugal, em 2008, no Est\u00e1dio Valmir Bezerra Campelo \u2014 o Bezerr\u00e3o. A senten\u00e7a do magistrado Osvaldo Tovani livrou, nesta quinta-feira (05\/10), o ex-chefe do Pal\u00e1cio do Buriti da den\u00fancia por inobserv\u00e2ncia \u00e0s formalidades pertinentes \u00e0 dispensa de licita\u00e7\u00e3o.<\/p>\n<p>Para o juiz Osvaldo Tovani, \u201ca prova judicial demonstra que, no procedimento administrativo em quest\u00e3o, n\u00e3o houve omiss\u00e3o de formalidade penalmente relevante\u201d. \u201cAl\u00e9m disso, o dolo espec\u00edfico n\u00e3o restou demonstrado\u201d, destaca o juiz. Com a senten\u00e7a, livraram-se da condena\u00e7\u00e3o, ainda, o ex-secret\u00e1rio de Esportes Aguinaldo Silva de Oliveira e a propriet\u00e1ria da empresa Vanessa Almeida Precht. Arruda foi absolvido tamb\u00e9m na a\u00e7\u00e3o de improbidade administrativa proposta pelo Minist\u00e9rio P\u00fablico do DF contestando o mesmo contrato.<\/p>\n<p>Nos autos da a\u00e7\u00e3o penal, o MPDFT defendeu que o contrato de R$ 9 milh\u00f5es, firmado entre GDF e Alianto Marketing apenas uma semana antes da partida desobedeceu os ditames legais \u2014 o Executivo local, ali\u00e1s, teria sido alertado sobre as ilicitudes pela Procuradoria-Geral do DF (PGDF). Entre as inconsist\u00eancias, o \u00f3rg\u00e3o destacou a inexist\u00eancia de um projeto b\u00e1sico e a falta do detalhamento de gastos com pessoal, hospedagem das delega\u00e7\u00f5es, alojamento e transportes.<\/p>\n<p>O Minist\u00e9rio P\u00fablico destaca que o parecer t\u00e9cnico da Procuradoria-Geral demonstrou a \u201cimprestabilidade do contrato para a contrata\u00e7\u00e3o l\u00edcita\u201d e chamando aten\u00e7\u00e3o sobre a necessidade do pr\u00e9vio cumprimento de onze exig\u00eancias legais para que o ajuste de fato pudesse acontecer. O Pal\u00e1cio do Buriti, contudo, teria ignorado as recomenda\u00e7\u00f5es e firmado compromisso com a Alianto.<\/p>\n<p>\u00c0 \u00e9poca, o MPDFT ainda observou ind\u00edcios de sobrepre\u00e7o no valor do contrato. Al\u00e9m disso, a Federa\u00e7\u00e3o local de Futebol teria arcado com despesas que seriam, nos termos do acordo, de responsabilidade da Alianto.<\/p>\n<p>Para Paulo Em\u00edlio Catta Preta, advogado de Jos\u00e9 Roberto Arruda, a decis\u00e3o comprova, mais uma vez, a licitude da partida de futebol. \u201cFicou claro que foi contratada a empresa que havia obtido a exclusividade dos direitos do jogo, com total respeito \u00e0 legisla\u00e7\u00e3o\u201d, argumentou.\u00a0O Minist\u00e9rio P\u00fablico do DF e Territ\u00f3rios (MPDFT) pode recorrer da decis\u00e3o.<\/p>\n","protected":false},"excerpt":{"rendered":"<p>Ana Viriato Pela segunda vez, a Justi\u00e7a local absolveu o ex-governador Jos\u00e9 Roberto Arruda (PR) das acusa\u00e7\u00f5es de irregularidades na contrata\u00e7\u00e3o da empresa respons\u00e1vel pelo amistoso entre Brasil e Portugal, em 2008, no Est\u00e1dio Valmir Bezerra Campelo \u2014 o Bezerr\u00e3o. A senten\u00e7a do magistrado Osvaldo Tovani livrou, nesta quinta-feira (05\/10), o ex-chefe do Pal\u00e1cio do Buriti da den\u00fancia por inobserv\u00e2ncia [&hellip;]<\/p>\n","protected":false},"author":9,"featured_media":8315,"comment_status":"open","ping_status":"closed","sticky":false,"template":"","format":"standard","meta":{"footnotes":""},"categories":[234],"tags":[929,928,42,56],"class_list":["post-9699","post","type-post","status-publish","format-standard","has-post-thumbnail","hentry","category-cb-poder","tag-ailanto","tag-amistoso-brasil-x-portugal","tag-arruda","tag-justica"],"_links":{"self":[{"href":"https:\/\/blogs.correiobraziliense.com.br\/cbpoder\/wp-json\/wp\/v2\/posts\/9699","targetHints":{"allow":["GET"]}}],"collection":[{"href":"https:\/\/blogs.correiobraziliense.com.br\/cbpoder\/wp-json\/wp\/v2\/posts"}],"about":[{"href":"https:\/\/blogs.correiobraziliense.com.br\/cbpoder\/wp-json\/wp\/v2\/types\/post"}],"author":[{"embeddable":true,"href":"https:\/\/blogs.correiobraziliense.com.br\/cbpoder\/wp-json\/wp\/v2\/users\/9"}],"replies":[{"embeddable":true,"href":"https:\/\/blogs.correiobraziliense.com.br\/cbpoder\/wp-json\/wp\/v2\/comments?post=9699"}],"version-history":[{"count":2,"href":"https:\/\/blogs.correiobraziliense.com.br\/cbpoder\/wp-json\/wp\/v2\/posts\/9699\/revisions"}],"predecessor-version":[{"id":9701,"href":"https:\/\/blogs.correiobraziliense.com.br\/cbpoder\/wp-json\/wp\/v2\/posts\/9699\/revisions\/9701"}],"wp:featuredmedia":[{"embeddable":true,"href":"https:\/\/blogs.correiobraziliense.com.br\/cbpoder\/wp-json\/wp\/v2\/media\/8315"}],"wp:attachment":[{"href":"https:\/\/blogs.correiobraziliense.com.br\/cbpoder\/wp-json\/wp\/v2\/media?parent=9699"}],"wp:term":[{"taxonomy":"category","embeddable":true,"href":"https:\/\/blogs.correiobraziliense.com.br\/cbpoder\/wp-json\/wp\/v2\/categories?post=9699"},{"taxonomy":"post_tag","embeddable":true,"href":"https:\/\/blogs.correiobraziliense.com.br\/cbpoder\/wp-json\/wp\/v2\/tags?post=9699"}],"curies":[{"name":"wp","href":"https:\/\/api.w.org\/{rel}","templated":true}]}}