{"id":9616,"date":"2017-09-24T16:41:14","date_gmt":"2017-09-24T19:41:14","guid":{"rendered":"https:\/\/blogs.correiobraziliense.com.br\/cbpoder\/?p=9616"},"modified":"2017-09-24T16:42:27","modified_gmt":"2017-09-24T19:42:27","slug":"rollemberg-entre-pressao-da-policia-por-reajuste-e-os-bons-resultados-da-corporacao","status":"publish","type":"post","link":"https:\/\/blogs.correiobraziliense.com.br\/cbpoder\/rollemberg-entre-pressao-da-policia-por-reajuste-e-os-bons-resultados-da-corporacao\/","title":{"rendered":"Rollemberg entre a press\u00e3o da pol\u00edcia por reajuste e os bons resultados da corpora\u00e7\u00e3o"},"content":{"rendered":"<p>Em meio a uma crise de falta de estrutura e com sal\u00e1rios congelados, a Pol\u00edcia Civil do DF n\u00e3o cruzou os bra\u00e7os. Pelo contr\u00e1rio. \u00c9 uma das \u00e1reas do governo Rollemberg que mais tem mostrado resultado. S\u00f3 neste ano, as delegacias do Departamento de Pol\u00edcia Especializada (DPE), sob o comando da delegada Mabel Alves de Faria Correa, realizaram 31 opera\u00e7\u00f5es de repercuss\u00e3o.<\/p>\n<p>&nbsp;<\/p>\n<p>Na semana passada, foram duas: a Patrick, que desvendou um esquema de fraude com a moeda virtual Kriptacoin, da Corf, e a Sacerdote, da Dema, contra grilagem de terras envolvendo um ex-diretor da Terracap. O retorno da M\u00e1fia dos Concursos foi desvendado pela Deco em agosto, com novas etapas por vir.<\/p>\n<p>&nbsp;<br \/>\n<strong>Balan\u00e7o<\/strong><br \/>\nA DRF promoveu 12 opera\u00e7\u00f5es, entre as quais a Condominus que levou \u00e0 pris\u00e3o uma quadrilha internacional de roubo de apartamentos de luxo que atuava h\u00e1 mais de 10 anos impunemente. Mais de R$ 5 milh\u00f5es em bens foram recuperados. Segundo balan\u00e7o do DPE, 195 pris\u00f5es realizadas em 2017 podem levar a condena\u00e7\u00f5es. Houve apreens\u00e3o de mais de uma tonelada de drogas. Ve\u00edculos comprados com dinheiro do crime est\u00e3o sendo usados, com autoriza\u00e7\u00e3o judicial, na seguran\u00e7a p\u00fablica. Policiais civis reclamam de Rollemberg, mas ser\u00e3o uma vitrine na campanha \u00e0 reelei\u00e7\u00e3o. Um paradoxo.<\/p>\n","protected":false},"excerpt":{"rendered":"<p>Em meio a uma crise de falta de estrutura e com sal\u00e1rios congelados, a Pol\u00edcia Civil do DF n\u00e3o cruzou os bra\u00e7os. Pelo contr\u00e1rio. \u00c9 uma das \u00e1reas do governo Rollemberg que mais tem mostrado resultado. S\u00f3 neste ano, as delegacias do Departamento de Pol\u00edcia Especializada (DPE), sob o comando da delegada Mabel Alves de Faria Correa, realizaram 31 opera\u00e7\u00f5es [&hellip;]<\/p>\n","protected":false},"author":9,"featured_media":9617,"comment_status":"open","ping_status":"closed","sticky":false,"template":"","format":"standard","meta":{"footnotes":""},"categories":[234],"tags":[],"class_list":["post-9616","post","type-post","status-publish","format-standard","has-post-thumbnail","hentry","category-cb-poder"],"_links":{"self":[{"href":"https:\/\/blogs.correiobraziliense.com.br\/cbpoder\/wp-json\/wp\/v2\/posts\/9616","targetHints":{"allow":["GET"]}}],"collection":[{"href":"https:\/\/blogs.correiobraziliense.com.br\/cbpoder\/wp-json\/wp\/v2\/posts"}],"about":[{"href":"https:\/\/blogs.correiobraziliense.com.br\/cbpoder\/wp-json\/wp\/v2\/types\/post"}],"author":[{"embeddable":true,"href":"https:\/\/blogs.correiobraziliense.com.br\/cbpoder\/wp-json\/wp\/v2\/users\/9"}],"replies":[{"embeddable":true,"href":"https:\/\/blogs.correiobraziliense.com.br\/cbpoder\/wp-json\/wp\/v2\/comments?post=9616"}],"version-history":[{"count":2,"href":"https:\/\/blogs.correiobraziliense.com.br\/cbpoder\/wp-json\/wp\/v2\/posts\/9616\/revisions"}],"predecessor-version":[{"id":9619,"href":"https:\/\/blogs.correiobraziliense.com.br\/cbpoder\/wp-json\/wp\/v2\/posts\/9616\/revisions\/9619"}],"wp:featuredmedia":[{"embeddable":true,"href":"https:\/\/blogs.correiobraziliense.com.br\/cbpoder\/wp-json\/wp\/v2\/media\/9617"}],"wp:attachment":[{"href":"https:\/\/blogs.correiobraziliense.com.br\/cbpoder\/wp-json\/wp\/v2\/media?parent=9616"}],"wp:term":[{"taxonomy":"category","embeddable":true,"href":"https:\/\/blogs.correiobraziliense.com.br\/cbpoder\/wp-json\/wp\/v2\/categories?post=9616"},{"taxonomy":"post_tag","embeddable":true,"href":"https:\/\/blogs.correiobraziliense.com.br\/cbpoder\/wp-json\/wp\/v2\/tags?post=9616"}],"curies":[{"name":"wp","href":"https:\/\/api.w.org\/{rel}","templated":true}]}}