{"id":9485,"date":"2017-09-01T17:55:23","date_gmt":"2017-09-01T20:55:23","guid":{"rendered":"https:\/\/blogs.correiobraziliense.com.br\/cbpoder\/?p=9485"},"modified":"2017-09-01T17:55:23","modified_gmt":"2017-09-01T20:55:23","slug":"apos-cirurgia-roriz-se-recupera-bem-e-deixa-uti","status":"publish","type":"post","link":"https:\/\/blogs.correiobraziliense.com.br\/cbpoder\/apos-cirurgia-roriz-se-recupera-bem-e-deixa-uti\/","title":{"rendered":"Ap\u00f3s cirurgia, Roriz se recupera bem e deixa a UTI"},"content":{"rendered":"<div><\/div>\n<div>OT\u00c1VIO AUGUSTO<\/div>\n<div><\/div>\n<p>O ex-governador Joaquim Roriz recebeu alta da unidade de terapia intensiva (UTI) do Hospital do Cora\u00e7\u00e3o do Brasil, na Asa Sul.<\/p>\n<p>Por volta das 17h40 desta sexta-feira (01\/09), a equipe m\u00e9dica que acompanha o pol\u00edtico considerou que ele se recupera bem e o transferiu para um quarto. Roriz amputou, na \u00faltima quarta-feira (30\/9), a perna direita por complica\u00e7\u00f5es do diabetes.<\/p>\n<p>A expectativa \u00e9 de que ele receba alta nos pr\u00f3ximos dias. No fim da tarde de desta sexta-feira (1\/9), o quadro cl\u00ednico de Roriz era est\u00e1vel. Os m\u00e9dicos destacaram que sequer houve sangramento na perna.<\/p>\n<p>Aos 81 anos, Roriz se submeter\u00e1, ap\u00f3s a recupera\u00e7\u00e3o, a um processo de reabilita\u00e7\u00e3o, com fisioterapia para o implante de uma pr\u00f3tese. A avalia\u00e7\u00e3o m\u00e9dica \u00e9 de que, se tudo correr bem, ele poder\u00e1 andar normalmente.<\/p>\n<p>Antes de operar a perna, Roriz retirou dois \u00a0 dedos do p\u00e9 direito. A cirurgia foi necess\u00e1ria porque o pol\u00edtico tinha uma ferida que n\u00e3o cicatrizou; por causa disso, infeccionou. Doente renal cr\u00f4nico h\u00e1 mais de uma d\u00e9cada, Roriz tem de se submeter a sess\u00f5es di\u00e1rias de hemodi\u00e1lise para filtrar o sangue.<\/p>\n<p>Depois do corte na perna, os m\u00e9dicos apostam que o ex-governador ter\u00e1 melhor qualidade de vida, j\u00e1 que as feridas sem cicatriza\u00e7\u00e3o, por causa do diabetes, causavam muita dor.<\/p>\n","protected":false},"excerpt":{"rendered":"<p>OT\u00c1VIO AUGUSTO O ex-governador Joaquim Roriz recebeu alta da unidade de terapia intensiva (UTI) do Hospital do Cora\u00e7\u00e3o do Brasil, na Asa Sul. Por volta das 17h40 desta sexta-feira (01\/09), a equipe m\u00e9dica que acompanha o pol\u00edtico considerou que ele se recupera bem e o transferiu para um quarto. Roriz amputou, na \u00faltima quarta-feira (30\/9), a perna direita por complica\u00e7\u00f5es [&hellip;]<\/p>\n","protected":false},"author":9,"featured_media":7969,"comment_status":"open","ping_status":"closed","sticky":false,"template":"","format":"standard","meta":{"footnotes":""},"categories":[234],"tags":[897,468],"class_list":["post-9485","post","type-post","status-publish","format-standard","has-post-thumbnail","hentry","category-cb-poder","tag-alta-medica","tag-joaquim-roriz"],"_links":{"self":[{"href":"https:\/\/blogs.correiobraziliense.com.br\/cbpoder\/wp-json\/wp\/v2\/posts\/9485","targetHints":{"allow":["GET"]}}],"collection":[{"href":"https:\/\/blogs.correiobraziliense.com.br\/cbpoder\/wp-json\/wp\/v2\/posts"}],"about":[{"href":"https:\/\/blogs.correiobraziliense.com.br\/cbpoder\/wp-json\/wp\/v2\/types\/post"}],"author":[{"embeddable":true,"href":"https:\/\/blogs.correiobraziliense.com.br\/cbpoder\/wp-json\/wp\/v2\/users\/9"}],"replies":[{"embeddable":true,"href":"https:\/\/blogs.correiobraziliense.com.br\/cbpoder\/wp-json\/wp\/v2\/comments?post=9485"}],"version-history":[{"count":1,"href":"https:\/\/blogs.correiobraziliense.com.br\/cbpoder\/wp-json\/wp\/v2\/posts\/9485\/revisions"}],"predecessor-version":[{"id":9486,"href":"https:\/\/blogs.correiobraziliense.com.br\/cbpoder\/wp-json\/wp\/v2\/posts\/9485\/revisions\/9486"}],"wp:featuredmedia":[{"embeddable":true,"href":"https:\/\/blogs.correiobraziliense.com.br\/cbpoder\/wp-json\/wp\/v2\/media\/7969"}],"wp:attachment":[{"href":"https:\/\/blogs.correiobraziliense.com.br\/cbpoder\/wp-json\/wp\/v2\/media?parent=9485"}],"wp:term":[{"taxonomy":"category","embeddable":true,"href":"https:\/\/blogs.correiobraziliense.com.br\/cbpoder\/wp-json\/wp\/v2\/categories?post=9485"},{"taxonomy":"post_tag","embeddable":true,"href":"https:\/\/blogs.correiobraziliense.com.br\/cbpoder\/wp-json\/wp\/v2\/tags?post=9485"}],"curies":[{"name":"wp","href":"https:\/\/api.w.org\/{rel}","templated":true}]}}