{"id":9423,"date":"2017-08-31T10:56:32","date_gmt":"2017-08-31T13:56:32","guid":{"rendered":"https:\/\/blogs.correiobraziliense.com.br\/cbpoder\/?p=9423"},"modified":"2017-08-31T10:56:32","modified_gmt":"2017-08-31T13:56:32","slug":"roriz-vai-receber-reabilitacao-para-usar-protese","status":"publish","type":"post","link":"https:\/\/blogs.correiobraziliense.com.br\/cbpoder\/roriz-vai-receber-reabilitacao-para-usar-protese\/","title":{"rendered":"Para voltar a andar, Roriz vai usar uma pr\u00f3tese"},"content":{"rendered":"<p>ANA MARIA CAMPOS<\/p>\n<p>O ex-governador Joaquim Roriz, 81 anos, passou a noite bem depois de amputar a perna ontem (30\/08) e vai agora se submeter a processo de reabilita\u00e7\u00e3o, com fisioterapia, para o implante de uma pr\u00f3tese. A avalia\u00e7\u00e3o m\u00e9dica \u00e9 de que, se tudo correr bem, Roriz poder\u00e1 andar.<\/p>\n<p>Como a noite na UTI foi tranquila, a expectativa \u00e9 de que o pol\u00edtico receba alta nos pr\u00f3ximos dias.<\/p>\n<p>A amputa\u00e7\u00e3o, comum em pacientes com diabetes,\u00a0\u00e9 conhecida como &#8220;P\u00e9 diab\u00e9tico&#8221;. O objetivo \u00e9 amenizar problemas de circula\u00e7\u00e3o com um procedimento de revasculariza\u00e7\u00e3o.<\/p>\n<p>Os cortes de dois dedos do p\u00e9 direito e agora da perna na altura do joelho foram necess\u00e1rios porque Roriz tinha uma ferida que n\u00e3o cicatrizava e infeccionou.<\/p>\n<p>Ele est\u00e1 internado no Hospital do Cora\u00e7\u00e3o de Bras\u00edlia, acompanhado da mulher, Weslian Roriz, e das tr\u00eas filhas, Wesliane, Jaqueline e Liliane.<\/p>\n<p>O momento \u00e9 de muita preocupa\u00e7\u00e3o, mas tamb\u00e9m de otimismo nesta manh\u00e3 (31\/08) pelo relato dos m\u00e9dicos de que o patriarca do cl\u00e3 Roriz passou a noite em boas condi\u00e7\u00f5es.<\/p>\n<p>O grande temor dos amigos \u00e9 de que um abalo psicol\u00f3gico atinja o ex-governador. Ele est\u00e1 consciente, mas em alguns momentos fica fora da realidade. H\u00e1 meses, n\u00e3o tem se conectado com o assunto que dominou a sua vida: a pol\u00edtica.<\/p>\n","protected":false},"excerpt":{"rendered":"<p>ANA MARIA CAMPOS O ex-governador Joaquim Roriz, 81 anos, passou a noite bem depois de amputar a perna ontem (30\/08) e vai agora se submeter a processo de reabilita\u00e7\u00e3o, com fisioterapia, para o implante de uma pr\u00f3tese. A avalia\u00e7\u00e3o m\u00e9dica \u00e9 de que, se tudo correr bem, Roriz poder\u00e1 andar. Como a noite na UTI foi tranquila, a expectativa \u00e9 [&hellip;]<\/p>\n","protected":false},"author":9,"featured_media":9425,"comment_status":"open","ping_status":"closed","sticky":false,"template":"","format":"standard","meta":{"footnotes":""},"categories":[234],"tags":[880,879,468,882],"class_list":["post-9423","post","type-post","status-publish","format-standard","has-post-thumbnail","hentry","category-cb-poder","tag-amputacao","tag-diabetes","tag-joaquim-roriz","tag-protese"],"_links":{"self":[{"href":"https:\/\/blogs.correiobraziliense.com.br\/cbpoder\/wp-json\/wp\/v2\/posts\/9423","targetHints":{"allow":["GET"]}}],"collection":[{"href":"https:\/\/blogs.correiobraziliense.com.br\/cbpoder\/wp-json\/wp\/v2\/posts"}],"about":[{"href":"https:\/\/blogs.correiobraziliense.com.br\/cbpoder\/wp-json\/wp\/v2\/types\/post"}],"author":[{"embeddable":true,"href":"https:\/\/blogs.correiobraziliense.com.br\/cbpoder\/wp-json\/wp\/v2\/users\/9"}],"replies":[{"embeddable":true,"href":"https:\/\/blogs.correiobraziliense.com.br\/cbpoder\/wp-json\/wp\/v2\/comments?post=9423"}],"version-history":[{"count":2,"href":"https:\/\/blogs.correiobraziliense.com.br\/cbpoder\/wp-json\/wp\/v2\/posts\/9423\/revisions"}],"predecessor-version":[{"id":9426,"href":"https:\/\/blogs.correiobraziliense.com.br\/cbpoder\/wp-json\/wp\/v2\/posts\/9423\/revisions\/9426"}],"wp:featuredmedia":[{"embeddable":true,"href":"https:\/\/blogs.correiobraziliense.com.br\/cbpoder\/wp-json\/wp\/v2\/media\/9425"}],"wp:attachment":[{"href":"https:\/\/blogs.correiobraziliense.com.br\/cbpoder\/wp-json\/wp\/v2\/media?parent=9423"}],"wp:term":[{"taxonomy":"category","embeddable":true,"href":"https:\/\/blogs.correiobraziliense.com.br\/cbpoder\/wp-json\/wp\/v2\/categories?post=9423"},{"taxonomy":"post_tag","embeddable":true,"href":"https:\/\/blogs.correiobraziliense.com.br\/cbpoder\/wp-json\/wp\/v2\/tags?post=9423"}],"curies":[{"name":"wp","href":"https:\/\/api.w.org\/{rel}","templated":true}]}}