{"id":9396,"date":"2017-08-29T18:20:03","date_gmt":"2017-08-29T21:20:03","guid":{"rendered":"https:\/\/blogs.correiobraziliense.com.br\/cbpoder\/?p=9396"},"modified":"2017-08-29T18:20:03","modified_gmt":"2017-08-29T21:20:03","slug":"ex-secretario-adjunto-de-saude-e-condenado-por-usar-surto-de-h1n1-para-dispensar-licitacao","status":"publish","type":"post","link":"https:\/\/blogs.correiobraziliense.com.br\/cbpoder\/ex-secretario-adjunto-de-saude-e-condenado-por-usar-surto-de-h1n1-para-dispensar-licitacao\/","title":{"rendered":"Ex-secret\u00e1rio-adjunto de Sa\u00fade \u00e9 condenado por usar surto de H1N1 para dispensar licita\u00e7\u00e3o"},"content":{"rendered":"<div>ANA MARIA CAMPOS<\/div>\n<div><\/div>\n<div>Investigado na Opera\u00e7\u00e3o Genebra, o ex-secret\u00e1rio-adjunto de Gest\u00e3o da Sa\u00fade Fernando Antunes foi condenado a tr\u00eas anos de deten\u00e7\u00e3o por ter dispensado licita\u00e7\u00e3o e escolhido de forma direcionada e com superfaturamento a empresa Toesa Service Ltda, para transporte de pacientes em ambul\u00e2ncias e vans.<\/div>\n<div><\/div>\n<div>Foram dois contratos fechados em 2009. A justificativa para a escolha, sem concorr\u00eancia, se baseou em suposta emerg\u00eancia.<\/div>\n<div><\/div>\n<div>Havia na \u00e9poca um receio de aumento do n\u00famero de pacientes provocado pela epidemia de H1N1.<\/div>\n<div><\/div>\n<div>A ju\u00edza Maria Augusta de Albuquerque Melo Diniz, da 3\u00aa Vara Criminal de Bras\u00edlia, considerou que o surto da doen\u00e7a foi utilizado \u201cde forma oportunista e artificial\u201d para a contrata\u00e7\u00e3o da empresa sem licita\u00e7\u00e3o.<\/div>\n<div><\/div>\n<div>Em depoimento \u00e0 Justi\u00e7a, Antunes afirmou que o receio de uma situa\u00e7\u00e3o cr\u00edtica na \u00e9poca se deveu, entre outros fatores, do fato de Bras\u00edlia abrigar todo o corpo diplom\u00e1tico e ser, por isso, um centro de visitantes do mundo inteiro que entram e saem todo o tempo. Antunes poder\u00e1 aguardar o julgamento do recurso em liberdade.<\/div>\n<div><\/div>\n<div>A senten\u00e7a foi proferida na semana passada. Na Opera\u00e7\u00e3o Genebra, o ex-presidente do PPS-DF tamb\u00e9m \u00e9 investigado por direcionar contrata\u00e7\u00e3o. Neste caso, para a filial da Cruz Vermelha de Petr\u00f3polis, com objetivo de administrar duas UPAs.<\/div>\n","protected":false},"excerpt":{"rendered":"<p>ANA MARIA CAMPOS Investigado na Opera\u00e7\u00e3o Genebra, o ex-secret\u00e1rio-adjunto de Gest\u00e3o da Sa\u00fade Fernando Antunes foi condenado a tr\u00eas anos de deten\u00e7\u00e3o por ter dispensado licita\u00e7\u00e3o e escolhido de forma direcionada e com superfaturamento a empresa Toesa Service Ltda, para transporte de pacientes em ambul\u00e2ncias e vans. Foram dois contratos fechados em 2009. A justificativa para a escolha, sem concorr\u00eancia, [&hellip;]<\/p>\n","protected":false},"author":9,"featured_media":9397,"comment_status":"open","ping_status":"closed","sticky":false,"template":"","format":"standard","meta":{"footnotes":""},"categories":[234],"tags":[779,878],"class_list":["post-9396","post","type-post","status-publish","format-standard","has-post-thumbnail","hentry","category-cb-poder","tag-operacao-genebra","tag-toesa-service-ltda-fernando-antunes"],"_links":{"self":[{"href":"https:\/\/blogs.correiobraziliense.com.br\/cbpoder\/wp-json\/wp\/v2\/posts\/9396","targetHints":{"allow":["GET"]}}],"collection":[{"href":"https:\/\/blogs.correiobraziliense.com.br\/cbpoder\/wp-json\/wp\/v2\/posts"}],"about":[{"href":"https:\/\/blogs.correiobraziliense.com.br\/cbpoder\/wp-json\/wp\/v2\/types\/post"}],"author":[{"embeddable":true,"href":"https:\/\/blogs.correiobraziliense.com.br\/cbpoder\/wp-json\/wp\/v2\/users\/9"}],"replies":[{"embeddable":true,"href":"https:\/\/blogs.correiobraziliense.com.br\/cbpoder\/wp-json\/wp\/v2\/comments?post=9396"}],"version-history":[{"count":1,"href":"https:\/\/blogs.correiobraziliense.com.br\/cbpoder\/wp-json\/wp\/v2\/posts\/9396\/revisions"}],"predecessor-version":[{"id":9398,"href":"https:\/\/blogs.correiobraziliense.com.br\/cbpoder\/wp-json\/wp\/v2\/posts\/9396\/revisions\/9398"}],"wp:featuredmedia":[{"embeddable":true,"href":"https:\/\/blogs.correiobraziliense.com.br\/cbpoder\/wp-json\/wp\/v2\/media\/9397"}],"wp:attachment":[{"href":"https:\/\/blogs.correiobraziliense.com.br\/cbpoder\/wp-json\/wp\/v2\/media?parent=9396"}],"wp:term":[{"taxonomy":"category","embeddable":true,"href":"https:\/\/blogs.correiobraziliense.com.br\/cbpoder\/wp-json\/wp\/v2\/categories?post=9396"},{"taxonomy":"post_tag","embeddable":true,"href":"https:\/\/blogs.correiobraziliense.com.br\/cbpoder\/wp-json\/wp\/v2\/tags?post=9396"}],"curies":[{"name":"wp","href":"https:\/\/api.w.org\/{rel}","templated":true}]}}