{"id":9369,"date":"2017-08-25T19:17:21","date_gmt":"2017-08-25T22:17:21","guid":{"rendered":"https:\/\/blogs.correiobraziliense.com.br\/cbpoder\/?p=9369"},"modified":"2017-08-25T19:17:21","modified_gmt":"2017-08-25T22:17:21","slug":"justica-determina-pagamento-integral-dos-salarios-de-servidores-ate-o-quinto-dia-util","status":"publish","type":"post","link":"https:\/\/blogs.correiobraziliense.com.br\/cbpoder\/justica-determina-pagamento-integral-dos-salarios-de-servidores-ate-o-quinto-dia-util\/","title":{"rendered":"Justi\u00e7a determina pagamento integral dos sal\u00e1rios de servidores at\u00e9 o quinto dia \u00fatil"},"content":{"rendered":"<p>O Sindicato dos Servidores e Empregados da Administra\u00e7\u00e3o Direta, Fundacional, das Autarquias, Empresas P\u00fablicas e Sociedades de Economia Mista do DF (Sindser\/DF) conseguiu na Justi\u00e7a o direito aos servidores filiados, aproximadamente 35 mil, de receberem os sal\u00e1rios integralmente at\u00e9 o quinto dia \u00fatil do m\u00eas.<\/p>\n<p>A decis\u00e3o, do desembargador Jos\u00e9 Divino, do Tribunal de Justi\u00e7a do Distrito Federal e Territ\u00f3rios (TJDFT), foi tomada em Mandado de Seguran\u00e7a preventivo contra o an\u00fancio feito pelo governador Rodrigo Rollemberg (PSB) de que, por falta de condi\u00e7\u00f5es financeiras, dever\u00e1 pagar os sal\u00e1rios de forma parcelada no pr\u00f3ximo m\u00eas.<\/p>\n<p>O governo avisou que funcion\u00e1rios com sal\u00e1rios de at\u00e9 R$ 7,5 mil receber\u00e3o integralmente. Quem tem contracheque acima desse valor dever\u00e1 receber em duas parcelas, a primeira em 7 de setembro e a segunda uma semana depois. Para evitar esse desgaste, o governo espera aprovar na pr\u00f3xima ter\u00e7a-feira (29\/08) projeto na C\u00e2mara Legislativa que une os fundos de previd\u00eancia dos servidores e cria o fundo de previd\u00eancia complementar.<\/p>\n<p>Na decis\u00e3o, o desembargador Jos\u00e9 Divino sustenta que h\u00e1 risco iminente de direitos serem atingidos num atitude &#8220;ilegal e abusiva&#8221;. &#8220;O subs\u00eddio e os vencimentos dos ocupantes de cargos e empregos p\u00fablicos s\u00e3o irredut\u00edveis&#8221;, aponta o magistrado, citando\u00a0a Constitui\u00e7\u00e3o Federal.<\/p>\n<p>Jos\u00e9 Divino ressaltou que s\u00e3o direitos dos servidores p\u00fablicos ativos e inativos, sujeitos ao regime jur\u00eddico \u00fanico, a quita\u00e7\u00e3o da folha de pagamentos at\u00e9 o quinto dia \u00fatil do m\u00eas subsequente, sob pena de incid\u00eancia de atualiza\u00e7\u00e3o monet\u00e1ria.<\/p>\n<p>&nbsp;<\/p>\n<p>&nbsp;<\/p>\n","protected":false},"excerpt":{"rendered":"<p>O Sindicato dos Servidores e Empregados da Administra\u00e7\u00e3o Direta, Fundacional, das Autarquias, Empresas P\u00fablicas e Sociedades de Economia Mista do DF (Sindser\/DF) conseguiu na Justi\u00e7a o direito aos servidores filiados, aproximadamente 35 mil, de receberem os sal\u00e1rios integralmente at\u00e9 o quinto dia \u00fatil do m\u00eas. A decis\u00e3o, do desembargador Jos\u00e9 Divino, do Tribunal de Justi\u00e7a do Distrito Federal e Territ\u00f3rios [&hellip;]<\/p>\n","protected":false},"author":9,"featured_media":9372,"comment_status":"open","ping_status":"closed","sticky":false,"template":"","format":"standard","meta":{"footnotes":""},"categories":[234],"tags":[864,865,863],"class_list":["post-9369","post","type-post","status-publish","format-standard","has-post-thumbnail","hentry","category-cb-poder","tag-desembargador-jose-divino","tag-parcelamento-dos-salarios","tag-sindser-justica"],"_links":{"self":[{"href":"https:\/\/blogs.correiobraziliense.com.br\/cbpoder\/wp-json\/wp\/v2\/posts\/9369","targetHints":{"allow":["GET"]}}],"collection":[{"href":"https:\/\/blogs.correiobraziliense.com.br\/cbpoder\/wp-json\/wp\/v2\/posts"}],"about":[{"href":"https:\/\/blogs.correiobraziliense.com.br\/cbpoder\/wp-json\/wp\/v2\/types\/post"}],"author":[{"embeddable":true,"href":"https:\/\/blogs.correiobraziliense.com.br\/cbpoder\/wp-json\/wp\/v2\/users\/9"}],"replies":[{"embeddable":true,"href":"https:\/\/blogs.correiobraziliense.com.br\/cbpoder\/wp-json\/wp\/v2\/comments?post=9369"}],"version-history":[{"count":2,"href":"https:\/\/blogs.correiobraziliense.com.br\/cbpoder\/wp-json\/wp\/v2\/posts\/9369\/revisions"}],"predecessor-version":[{"id":9371,"href":"https:\/\/blogs.correiobraziliense.com.br\/cbpoder\/wp-json\/wp\/v2\/posts\/9369\/revisions\/9371"}],"wp:featuredmedia":[{"embeddable":true,"href":"https:\/\/blogs.correiobraziliense.com.br\/cbpoder\/wp-json\/wp\/v2\/media\/9372"}],"wp:attachment":[{"href":"https:\/\/blogs.correiobraziliense.com.br\/cbpoder\/wp-json\/wp\/v2\/media?parent=9369"}],"wp:term":[{"taxonomy":"category","embeddable":true,"href":"https:\/\/blogs.correiobraziliense.com.br\/cbpoder\/wp-json\/wp\/v2\/categories?post=9369"},{"taxonomy":"post_tag","embeddable":true,"href":"https:\/\/blogs.correiobraziliense.com.br\/cbpoder\/wp-json\/wp\/v2\/tags?post=9369"}],"curies":[{"name":"wp","href":"https:\/\/api.w.org\/{rel}","templated":true}]}}