{"id":9346,"date":"2017-08-24T13:48:47","date_gmt":"2017-08-24T16:48:47","guid":{"rendered":"https:\/\/blogs.correiobraziliense.com.br\/cbpoder\/?p=9346"},"modified":"2017-08-24T10:54:58","modified_gmt":"2017-08-24T13:54:58","slug":"depois-de-denuncias-de-grampo-promotor-convida-gilmar-mendes-conhecer-sala-de-investigacoes-do-mpdft","status":"publish","type":"post","link":"https:\/\/blogs.correiobraziliense.com.br\/cbpoder\/depois-de-denuncias-de-grampo-promotor-convida-gilmar-mendes-conhecer-sala-de-investigacoes-do-mpdft\/","title":{"rendered":"Depois de den\u00fancias de grampo, promotor convida Gilmar Mendes a conhecer sala de investiga\u00e7\u00f5es do MPDFT"},"content":{"rendered":"<p>Coordenador do Centro de Intelig\u00eancia (CI) do Minist\u00e9rio P\u00fablico do Distrito Federal e Territ\u00f3rios (MPDFT), o promotor Alexandre Sales de Paula e Souza enviou um convite ao ministro Gilmar Mendes para que conhe\u00e7a as instala\u00e7\u00f5es da Promotoria de Justi\u00e7a do Parano\u00e1. Nas depend\u00eancias do \u00f3rg\u00e3o, s\u00e3o realizados depoimentos estrat\u00e9gicos e s\u00e3o mantidas informa\u00e7\u00f5es de investiga\u00e7\u00f5es sens\u00edveis.<\/p>\n<p>&nbsp;<\/p>\n<p>Tamb\u00e9m funciona o guardi\u00e3o, equipamento para intercepta\u00e7\u00f5es telef\u00f4nicas feitas com autoriza\u00e7\u00e3o judicial. O promotor sugeriu a visita do ministro para a tarde de amanh\u00e3. A iniciativa foi tomada depois que o magistrado afirmou, em sess\u00e3o do Supremo Tribunal Federal (STF), acreditar na exist\u00eancia de um esquema de grampos clandestino com a participa\u00e7\u00e3o de integrantes do Grupo de Aten\u00e7\u00e3o Especial de Combate ao Crime Organizado (Gaeco).<\/p>\n<p>&nbsp;<\/p>\n<p>No of\u00edcio, Alexandre Sales afirma que o objetivo \u00e9 dirimir d\u00favidas em virtude de \u201cposs\u00edveis informa\u00e7\u00f5es equivocadas que porventura possam estar sendo propaladas acerca das atividades desempenhadas\u201d pelo Centro de Intelig\u00eancia.<\/p>\n","protected":false},"excerpt":{"rendered":"<p>Coordenador do Centro de Intelig\u00eancia (CI) do Minist\u00e9rio P\u00fablico do Distrito Federal e Territ\u00f3rios (MPDFT), o promotor Alexandre Sales de Paula e Souza enviou um convite ao ministro Gilmar Mendes para que conhe\u00e7a as instala\u00e7\u00f5es da Promotoria de Justi\u00e7a do Parano\u00e1. Nas depend\u00eancias do \u00f3rg\u00e3o, s\u00e3o realizados depoimentos estrat\u00e9gicos e s\u00e3o mantidas informa\u00e7\u00f5es de investiga\u00e7\u00f5es sens\u00edveis. &nbsp; Tamb\u00e9m funciona o [&hellip;]<\/p>\n","protected":false},"author":9,"featured_media":9347,"comment_status":"open","ping_status":"closed","sticky":false,"template":"","format":"standard","meta":{"footnotes":""},"categories":[234],"tags":[],"class_list":["post-9346","post","type-post","status-publish","format-standard","has-post-thumbnail","hentry","category-cb-poder"],"_links":{"self":[{"href":"https:\/\/blogs.correiobraziliense.com.br\/cbpoder\/wp-json\/wp\/v2\/posts\/9346","targetHints":{"allow":["GET"]}}],"collection":[{"href":"https:\/\/blogs.correiobraziliense.com.br\/cbpoder\/wp-json\/wp\/v2\/posts"}],"about":[{"href":"https:\/\/blogs.correiobraziliense.com.br\/cbpoder\/wp-json\/wp\/v2\/types\/post"}],"author":[{"embeddable":true,"href":"https:\/\/blogs.correiobraziliense.com.br\/cbpoder\/wp-json\/wp\/v2\/users\/9"}],"replies":[{"embeddable":true,"href":"https:\/\/blogs.correiobraziliense.com.br\/cbpoder\/wp-json\/wp\/v2\/comments?post=9346"}],"version-history":[{"count":1,"href":"https:\/\/blogs.correiobraziliense.com.br\/cbpoder\/wp-json\/wp\/v2\/posts\/9346\/revisions"}],"predecessor-version":[{"id":9348,"href":"https:\/\/blogs.correiobraziliense.com.br\/cbpoder\/wp-json\/wp\/v2\/posts\/9346\/revisions\/9348"}],"wp:featuredmedia":[{"embeddable":true,"href":"https:\/\/blogs.correiobraziliense.com.br\/cbpoder\/wp-json\/wp\/v2\/media\/9347"}],"wp:attachment":[{"href":"https:\/\/blogs.correiobraziliense.com.br\/cbpoder\/wp-json\/wp\/v2\/media?parent=9346"}],"wp:term":[{"taxonomy":"category","embeddable":true,"href":"https:\/\/blogs.correiobraziliense.com.br\/cbpoder\/wp-json\/wp\/v2\/categories?post=9346"},{"taxonomy":"post_tag","embeddable":true,"href":"https:\/\/blogs.correiobraziliense.com.br\/cbpoder\/wp-json\/wp\/v2\/tags?post=9346"}],"curies":[{"name":"wp","href":"https:\/\/api.w.org\/{rel}","templated":true}]}}