{"id":9284,"date":"2017-08-21T16:18:18","date_gmt":"2017-08-21T19:18:18","guid":{"rendered":"https:\/\/blogs.correiobraziliense.com.br\/cbpoder\/?p=9284"},"modified":"2017-08-21T16:23:41","modified_gmt":"2017-08-21T19:23:41","slug":"conselho-de-etica-arquiva-representacao-contra-sandra-faraj","status":"publish","type":"post","link":"https:\/\/blogs.correiobraziliense.com.br\/cbpoder\/conselho-de-etica-arquiva-representacao-contra-sandra-faraj\/","title":{"rendered":"Comiss\u00e3o de \u00c9tica arquiva representa\u00e7\u00e3o contra Sandra Faraj"},"content":{"rendered":"<p>ANA MARIA CAMPOS<\/p>\n<p>A Comiss\u00e3o de Defesa dos Direitos Humanos. Cidadania, \u00c9tica e Decoro Parlamentar da C\u00e2mara Legislativa decidiu por unanimidade arquivar nesta tarde (21\/08) a representa\u00e7\u00e3o contra a deputada Sandra Faraj (SD), denunciada por desvio de recursos da verba indenizat\u00f3ria.<\/p>\n<p>Os deputados Raimundo Ribeiro (PPS), Wellington Luiz (PMDB) e Telma Rufino (Pros) e Ricardo Vale (PT) seguiram o voto do relator, Agaciel Maia (PR), no entendimento de que n\u00e3o cabe analisar a conduta de Faraj porque a Justi\u00e7a ainda n\u00e3o recebeu a den\u00fancia.<\/p>\n<p>Agaciel apresentou seu relat\u00f3rio de surpresa. Nem o presidente da Comiss\u00e3o, Ricardo Vale (PT), sabia que o caso seria inclu\u00eddo na pauta desta segunda-feira.<\/p>\n<p>L\u00edder do governo na C\u00e2mara Legislativa, Agaciel disse que trabalhou no fim de semana para apresentar o relat\u00f3rio. Ele tinha mais 20 dias, com possibilidade de prorroga\u00e7\u00e3o por mais 30 dias.<\/p>\n<p>&nbsp;<\/p>\n<p>&nbsp;<\/p>\n","protected":false},"excerpt":{"rendered":"<p>ANA MARIA CAMPOS A Comiss\u00e3o de Defesa dos Direitos Humanos. Cidadania, \u00c9tica e Decoro Parlamentar da C\u00e2mara Legislativa decidiu por unanimidade arquivar nesta tarde (21\/08) a representa\u00e7\u00e3o contra a deputada Sandra Faraj (SD), denunciada por desvio de recursos da verba indenizat\u00f3ria. Os deputados Raimundo Ribeiro (PPS), Wellington Luiz (PMDB) e Telma Rufino (Pros) e Ricardo Vale (PT) seguiram o voto [&hellip;]<\/p>\n","protected":false},"author":9,"featured_media":8278,"comment_status":"open","ping_status":"closed","sticky":false,"template":"","format":"standard","meta":{"footnotes":""},"categories":[234],"tags":[70,853,29],"class_list":["post-9284","post","type-post","status-publish","format-standard","has-post-thumbnail","hentry","category-cb-poder","tag-camara-legislativa","tag-conselho-de-etica","tag-sandra-faraj"],"_links":{"self":[{"href":"https:\/\/blogs.correiobraziliense.com.br\/cbpoder\/wp-json\/wp\/v2\/posts\/9284","targetHints":{"allow":["GET"]}}],"collection":[{"href":"https:\/\/blogs.correiobraziliense.com.br\/cbpoder\/wp-json\/wp\/v2\/posts"}],"about":[{"href":"https:\/\/blogs.correiobraziliense.com.br\/cbpoder\/wp-json\/wp\/v2\/types\/post"}],"author":[{"embeddable":true,"href":"https:\/\/blogs.correiobraziliense.com.br\/cbpoder\/wp-json\/wp\/v2\/users\/9"}],"replies":[{"embeddable":true,"href":"https:\/\/blogs.correiobraziliense.com.br\/cbpoder\/wp-json\/wp\/v2\/comments?post=9284"}],"version-history":[{"count":3,"href":"https:\/\/blogs.correiobraziliense.com.br\/cbpoder\/wp-json\/wp\/v2\/posts\/9284\/revisions"}],"predecessor-version":[{"id":9289,"href":"https:\/\/blogs.correiobraziliense.com.br\/cbpoder\/wp-json\/wp\/v2\/posts\/9284\/revisions\/9289"}],"wp:featuredmedia":[{"embeddable":true,"href":"https:\/\/blogs.correiobraziliense.com.br\/cbpoder\/wp-json\/wp\/v2\/media\/8278"}],"wp:attachment":[{"href":"https:\/\/blogs.correiobraziliense.com.br\/cbpoder\/wp-json\/wp\/v2\/media?parent=9284"}],"wp:term":[{"taxonomy":"category","embeddable":true,"href":"https:\/\/blogs.correiobraziliense.com.br\/cbpoder\/wp-json\/wp\/v2\/categories?post=9284"},{"taxonomy":"post_tag","embeddable":true,"href":"https:\/\/blogs.correiobraziliense.com.br\/cbpoder\/wp-json\/wp\/v2\/tags?post=9284"}],"curies":[{"name":"wp","href":"https:\/\/api.w.org\/{rel}","templated":true}]}}