{"id":9125,"date":"2017-08-04T20:53:37","date_gmt":"2017-08-04T23:53:37","guid":{"rendered":"https:\/\/blogs.correiobraziliense.com.br\/cbpoder\/?p=9125"},"modified":"2017-08-04T20:57:14","modified_gmt":"2017-08-04T23:57:14","slug":"justica-permite-atuacao-de-policiais-em-evento-na-praia","status":"publish","type":"post","link":"https:\/\/blogs.correiobraziliense.com.br\/cbpoder\/justica-permite-atuacao-de-policiais-em-evento-na-praia\/","title":{"rendered":"Justi\u00e7a permite atua\u00e7\u00e3o de policiais civis em evento Na Praia"},"content":{"rendered":"<p>ANA MARIA CAMPOS<\/p>\n<p>O desembargador Te\u00f3filo Caetano, do Tribunal de Justi\u00e7a do Distrito Federal e dos Territ\u00f3rios (TJDFT), restabeleceu os efeitos da ordem de miss\u00e3o do diretor-geral da Pol\u00edcia Civil, Eric Seba, relacionada \u00e0 atua\u00e7\u00e3o estrat\u00e9gica de policiais civis no evento &#8220;Na Praia-2017&#8221;.<\/p>\n<p>O entendimento da Justi\u00e7a foi de que a ordem de servi\u00e7o foi baseada em determina\u00e7\u00e3o da Secretaria de Seguran\u00e7a P\u00fablica e Paz Social para todas as for\u00e7as de seguran\u00e7a do DF e n\u00e3o extrapola as atribui\u00e7\u00f5es da Pol\u00edcia Civil, tampouco invade as fun\u00e7\u00f5es de policiamento ostensivo da Pol\u00edcia Militar do DF.<\/p>\n<p>O ato havia sido suspenso por decis\u00e3o da ju\u00edza substituta Cristiana Gonzaga, da 1\u00aa Vara de Fazenda P\u00fablica do DF, a pedido do Sindicato dos Policiais Civis do DF (Sinpol-DF).<\/p>\n<p>Em Agravo de Instrumento, interposto pela Procuradoria-geral do DF, o desembargador Te\u00f3filo Caetano considerou que, embora o evento seja privado, a atua\u00e7\u00e3o da Pol\u00edcia Civil atende ao interesse p\u00fablico.\u00a0&#8220;O ato, em suma, se limitara a estabelecer atividades extraordin\u00e1rias e estrat\u00e9gicas destinadas a refor\u00e7ar o aparato de seguran\u00e7a ordinariamente em exerc\u00edcio na \u00e1rea adjacente ao local em que ocorrer\u00e1 o evento &#8216;Na Praia-2017&#8242;&#8221;. O evento, na Orla do Lago Parano\u00e1, ocorre em Bras\u00edlia at\u00e9 27 de agosto.<\/p>\n<p>Segundo o magistrado, esse refor\u00e7o de aparato foi determinado diante da alta demanda de cidad\u00e3os, principalmente jovens no evento, o que poder\u00e1 provocar o aumento do n\u00famero de ocorr\u00eancias que demandam &#8220;plena e imediata resposta dos servi\u00e7os de seguran\u00e7a&#8221;. E acrescentou:\u00a0&#8220;O ato em diversas oportunidades ressalvara expressamente que todos os atos e a\u00e7\u00f5es dos policiais civis dever\u00e3o ser consumados dentro de suas atribui\u00e7\u00f5es legais de pol\u00edcia judici\u00e1ria&#8221;.<\/p>\n<p>Te\u00f3filo Caetano ressaltou ainda que, aferida a legalidade da determina\u00e7\u00e3o do diretor-geral da Pol\u00edcia Civil, n\u00e3o compete ao Judici\u00e1rio nem ao Sinpol controlar a sua oportunidade e conveni\u00eancia.<\/p>\n<p>Em nota, a Pol\u00edcia Civil aponta que a ordem de servi\u00e7o apenas determina aos\u00a0gestores dos diversos departamentos a se organizarem para refor\u00e7ar as estruturas que poder\u00e3o ser acionadas em casos de crimes no evento, como a 5\u00aa DP, a Delegacia Especial de Atendimento \u00e0 Mulher (DEAM), a Delegacia Especial de Repress\u00e3o aos Crimes por Discrimina\u00e7\u00e3o Racial, Religiosa ou por Orienta\u00e7\u00e3o Sexual ou contra a Pessoa Idosa ou com Defici\u00eancia (Decrin), al\u00e9m da Delegacia da Crian\u00e7a e do Adolescente (DCA).<\/p>\n<p>O Sinpol alegou, na a\u00e7\u00e3o, que a dire\u00e7\u00e30-geral da Pol\u00edcia Civil estava convocando servidores para atuar no policiamento ostensivo, que \u00e9 papel da PM. &#8220;N\u00e3o bastasse a falta de 50% no efetivo na Pol\u00edcia Civil j\u00e1 denunciado h\u00e1 v\u00e1rios anos, a dire\u00e7\u00e3o da Pol\u00edcia Civil do DF convocou seus servidores para fazerem um trabalho que n\u00e3o \u00e9 da Pol\u00edcia Civil, mas, sim, da Pol\u00edcia Militar&#8221;, aponta o Sinpol em nota.<\/p>\n<p>&nbsp;<\/p>\n","protected":false},"excerpt":{"rendered":"<p>ANA MARIA CAMPOS O desembargador Te\u00f3filo Caetano, do Tribunal de Justi\u00e7a do Distrito Federal e dos Territ\u00f3rios (TJDFT), restabeleceu os efeitos da ordem de miss\u00e3o do diretor-geral da Pol\u00edcia Civil, Eric Seba, relacionada \u00e0 atua\u00e7\u00e3o estrat\u00e9gica de policiais civis no evento &#8220;Na Praia-2017&#8221;. O entendimento da Justi\u00e7a foi de que a ordem de servi\u00e7o foi baseada em determina\u00e7\u00e3o da Secretaria [&hellip;]<\/p>\n","protected":false},"author":9,"featured_media":9126,"comment_status":"open","ping_status":"closed","sticky":false,"template":"","format":"standard","meta":{"footnotes":""},"categories":[234],"tags":[832,102,476],"class_list":["post-9125","post","type-post","status-publish","format-standard","has-post-thumbnail","hentry","category-cb-poder","tag-na-praia","tag-policia-civil","tag-sinpol"],"_links":{"self":[{"href":"https:\/\/blogs.correiobraziliense.com.br\/cbpoder\/wp-json\/wp\/v2\/posts\/9125","targetHints":{"allow":["GET"]}}],"collection":[{"href":"https:\/\/blogs.correiobraziliense.com.br\/cbpoder\/wp-json\/wp\/v2\/posts"}],"about":[{"href":"https:\/\/blogs.correiobraziliense.com.br\/cbpoder\/wp-json\/wp\/v2\/types\/post"}],"author":[{"embeddable":true,"href":"https:\/\/blogs.correiobraziliense.com.br\/cbpoder\/wp-json\/wp\/v2\/users\/9"}],"replies":[{"embeddable":true,"href":"https:\/\/blogs.correiobraziliense.com.br\/cbpoder\/wp-json\/wp\/v2\/comments?post=9125"}],"version-history":[{"count":3,"href":"https:\/\/blogs.correiobraziliense.com.br\/cbpoder\/wp-json\/wp\/v2\/posts\/9125\/revisions"}],"predecessor-version":[{"id":9129,"href":"https:\/\/blogs.correiobraziliense.com.br\/cbpoder\/wp-json\/wp\/v2\/posts\/9125\/revisions\/9129"}],"wp:featuredmedia":[{"embeddable":true,"href":"https:\/\/blogs.correiobraziliense.com.br\/cbpoder\/wp-json\/wp\/v2\/media\/9126"}],"wp:attachment":[{"href":"https:\/\/blogs.correiobraziliense.com.br\/cbpoder\/wp-json\/wp\/v2\/media?parent=9125"}],"wp:term":[{"taxonomy":"category","embeddable":true,"href":"https:\/\/blogs.correiobraziliense.com.br\/cbpoder\/wp-json\/wp\/v2\/categories?post=9125"},{"taxonomy":"post_tag","embeddable":true,"href":"https:\/\/blogs.correiobraziliense.com.br\/cbpoder\/wp-json\/wp\/v2\/tags?post=9125"}],"curies":[{"name":"wp","href":"https:\/\/api.w.org\/{rel}","templated":true}]}}