{"id":9099,"date":"2017-08-02T11:53:51","date_gmt":"2017-08-02T14:53:51","guid":{"rendered":"https:\/\/blogs.correiobraziliense.com.br\/cbpoder\/?p=9099"},"modified":"2017-08-02T11:54:26","modified_gmt":"2017-08-02T14:54:26","slug":"stf-arquiva-queixa-de-rollemberg-contra-bessa","status":"publish","type":"post","link":"https:\/\/blogs.correiobraziliense.com.br\/cbpoder\/stf-arquiva-queixa-de-rollemberg-contra-bessa\/","title":{"rendered":"STF arquiva queixa-crime de Rollemberg contra Bessa por xingamentos"},"content":{"rendered":"<p>O Supremo Tribunal Federal (STF) arquivou, sem entrar no m\u00e9rito, a queixa-crime movida pelo governador Rodrigo Rollemberg (PSB) contra o deputado Laerte Bessa (PR), por ataques feitos pelo parlamentar em discurso no plen\u00e1rio da C\u00e2mara dos Deputados. Entre outros adjetivos, Bessa chamou Rollemberg de \u201cmaconheiro\u201d. O ministro Roberto Barroso levou em conta uma quest\u00e3o t\u00e9cnica.<\/p>\n<p>&nbsp;<\/p>\n<p>Na procura\u00e7\u00e3o em que Rollemberg delegou poderes para o ajuizamento da a\u00e7\u00e3o, n\u00e3o constavam as descri\u00e7\u00f5es dos fatos narrados como crime o que acabou provocando a nulidade do documento. A defesa do governador ainda tentou fazer a corre\u00e7\u00e3o, mas quando isso ocorreu o prazo para o in\u00edcio da queixa-crime, de seis meses ap\u00f3s o fato, j\u00e1 havia transcorrido. Na esfera c\u00edvel, Rollemberg havia obtido uma vit\u00f3ria e o parlamentar ter\u00e1 de pagar uma indeniza\u00e7\u00e3o no valor de R$ 30 mil.<\/p>\n<p>&nbsp;<\/p>\n<p><strong>Candidato ao Buriti<\/strong><br \/>\nO deputado Laerte Bessa (PR-DF) afirma que est\u00e1 disposto a concorrer ao Pal\u00e1cio do Buriti nas pr\u00f3ximas elei\u00e7\u00f5es. \u201cVamos derrotar Rollemberg\u201d, afirma. Da tropa de choque do presidente Michel Temer, o parlamentar bem que conseguiria o apoio do PMDB para entrar na disputa. Mas vai precisar tamb\u00e9m do aval do presidente regional da legenda, Tadeu Filippelli.<\/p>\n","protected":false},"excerpt":{"rendered":"<p>O Supremo Tribunal Federal (STF) arquivou, sem entrar no m\u00e9rito, a queixa-crime movida pelo governador Rodrigo Rollemberg (PSB) contra o deputado Laerte Bessa (PR), por ataques feitos pelo parlamentar em discurso no plen\u00e1rio da C\u00e2mara dos Deputados. Entre outros adjetivos, Bessa chamou Rollemberg de \u201cmaconheiro\u201d. O ministro Roberto Barroso levou em conta uma quest\u00e3o t\u00e9cnica. &nbsp; Na procura\u00e7\u00e3o em que [&hellip;]<\/p>\n","protected":false},"author":9,"featured_media":4380,"comment_status":"open","ping_status":"closed","sticky":false,"template":"","format":"standard","meta":{"footnotes":""},"categories":[234],"tags":[],"class_list":["post-9099","post","type-post","status-publish","format-standard","has-post-thumbnail","hentry","category-cb-poder"],"_links":{"self":[{"href":"https:\/\/blogs.correiobraziliense.com.br\/cbpoder\/wp-json\/wp\/v2\/posts\/9099","targetHints":{"allow":["GET"]}}],"collection":[{"href":"https:\/\/blogs.correiobraziliense.com.br\/cbpoder\/wp-json\/wp\/v2\/posts"}],"about":[{"href":"https:\/\/blogs.correiobraziliense.com.br\/cbpoder\/wp-json\/wp\/v2\/types\/post"}],"author":[{"embeddable":true,"href":"https:\/\/blogs.correiobraziliense.com.br\/cbpoder\/wp-json\/wp\/v2\/users\/9"}],"replies":[{"embeddable":true,"href":"https:\/\/blogs.correiobraziliense.com.br\/cbpoder\/wp-json\/wp\/v2\/comments?post=9099"}],"version-history":[{"count":1,"href":"https:\/\/blogs.correiobraziliense.com.br\/cbpoder\/wp-json\/wp\/v2\/posts\/9099\/revisions"}],"predecessor-version":[{"id":9100,"href":"https:\/\/blogs.correiobraziliense.com.br\/cbpoder\/wp-json\/wp\/v2\/posts\/9099\/revisions\/9100"}],"wp:featuredmedia":[{"embeddable":true,"href":"https:\/\/blogs.correiobraziliense.com.br\/cbpoder\/wp-json\/wp\/v2\/media\/4380"}],"wp:attachment":[{"href":"https:\/\/blogs.correiobraziliense.com.br\/cbpoder\/wp-json\/wp\/v2\/media?parent=9099"}],"wp:term":[{"taxonomy":"category","embeddable":true,"href":"https:\/\/blogs.correiobraziliense.com.br\/cbpoder\/wp-json\/wp\/v2\/categories?post=9099"},{"taxonomy":"post_tag","embeddable":true,"href":"https:\/\/blogs.correiobraziliense.com.br\/cbpoder\/wp-json\/wp\/v2\/tags?post=9099"}],"curies":[{"name":"wp","href":"https:\/\/api.w.org\/{rel}","templated":true}]}}