{"id":9040,"date":"2017-07-24T11:00:55","date_gmt":"2017-07-24T14:00:55","guid":{"rendered":"https:\/\/blogs.correiobraziliense.com.br\/cbpoder\/?p=9040"},"modified":"2017-07-24T11:00:55","modified_gmt":"2017-07-24T14:00:55","slug":"cristovam-buarque-o-bolsonaro-e-o-pior-dos-coroneis-da-politica","status":"publish","type":"post","link":"https:\/\/blogs.correiobraziliense.com.br\/cbpoder\/cristovam-buarque-o-bolsonaro-e-o-pior-dos-coroneis-da-politica\/","title":{"rendered":"Cristovam Buarque: \u201cO Bolsonaro \u00e9 o pior dos coron\u00e9is da pol\u00edtica\u201d"},"content":{"rendered":"<p><strong>O que aconteceu na Universidade Federal de Minas Gerais, na semana passada, em que algumas pessoas o xingaram e o senhor teve de cancelar o lan\u00e7amento de um livro?<\/strong><br \/>\nFui fazer uma palestra, lan\u00e7ar um livro e de noite tinha uma reuni\u00e3o do PPS. Como sempre fa\u00e7o, andei pelo campus. Surgiu um grupo de cinco ou seis pessoas que come\u00e7aram a me chamar de golpista. Parei para conversar e disse que se houve golpe foi tamb\u00e9m contra a corrup\u00e7\u00e3o, para salvar a Petrobras. Durante a palestra, n\u00e3o houve nenhum problema. Mas ficou evidente que haveria perturba\u00e7\u00e3o na hora do lan\u00e7amento do livro, me sugeriram cancelar e preferi cancelar. Na hora da reuni\u00e3o, um grupo tentou impedir a minha entrada.<\/p>\n<p>&nbsp;<\/p>\n<p><strong>Esse momento foi mais grave do que o que senhor j\u00e1 enfrentou em Bras\u00edlia, pela sua posi\u00e7\u00e3o a favor do impeachment?<\/strong><br \/>\nAqui s\u00e3o apenas gritos individuais, nunca houve grupos de pessoas. L\u00e1 eram seis ou sete, que fizeram um barulho danado.<\/p>\n<p>&nbsp;<\/p>\n<p><strong>O senhor ficou assustado?<\/strong><br \/>\nSabe que n\u00e3o? Em nenhum momento, senti risco de agress\u00e3o f\u00edsica. Mas o que isso passa para mim \u00e9 que estamos vivendo uma guerra civil. Os deserdados est\u00e3o descendo dos morros e est\u00e3o se unindo aos desencantados. Isso \u00e9 muito grave. As guerras civis come\u00e7am com vaias, depois com gritos, um dia se joga uma pedra em um advers\u00e1rio e depois \u00e9 uma pancada, em seguida vem um tiro e, quando se descobre, o pa\u00eds est\u00e1 no meio de uma guerra civil. Temo que o Brasil esteja caminhando para isso, pela viol\u00eancia que vemos nas cidades e pela intoler\u00e2ncia na pol\u00edtica.<\/p>\n<p>&nbsp;<\/p>\n<p><strong>Depois do impeachment de Dilma, o sucessor, Michel Temer, est\u00e1 sendo acusado de corrup\u00e7\u00e3o. Essa sequ\u00eancia acaba criando uma desilus\u00e3o e aumentando a intoler\u00e2ncia?<\/strong><br \/>\nCreio que n\u00e3o porque quem escolheu o Temer foram os eleitores da Dilma. O Temer foi vice da Dilma duas vezes. \u00c9 uma continuidade. Na verdade, n\u00f3s ainda n\u00e3o completamos o impeachment. Para isso, precisamos tirar o Temer tamb\u00e9m. A Dilma saiu pelo crime fiscal, das pedaladas, mas talvez um erro ainda maior dela tenha sido colocar o Temer de vice. Ela tinha que ter previsto um vice \u00e0 altura, como foi Itamar (Franco), por exemplo.<\/p>\n<p>&nbsp;<\/p>\n<p><strong>E a situa\u00e7\u00e3o de press\u00e3o piorou quando o senhor votou a favor da reforma trabalhista?<\/strong><br \/>\nSim, sem d\u00favida alguma. O impeachment v\u00e3o esquecendo. O que as pessoas reagem \u00e9 porque vou continuar votando contra o atraso. O Brasil \u00e9 um pa\u00eds amarrado. O Hino Nacional fala em deitado em ber\u00e7o espl\u00eandido, mas, na verdade, estamos amarrados em ber\u00e7o espl\u00eandido. Temos que adaptar a economia \u00e0 realidade do momento. A realidade exige reforma trabalhista, exige reforma fiscal, exige reforma na educa\u00e7\u00e3o. Os grupos corporativos n\u00e3o querem essas reformas e outros est\u00e3o caindo na narrativa de que essas medidas s\u00e3o escravocratas. Eu tento debater, mas ningu\u00e9m quer discutir.<\/p>\n<p>&nbsp;<\/p>\n<p><strong>O senhor tem disposi\u00e7\u00e3o de se candidatar \u00e0 Presid\u00eancia?<\/strong><br \/>\nComo quem procura, n\u00e3o. Mas se as circunst\u00e2ncias do meu partido quiserem, eu vou. N\u00e3o vou procurar, mas n\u00e3o vou fugir. Numa elei\u00e7\u00e3o em que Bolsonaro pode chegar ao segundo turno, nenhum patriota tem o direito de n\u00e3o aceitar disputar. O Bolsonaro \u00e9 uma excrec\u00eancia da democracia. N\u00e3o podemos deixar que isso v\u00e1 adiante. Mas temos que reconhecer que o prest\u00edgio dele ocorre de que parte da ditadura n\u00e3o foi enterrada e porque, n\u00f3s democratas, cometemos muitos erros nesses \u00faltimos 30 anos. A popula\u00e7\u00e3o diz \u201cos democratas deixam o pa\u00eds desse jeito, com o pa\u00eds quebrado, a viol\u00eancia nas ruas e a corrup\u00e7\u00e3o tomando conta, vamos atr\u00e1s do passado, vamos atr\u00e1s de um milico\u201d. O Bolsonaro \u00e9 o pior de todos os coron\u00e9is da pol\u00edtica. Ele tem filhos na pol\u00edtica e v\u00e1rios mandatos e diz que n\u00e3o \u00e9 pol\u00edtico.<\/p>\n","protected":false},"excerpt":{"rendered":"<p>O que aconteceu na Universidade Federal de Minas Gerais, na semana passada, em que algumas pessoas o xingaram e o senhor teve de cancelar o lan\u00e7amento de um livro? Fui fazer uma palestra, lan\u00e7ar um livro e de noite tinha uma reuni\u00e3o do PPS. Como sempre fa\u00e7o, andei pelo campus. Surgiu um grupo de cinco ou seis pessoas que come\u00e7aram [&hellip;]<\/p>\n","protected":false},"author":9,"featured_media":2185,"comment_status":"open","ping_status":"closed","sticky":false,"template":"","format":"standard","meta":{"footnotes":""},"categories":[234],"tags":[],"class_list":["post-9040","post","type-post","status-publish","format-standard","has-post-thumbnail","hentry","category-cb-poder"],"_links":{"self":[{"href":"https:\/\/blogs.correiobraziliense.com.br\/cbpoder\/wp-json\/wp\/v2\/posts\/9040","targetHints":{"allow":["GET"]}}],"collection":[{"href":"https:\/\/blogs.correiobraziliense.com.br\/cbpoder\/wp-json\/wp\/v2\/posts"}],"about":[{"href":"https:\/\/blogs.correiobraziliense.com.br\/cbpoder\/wp-json\/wp\/v2\/types\/post"}],"author":[{"embeddable":true,"href":"https:\/\/blogs.correiobraziliense.com.br\/cbpoder\/wp-json\/wp\/v2\/users\/9"}],"replies":[{"embeddable":true,"href":"https:\/\/blogs.correiobraziliense.com.br\/cbpoder\/wp-json\/wp\/v2\/comments?post=9040"}],"version-history":[{"count":1,"href":"https:\/\/blogs.correiobraziliense.com.br\/cbpoder\/wp-json\/wp\/v2\/posts\/9040\/revisions"}],"predecessor-version":[{"id":9041,"href":"https:\/\/blogs.correiobraziliense.com.br\/cbpoder\/wp-json\/wp\/v2\/posts\/9040\/revisions\/9041"}],"wp:featuredmedia":[{"embeddable":true,"href":"https:\/\/blogs.correiobraziliense.com.br\/cbpoder\/wp-json\/wp\/v2\/media\/2185"}],"wp:attachment":[{"href":"https:\/\/blogs.correiobraziliense.com.br\/cbpoder\/wp-json\/wp\/v2\/media?parent=9040"}],"wp:term":[{"taxonomy":"category","embeddable":true,"href":"https:\/\/blogs.correiobraziliense.com.br\/cbpoder\/wp-json\/wp\/v2\/categories?post=9040"},{"taxonomy":"post_tag","embeddable":true,"href":"https:\/\/blogs.correiobraziliense.com.br\/cbpoder\/wp-json\/wp\/v2\/tags?post=9040"}],"curies":[{"name":"wp","href":"https:\/\/api.w.org\/{rel}","templated":true}]}}