{"id":9002,"date":"2017-07-20T02:13:19","date_gmt":"2017-07-20T05:13:19","guid":{"rendered":"https:\/\/blogs.correiobraziliense.com.br\/cbpoder\/?p=9002"},"modified":"2017-07-20T02:16:21","modified_gmt":"2017-07-20T05:16:21","slug":"eric-seba-diz-que-pcdf-vai-apurar-todas-as-suspeitas-envolvendo-a-morte-de-motorista","status":"publish","type":"post","link":"https:\/\/blogs.correiobraziliense.com.br\/cbpoder\/eric-seba-diz-que-pcdf-vai-apurar-todas-as-suspeitas-envolvendo-a-morte-de-motorista\/","title":{"rendered":"Diretor-geral da Pol\u00edcia Civil: todas as circunst\u00e2ncias da morte de Lu\u00eds Cl\u00e1udio ser\u00e3o investigadas"},"content":{"rendered":"<p>ANA MARIA CAMPOS<\/p>\n<p>O diretor-geral da Pol\u00edcia Civil, Eric Seba, garante que a morte do motorista Lu\u00eds Cl\u00e1udio Rodrigues ser\u00e1 investigada levando em conta todos os aspectos e com isen\u00e7\u00e3o.<\/p>\n<p>Ele deixa claro que apenas o laudo com a conclus\u00e3o poder\u00e1 indicar as circunst\u00e2ncias do que ocorreu na \u00faltima sexta-feira (14\/07) e se h\u00e1 outras les\u00f5es provocadas por agress\u00f5es como apontam familiares de Lu\u00eds Cl\u00e1udio.<\/p>\n<p>Segundo Seba, os policiais civis est\u00e3o solid\u00e1rios ao drama vivido pelos parentes de Lu\u00eds Cl\u00e1udio. &#8220;De modo muito especial, esse sofrimento atinge os policiais lotados na 13aDP, delegacia onde ocorreu o epis\u00f3dio, pais e m\u00e3es de fam\u00edlia, exemplares profissionais que, tenho convic\u00e7\u00e3o, dariam a vida para salvar a vida do Senhor Lu\u00eds&#8221;, disse o diretor-geral.<\/p>\n<p><strong>A Policia Civil trabalha com a possibilidade de o motorista da Caixa ter sofrido alguma agress\u00e3o?<\/strong><\/p>\n<p>Ser\u00e3o investigadas absolutamente todas as circunst\u00e2ncias que envolveram esse epis\u00f3dio. Qualquer not\u00edcia de cometimento de crime ter\u00e1 uma rigorosa e isenta investiga\u00e7\u00e3o. Ressalto que a Pol\u00edcia Civil do Distrito Federal \u00e9 nacionalmente reconhecida por sua capacidade de elucida\u00e7\u00e3o de crimes, sua seriedade, transpar\u00eancia e isen\u00e7\u00e3o.<\/p>\n<p><strong>As fotos que a fam\u00edlia divulga sugerem les\u00f5es?<\/strong><\/p>\n<p>As fotografias divulgadas na m\u00eddia apresentam sinais que podem sugerir haver les\u00f5es nos membros fotografados,\u00a0entretanto, ressalto que todas as circunst\u00e2ncias relacionadas \u00e0 aut\u00f3psia ser\u00e3o rigorosa e pormenorizadamente descritas no laudo a ser produzido pelos nossos Peritos M\u00e9dicos Legistas. Ressalto que as fotos n\u00e3o foram tiradas no IML e nem divulgadas pela Pol\u00edcia Civil.<\/p>\n<p><strong>A Policia Civil vai considerar essas fotos?<\/strong><br \/>\nPodem ser consideradas, \u00e0 crit\u00e9rio do delegado de Pol\u00edcia presidente do Inqu\u00e9rito Policial.<br \/>\nPara fins de norteamento de alguma linha de investiga\u00e7\u00e3o, ou outra que entender pertinente, mas insisto que \u00e9 fundamental aguardar a conclus\u00e3o do laudo do IML<\/p>\n<p><strong>O que ja foi constatado at\u00e9 agora na investiga\u00e7\u00e3o?<\/strong><br \/>\nA investiga\u00e7\u00e3o est\u00e1 sendo conduzida pela nossa Corregedoria, um dos \u00f3rg\u00e3os correicionais mais atuantes das pol\u00edcias do Brasil, com absoluta autonomia para buscar a verdade real dos fatos.<br \/>\nDentro da linha de absoluta autonomia, posso afirmar que v\u00e1rios procedimentos investigativos foram adotados, por\u00e9m afirmar qualquer constata\u00e7\u00e3o neste momento entendo ser prematuro.<br \/>\nA importante constata\u00e7\u00e3o at\u00e9 agora est\u00e1 relacionada \u00e0 causa da morte, como descrito no exame realizado pelo IML<\/p>\n<p><strong>A Policia Civil requisitou o video em poder da Pol\u00edcia Militar com imagens da abordagem ao motorista depois da batida?<\/strong><br \/>\nAntes mesmo da divulga\u00e7\u00e3o da exist\u00eancia desse v\u00eddeo, orientei a Corregedoria no sentido de buscar todas as imagens que porventura existam.\u00a0Vamos oficiar \u00e0 PMDF no sentido de encaminhar quaisquer materiais produzidos que possam contribuir para o total esclarecimento dos fatos, em especial as relacionadas ao local da colis\u00e3o. Por fim, ressalto que a Pol\u00edcia Civil do Distrito Federal possui como um dos seus principais dogmas o respeito aos direitos humanos, da dignidade da pessoa humana.\u00a0Nossos policiais s\u00e3o profissionais formados para exercer a profiss\u00e3o com absoluta observ\u00e2ncia dos ditames legais, da preserva\u00e7\u00e3o da vida, tanto que nossos \u00edndices de confronto s\u00e3o muito baixos. Mas\u00a0Tamb\u00e9m quero registrar que um evento dessa tr\u00e1gica magnitude deixa todos n\u00f3s muito chocados. N\u00f3s nos solidarizamos com os parentes e amigos do Sr Luis Cl\u00e1udio, assim como lamentamos a perda de uma vida. De modo muito especial, esse sofrimento atinge os policiais lotados na 13aDP, Delegacia onde ocorreu o epis\u00f3dio, pais e m\u00e3es de fam\u00edlia, exemplares profissionais que, tenho convic\u00e7\u00e3o, dariam a vida para salvar a vida do Senhor Lu\u00eds.<\/p>\n<p><strong>Como voc\u00ea v\u00ea as avalia\u00e7\u00f5es dos peritos consultados pelo Correio?<\/strong><br \/>\nConsidero que an\u00e1lises feitas por pessoas que se apresentam como peritos, sem a observ\u00e2ncia m\u00ednima da t\u00e9cnica que deveria revestir um caso t\u00e3o grave s\u00e3o, no m\u00ednimo, carentes de um m\u00ednimo de observ\u00e2ncia dos princ\u00edpios \u00e9ticos b\u00e1sicos de qualquer profiss\u00e3o.<\/p>\n","protected":false},"excerpt":{"rendered":"<p>ANA MARIA CAMPOS O diretor-geral da Pol\u00edcia Civil, Eric Seba, garante que a morte do motorista Lu\u00eds Cl\u00e1udio Rodrigues ser\u00e1 investigada levando em conta todos os aspectos e com isen\u00e7\u00e3o. Ele deixa claro que apenas o laudo com a conclus\u00e3o poder\u00e1 indicar as circunst\u00e2ncias do que ocorreu na \u00faltima sexta-feira (14\/07) e se h\u00e1 outras les\u00f5es provocadas por agress\u00f5es como [&hellip;]<\/p>\n","protected":false},"author":9,"featured_media":7837,"comment_status":"open","ping_status":"closed","sticky":false,"template":"","format":"standard","meta":{"footnotes":""},"categories":[234],"tags":[408,813,811,814,812],"class_list":["post-9002","post","type-post","status-publish","format-standard","has-post-thumbnail","hentry","category-cb-poder","tag-eric-seba","tag-laudos","tag-luis-claudio","tag-morte-na-delegacia","tag-pcdf"],"_links":{"self":[{"href":"https:\/\/blogs.correiobraziliense.com.br\/cbpoder\/wp-json\/wp\/v2\/posts\/9002","targetHints":{"allow":["GET"]}}],"collection":[{"href":"https:\/\/blogs.correiobraziliense.com.br\/cbpoder\/wp-json\/wp\/v2\/posts"}],"about":[{"href":"https:\/\/blogs.correiobraziliense.com.br\/cbpoder\/wp-json\/wp\/v2\/types\/post"}],"author":[{"embeddable":true,"href":"https:\/\/blogs.correiobraziliense.com.br\/cbpoder\/wp-json\/wp\/v2\/users\/9"}],"replies":[{"embeddable":true,"href":"https:\/\/blogs.correiobraziliense.com.br\/cbpoder\/wp-json\/wp\/v2\/comments?post=9002"}],"version-history":[{"count":2,"href":"https:\/\/blogs.correiobraziliense.com.br\/cbpoder\/wp-json\/wp\/v2\/posts\/9002\/revisions"}],"predecessor-version":[{"id":9004,"href":"https:\/\/blogs.correiobraziliense.com.br\/cbpoder\/wp-json\/wp\/v2\/posts\/9002\/revisions\/9004"}],"wp:featuredmedia":[{"embeddable":true,"href":"https:\/\/blogs.correiobraziliense.com.br\/cbpoder\/wp-json\/wp\/v2\/media\/7837"}],"wp:attachment":[{"href":"https:\/\/blogs.correiobraziliense.com.br\/cbpoder\/wp-json\/wp\/v2\/media?parent=9002"}],"wp:term":[{"taxonomy":"category","embeddable":true,"href":"https:\/\/blogs.correiobraziliense.com.br\/cbpoder\/wp-json\/wp\/v2\/categories?post=9002"},{"taxonomy":"post_tag","embeddable":true,"href":"https:\/\/blogs.correiobraziliense.com.br\/cbpoder\/wp-json\/wp\/v2\/tags?post=9002"}],"curies":[{"name":"wp","href":"https:\/\/api.w.org\/{rel}","templated":true}]}}