{"id":8989,"date":"2017-07-16T18:16:03","date_gmt":"2017-07-16T21:16:03","guid":{"rendered":"https:\/\/blogs.correiobraziliense.com.br\/cbpoder\/?p=8989"},"modified":"2017-07-16T18:16:03","modified_gmt":"2017-07-16T21:16:03","slug":"pre-candidato-do-psol-ao-buriti-clayton-avelar-nao-gostaria-de-aliancas-com-partidos-envolvidos-em-corrupcao-ou-golpistas","status":"publish","type":"post","link":"https:\/\/blogs.correiobraziliense.com.br\/cbpoder\/pre-candidato-do-psol-ao-buriti-clayton-avelar-nao-gostaria-de-aliancas-com-partidos-envolvidos-em-corrupcao-ou-golpistas\/","title":{"rendered":"Pr\u00e9-candidato ao Buriti diz que PSol ser\u00e1 a novidade de 2018"},"content":{"rendered":"<p>DA COLUNA EIXO CAPITAL<\/p>\n<p>Entrevista com Clayton\u00a0Avelar, presidente do Sindicato dos Servidores da Assist\u00eancia Social e Cultural e pr\u00e9-candidato ao GDF pelo PSol<\/p>\n<p>&#8220;N\u00e3o gostaria de alian\u00e7as com partidos envolvidos em corrup\u00e7\u00e3o ou golpistas&#8221;<\/p>\n<p><strong>O PSol ter\u00e1 candidato a governador nas pr\u00f3ximas elei\u00e7\u00f5es?<\/strong><br \/>\nSim. Candidato ou candidata. Isso j\u00e1 est\u00e1 definido por consenso pela executiva do partido.<\/p>\n<p><strong>Como ser\u00e1 definido o candidato ou candidata?<\/strong><br \/>\nA executiva tirou uma comiss\u00e3o para definir processos, prazos e m\u00e9todos. Essa comiss\u00e3o vai tirar uma proposta e vai levar para a executiva e diret\u00f3rio. Mas h\u00e1 uma compreens\u00e3o de que precisamos fazer o quanto antes.<\/p>\n<p><strong>Qual vai ser o discurso do PSol em 2018?<\/strong><br \/>\nVamos mostrar o hist\u00f3rico do candidato e do partido. O Distrito Federal ter\u00e1 duas op\u00e7\u00f5es: ou vota na candidatura do PSol ou nos mesmos nomes de sempre. A pesquisa que o <strong>Correio<\/strong>\u00a0divulgou na semana passada mostra que a popula\u00e7\u00e3o quer uma inova\u00e7\u00e3o na pol\u00edtica.<\/p>\n<p><strong>Voc\u00ea pretende concorrer?<\/strong><br \/>\nA minha decis\u00e3o pessoal de inscrever a minha pr\u00e9-candidatura ocorreu depois que o Toninho demonstrou que pretende concorrer a deputado distrital e a Maninha, a federal. S\u00e3o as duas principais figuras do partido. Por isso, acabei me inscrevendo como pr\u00e9-candidato.<\/p>\n<p><strong>Por que essa candidatura representaria uma novidade?<\/strong><br \/>\nO DF precisa de uma verdadeira revolu\u00e7\u00e3o na pol\u00edtica, de m\u00e9todos, de prioridade. As pessoas est\u00e3o cansadas de se decepcionar com quem se apresenta como alterativa e se envolve em corrup\u00e7\u00e3o. Ou, como o atual governo, que critica o apag\u00e3o da gest\u00e3o anterior, mas se afunda num outro apag\u00e3o elevado \u00e0 en\u00e9sima pot\u00eancia. Ou outros que criticam o governo Rollemberg e apoiam Temer.<\/p>\n<p><strong>Mas o fato de o PSol criticar condena\u00e7\u00e3o do juiz Sergio Moro ao ex-presidente Lula n\u00e3o iguala o partido a um grupo que esteve no poder e tem envolvimento em corrup\u00e7\u00e3o?<\/strong><br \/>\nN\u00e3o. Quando Lula e Dilma governaram, o PSol era oposi\u00e7\u00e3o. O governo Dilma era horroroso. Mas h\u00e1 dois erros gigantescos em rela\u00e7\u00e3o ao Lula. Primeiro dos que o idolatram. Ele foi um ide\u00f3logo da composi\u00e7\u00e3o com o PMDB e quem comp\u00f5e com o PMDB tem que ficar no purgat\u00f3rio por muitos anos. E esse \u00f3dio cego de achar que tudo o que ele faz \u00e9 errado tamb\u00e9m n\u00e3o \u00e9 aceit\u00e1vel. Sentimentos como \u00f3dio e idolatria n\u00e3o cabem na pol\u00edtica.<\/p>\n<p><strong>Seria poss\u00edvel uma alian\u00e7a com Rollemberg?<\/strong><br \/>\nNo que me diz respeito, n\u00e3o gostaria de alian\u00e7as com partidos envolvidos em corrup\u00e7\u00e3o ou golpistas. O PSB est\u00e1 enquadrado nos dois crit\u00e9rios. N\u00e3o o governador, mas o PSB comp\u00f4s com o governo Temer e participou do espet\u00e1culo grotesco da vota\u00e7\u00e3o do impeachment. Lamento muito. Sou professor de hist\u00f3ria. Sei bem o papel que cumpriu Miguel Arraes. Mas esse PSB atual n\u00e3o estaria na nossa posi\u00e7\u00e3o. N\u00e3o vai sobrar muito gente, admito.<\/p>\n<p><strong>Mas e o pr\u00f3prio Rollemberg? D\u00e1 para apoiar?<\/strong><br \/>\nImposs\u00edvel pelo partido e pelo governo dele. Imagine a minha situa\u00e7\u00e3o. Sou sindicalista. Estamos levando calote e ainda apresentamos den\u00fancia porque ele contingenciou a verba da assist\u00eancia social.<\/p>\n<p>&nbsp;<\/p>\n","protected":false},"excerpt":{"rendered":"<p>DA COLUNA EIXO CAPITAL Entrevista com Clayton\u00a0Avelar, presidente do Sindicato dos Servidores da Assist\u00eancia Social e Cultural e pr\u00e9-candidato ao GDF pelo PSol &#8220;N\u00e3o gostaria de alian\u00e7as com partidos envolvidos em corrup\u00e7\u00e3o ou golpistas&#8221; O PSol ter\u00e1 candidato a governador nas pr\u00f3ximas elei\u00e7\u00f5es? Sim. Candidato ou candidata. Isso j\u00e1 est\u00e1 definido por consenso pela executiva do partido. Como ser\u00e1 definido [&hellip;]<\/p>\n","protected":false},"author":9,"featured_media":8990,"comment_status":"open","ping_status":"closed","sticky":false,"template":"","format":"standard","meta":{"footnotes":""},"categories":[234],"tags":[806,807],"class_list":["post-8989","post","type-post","status-publish","format-standard","has-post-thumbnail","hentry","category-cb-poder","tag-clayton-avelar-psol","tag-eleicoes-2018"],"_links":{"self":[{"href":"https:\/\/blogs.correiobraziliense.com.br\/cbpoder\/wp-json\/wp\/v2\/posts\/8989","targetHints":{"allow":["GET"]}}],"collection":[{"href":"https:\/\/blogs.correiobraziliense.com.br\/cbpoder\/wp-json\/wp\/v2\/posts"}],"about":[{"href":"https:\/\/blogs.correiobraziliense.com.br\/cbpoder\/wp-json\/wp\/v2\/types\/post"}],"author":[{"embeddable":true,"href":"https:\/\/blogs.correiobraziliense.com.br\/cbpoder\/wp-json\/wp\/v2\/users\/9"}],"replies":[{"embeddable":true,"href":"https:\/\/blogs.correiobraziliense.com.br\/cbpoder\/wp-json\/wp\/v2\/comments?post=8989"}],"version-history":[{"count":1,"href":"https:\/\/blogs.correiobraziliense.com.br\/cbpoder\/wp-json\/wp\/v2\/posts\/8989\/revisions"}],"predecessor-version":[{"id":8991,"href":"https:\/\/blogs.correiobraziliense.com.br\/cbpoder\/wp-json\/wp\/v2\/posts\/8989\/revisions\/8991"}],"wp:featuredmedia":[{"embeddable":true,"href":"https:\/\/blogs.correiobraziliense.com.br\/cbpoder\/wp-json\/wp\/v2\/media\/8990"}],"wp:attachment":[{"href":"https:\/\/blogs.correiobraziliense.com.br\/cbpoder\/wp-json\/wp\/v2\/media?parent=8989"}],"wp:term":[{"taxonomy":"category","embeddable":true,"href":"https:\/\/blogs.correiobraziliense.com.br\/cbpoder\/wp-json\/wp\/v2\/categories?post=8989"},{"taxonomy":"post_tag","embeddable":true,"href":"https:\/\/blogs.correiobraziliense.com.br\/cbpoder\/wp-json\/wp\/v2\/tags?post=8989"}],"curies":[{"name":"wp","href":"https:\/\/api.w.org\/{rel}","templated":true}]}}