{"id":8967,"date":"2017-07-12T21:10:50","date_gmt":"2017-07-13T00:10:50","guid":{"rendered":"https:\/\/blogs.correiobraziliense.com.br\/cbpoder\/?p=8967"},"modified":"2017-07-12T22:07:37","modified_gmt":"2017-07-13T01:07:37","slug":"caso-ana-rita-reviravolta-nas-investigacoes-sobre-crime-que-mobilizou-meio-politico","status":"publish","type":"post","link":"https:\/\/blogs.correiobraziliense.com.br\/cbpoder\/caso-ana-rita-reviravolta-nas-investigacoes-sobre-crime-que-mobilizou-meio-politico\/","title":{"rendered":"Caso Ana Rita: Reviravolta nas investiga\u00e7\u00f5es sobre crime que mobilizou meio pol\u00edtico"},"content":{"rendered":"<p>ANA MARIA CAMPOS<\/p>\n<p>A Pol\u00edcia Civil do Distrito Federal desvendou as circunst\u00e2ncias da morte da estudante Ana Rita Graziela Rodrigues da Silva, de 21 anos, na serralheria da fam\u00edlia no N\u00facleo Bandeirante, ocorrida em outubro do ano passado.<\/p>\n<p>Apontado inicialmente como latroc\u00ednio, para roubar um telefone celular, o crime envolve uma trama intrincada. Investiga\u00e7\u00e3o da Delegacia de Repress\u00e3o a Roubos e Furtos (DRF) indicou que houve, na verdade, um assassinato por encomenda executado por integrantes de um grupo de exterm\u00ednio com atua\u00e7\u00e3o no Distrito Federal e no Entorno.<\/p>\n<p>O alvo era a m\u00e3e de Ana Rita, Gilvana Teles, que bateu na porta de pol\u00edticos do Distrito Federal para cobrar empenho da Pol\u00edcia Civil na elucida\u00e7\u00e3o do caso. Informa\u00e7\u00f5es de depoimentos prestados pela pr\u00f3pria Gilvana, no entanto, nunca se confirmaram e acabaram tumultuando as investiga\u00e7\u00f5es. Os criminosos teriam sido contratados por um ex-companheiro dela, Yuri Germano Tavares de Brito.<\/p>\n<p>O inqu\u00e9rito, intitulado Opera\u00e7\u00e3o Hannah, apontou que o mandante do crime pagou R$ 10 mil pela execu\u00e7\u00e3o de Gilvana, mas os assassinos se confundiram na hora do crime, pela semelhan\u00e7a de m\u00e3e e filha, e fizeram disparos na cabe\u00e7a de Ana Rita.<\/p>\n<p>Na carona dos pol\u00edticos<\/p>\n<p>Gilvana Teles, m\u00e3e de Ana Rita, foi recebida em novembro do ano passado pela ent\u00e3o secret\u00e1ria de Seguran\u00e7a P\u00fablica e Paz Social, M\u00e1rcia de Alencar, e procurou deputados, como Celina Le\u00e3o (PPS), para reclamar de uma suposta demora no desfecho do caso.<\/p>\n<p>Na ocasi\u00e3o, M\u00e1rcia declarou que pediria um refor\u00e7o da Pol\u00edcia Militar nas investiga\u00e7\u00f5es. O epis\u00f3dio foi explorado politicamente contra a Opera\u00e7\u00e3o Legalidade, deflagrada como movimento pela paridade dos sal\u00e1rios da Pol\u00edcia Civil aos da Pol\u00edcia Federal. Motivo: a ocorr\u00eancia foi registrada na 29\u00aa Delegacia de Pol\u00edcia, no Riacho Fundo, que estava sem delegado titular em decorr\u00eancia das mudan\u00e7as provocadas pelo embate entre a categoria e o Pal\u00e1cio do Buriti.<\/p>\n<p>Mas a investiga\u00e7\u00e3o seguiu, sob sigilo, sob a condu\u00e7\u00e3o do delegado Fernando Cesar Costa, na Delegacia de Repress\u00e3o a Roubos e Furtos (DRF), com v\u00e1rias medidas de quebra de sigilos autorizadas pela Justi\u00e7a.<\/p>\n<p>Tr\u00eas crimes, um grupo de exterm\u00ednio<\/p>\n<p>Ao investigar o epis\u00f3dio, a DRF acabou esbarrando em outros dois crimes de repercuss\u00e3o que teriam sido praticados pelo mesmo grupo de exterm\u00ednio.<\/p>\n<p>Tr\u00eas suspeitos podem ter se envolvido na execu\u00e7\u00e3o do jornalista Jo\u00e3o Miranda do Carmo e do pastor Paulino Rodrigues da Silva, em Santo Ant\u00f4nio do Descoberto. Os crimes por encomenda. As informa\u00e7\u00f5es levantadas pela Pol\u00edcia Civil do DF ser\u00e3o compartilhadas com a Pol\u00edcia Civil de Goi\u00e1s. Cinco suspeitos est\u00e3o presos e dois, foragidos.<\/p>\n","protected":false},"excerpt":{"rendered":"<p>ANA MARIA CAMPOS A Pol\u00edcia Civil do Distrito Federal desvendou as circunst\u00e2ncias da morte da estudante Ana Rita Graziela Rodrigues da Silva, de 21 anos, na serralheria da fam\u00edlia no N\u00facleo Bandeirante, ocorrida em outubro do ano passado. Apontado inicialmente como latroc\u00ednio, para roubar um telefone celular, o crime envolve uma trama intrincada. Investiga\u00e7\u00e3o da Delegacia de Repress\u00e3o a Roubos [&hellip;]<\/p>\n","protected":false},"author":9,"featured_media":8968,"comment_status":"open","ping_status":"closed","sticky":false,"template":"","format":"standard","meta":{"footnotes":""},"categories":[234],"tags":[793,542,794,102],"class_list":["post-8967","post","type-post","status-publish","format-standard","has-post-thumbnail","hentry","category-cb-poder","tag-ana-rita","tag-drf","tag-gilvana","tag-policia-civil"],"_links":{"self":[{"href":"https:\/\/blogs.correiobraziliense.com.br\/cbpoder\/wp-json\/wp\/v2\/posts\/8967","targetHints":{"allow":["GET"]}}],"collection":[{"href":"https:\/\/blogs.correiobraziliense.com.br\/cbpoder\/wp-json\/wp\/v2\/posts"}],"about":[{"href":"https:\/\/blogs.correiobraziliense.com.br\/cbpoder\/wp-json\/wp\/v2\/types\/post"}],"author":[{"embeddable":true,"href":"https:\/\/blogs.correiobraziliense.com.br\/cbpoder\/wp-json\/wp\/v2\/users\/9"}],"replies":[{"embeddable":true,"href":"https:\/\/blogs.correiobraziliense.com.br\/cbpoder\/wp-json\/wp\/v2\/comments?post=8967"}],"version-history":[{"count":4,"href":"https:\/\/blogs.correiobraziliense.com.br\/cbpoder\/wp-json\/wp\/v2\/posts\/8967\/revisions"}],"predecessor-version":[{"id":8972,"href":"https:\/\/blogs.correiobraziliense.com.br\/cbpoder\/wp-json\/wp\/v2\/posts\/8967\/revisions\/8972"}],"wp:featuredmedia":[{"embeddable":true,"href":"https:\/\/blogs.correiobraziliense.com.br\/cbpoder\/wp-json\/wp\/v2\/media\/8968"}],"wp:attachment":[{"href":"https:\/\/blogs.correiobraziliense.com.br\/cbpoder\/wp-json\/wp\/v2\/media?parent=8967"}],"wp:term":[{"taxonomy":"category","embeddable":true,"href":"https:\/\/blogs.correiobraziliense.com.br\/cbpoder\/wp-json\/wp\/v2\/categories?post=8967"},{"taxonomy":"post_tag","embeddable":true,"href":"https:\/\/blogs.correiobraziliense.com.br\/cbpoder\/wp-json\/wp\/v2\/tags?post=8967"}],"curies":[{"name":"wp","href":"https:\/\/api.w.org\/{rel}","templated":true}]}}