{"id":8944,"date":"2017-07-07T11:36:17","date_gmt":"2017-07-07T14:36:17","guid":{"rendered":"https:\/\/blogs.correiobraziliense.com.br\/cbpoder\/?p=8944"},"modified":"2017-07-07T11:36:17","modified_gmt":"2017-07-07T14:36:17","slug":"justica-recebe-denuncia-da-operacao-genebra","status":"publish","type":"post","link":"https:\/\/blogs.correiobraziliense.com.br\/cbpoder\/justica-recebe-denuncia-da-operacao-genebra\/","title":{"rendered":"Justi\u00e7a recebe den\u00fancia da Opera\u00e7\u00e3o Genebra"},"content":{"rendered":"<p>A ju\u00edza Ana Cl\u00e1udia Loiola de Morais Mendes recebeu a den\u00fancia por crimes de lavagem de dinheiro, dispensa ilegal de licita\u00e7\u00e3o e peculato, da Opera\u00e7\u00e3o Genebra, do Minist\u00e9rio P\u00fablico do Distrito Federal e Territ\u00f3rios (MPDFT), contra 13 envolvidos em irregularidades no contrato firmado entre a Secretaria de Sa\u00fade e a filial de Petr\u00f3polis da Cruz Vermelha para gest\u00e3o das UPAs do Recanto das Emas e S\u00e3o Sebasti\u00e3o, em 2009. Entre os agora r\u00e9us, est\u00e3o o ex-secret\u00e1rio de Sa\u00fade Joaquim Carlos da Silva Barros Neto e o ex-secret\u00e1rio-adjunto de Gest\u00e3o Fernando Antunes.<\/p>\n<p>&nbsp;<\/p>\n<p><strong>Tr\u00eas casos para PPS analisar<\/strong><\/p>\n<p>O ex-secret\u00e1rio-adjunto de Sa\u00fade Fernando Antunes continua filiado ao PPS, mas n\u00e3o exerce cargo de dire\u00e7\u00e3o no partido. Antunes, que j\u00e1 foi o presidente regional, \u00e9 mais um caso para a legenda analisar, entre integrantes que respondem a processos. Mesma situa\u00e7\u00e3o est\u00e3o os deputados Celina Le\u00e3o e Raimundo Ribeiro, r\u00e9us na Opera\u00e7\u00e3o Dr\u00e1con. O presidente da legenda, Chico Andrade, diz que por ora, sem condena\u00e7\u00e3o, eles permanecem filiados.<\/p>\n","protected":false},"excerpt":{"rendered":"<p>A ju\u00edza Ana Cl\u00e1udia Loiola de Morais Mendes recebeu a den\u00fancia por crimes de lavagem de dinheiro, dispensa ilegal de licita\u00e7\u00e3o e peculato, da Opera\u00e7\u00e3o Genebra, do Minist\u00e9rio P\u00fablico do Distrito Federal e Territ\u00f3rios (MPDFT), contra 13 envolvidos em irregularidades no contrato firmado entre a Secretaria de Sa\u00fade e a filial de Petr\u00f3polis da Cruz Vermelha para gest\u00e3o das UPAs [&hellip;]<\/p>\n","protected":false},"author":9,"featured_media":8945,"comment_status":"open","ping_status":"closed","sticky":false,"template":"","format":"standard","meta":{"footnotes":""},"categories":[234],"tags":[],"class_list":["post-8944","post","type-post","status-publish","format-standard","has-post-thumbnail","hentry","category-cb-poder"],"_links":{"self":[{"href":"https:\/\/blogs.correiobraziliense.com.br\/cbpoder\/wp-json\/wp\/v2\/posts\/8944","targetHints":{"allow":["GET"]}}],"collection":[{"href":"https:\/\/blogs.correiobraziliense.com.br\/cbpoder\/wp-json\/wp\/v2\/posts"}],"about":[{"href":"https:\/\/blogs.correiobraziliense.com.br\/cbpoder\/wp-json\/wp\/v2\/types\/post"}],"author":[{"embeddable":true,"href":"https:\/\/blogs.correiobraziliense.com.br\/cbpoder\/wp-json\/wp\/v2\/users\/9"}],"replies":[{"embeddable":true,"href":"https:\/\/blogs.correiobraziliense.com.br\/cbpoder\/wp-json\/wp\/v2\/comments?post=8944"}],"version-history":[{"count":1,"href":"https:\/\/blogs.correiobraziliense.com.br\/cbpoder\/wp-json\/wp\/v2\/posts\/8944\/revisions"}],"predecessor-version":[{"id":8946,"href":"https:\/\/blogs.correiobraziliense.com.br\/cbpoder\/wp-json\/wp\/v2\/posts\/8944\/revisions\/8946"}],"wp:featuredmedia":[{"embeddable":true,"href":"https:\/\/blogs.correiobraziliense.com.br\/cbpoder\/wp-json\/wp\/v2\/media\/8945"}],"wp:attachment":[{"href":"https:\/\/blogs.correiobraziliense.com.br\/cbpoder\/wp-json\/wp\/v2\/media?parent=8944"}],"wp:term":[{"taxonomy":"category","embeddable":true,"href":"https:\/\/blogs.correiobraziliense.com.br\/cbpoder\/wp-json\/wp\/v2\/categories?post=8944"},{"taxonomy":"post_tag","embeddable":true,"href":"https:\/\/blogs.correiobraziliense.com.br\/cbpoder\/wp-json\/wp\/v2\/tags?post=8944"}],"curies":[{"name":"wp","href":"https:\/\/api.w.org\/{rel}","templated":true}]}}