{"id":8940,"date":"2017-07-06T06:00:13","date_gmt":"2017-07-06T09:00:13","guid":{"rendered":"https:\/\/blogs.correiobraziliense.com.br\/cbpoder\/?p=8940"},"modified":"2017-07-05T22:49:42","modified_gmt":"2017-07-06T01:49:42","slug":"delegado-lucio-valente-assume-comunicacao-da-policia-civil-do-df","status":"publish","type":"post","link":"https:\/\/blogs.correiobraziliense.com.br\/cbpoder\/delegado-lucio-valente-assume-comunicacao-da-policia-civil-do-df\/","title":{"rendered":"Forte nas redes sociais, delegado L\u00facio Valente assume comando da comunica\u00e7\u00e3o da Pol\u00edcia Civil do DF"},"content":{"rendered":"<p>ANA MARIA CAMPOS<\/p>\n<p>O delegado L\u00facio Valente assume a partir de hoje (06\/07) a Divis\u00e3o de Comunica\u00e7\u00e3o da Pol\u00edcia Civil do DF.<\/p>\n<p>H\u00e1 11 anos na carreira de delegado, \u00a0ele atuava at\u00e9 ontem (05\/07) na Corregedoria, como diretor da Divis\u00e3o de Sindic\u00e2ncias. Antes disso, esteve em delegacias de Taguatinga, Guar\u00e1 e Bras\u00edlia, na Divis\u00e3o de Homic\u00eddios e na de Defrauda\u00e7\u00f5es.<\/p>\n<p>Valente \u00e9 forte nas redes sociais. O perfil que ele comanda no Instagram \u201cVou ser delegado\u201d tem quase 90 mil seguidores, com abordagens sobre direito penal, dicas para concursos e o dia a dia na Pol\u00edcia Civil. \u201cAcredito muito na comunica\u00e7\u00e3o pelas redes sociais e na transpar\u00eancia da informa\u00e7\u00e3o\u201d, disse.<\/p>\n<p>Ele vai suceder, depois de quase dois meses da exonera\u00e7\u00e3o, o delegado Miguel Lucena, que deixou o cargo depois de externar, na rede de WhastAspp de jornalistas que cobrem seguran\u00e7a p\u00fablica, uma posi\u00e7\u00e3o considerada pol\u00eamica sobre abusos contra crian\u00e7as cometidos dentro de casa por familiares.<\/p>\n<p>Lucena tamb\u00e9m \u00e9 ass\u00edduo nas redes sociais. Ontem mesmo ele postou no Instagram: \u201cO governador me cortou uma gratifica\u00e7\u00e3o de 3.500 por causa do rod\u00edzio de padrastos. \u00c9 bem capaz de faltar gabiroba l\u00e1 em casa\u201d.<\/p>\n<p>A nomea\u00e7\u00e3o de L\u00facio Valente est\u00e1 publicada na edi\u00e7\u00e3o de hoje do Di\u00e1rio Oficial do DF. Ele assune um dos cargos de maior visibilidade da gest\u00e3o do diretor Eric Seba. \u00c9 o terceiro delegado a exercer a fun\u00e7\u00e3o. Antes de Lucena, o delegado Paulo Henrique de Almeida comandou a \u00e1rea.<\/p>\n","protected":false},"excerpt":{"rendered":"<p>ANA MARIA CAMPOS O delegado L\u00facio Valente assume a partir de hoje (06\/07) a Divis\u00e3o de Comunica\u00e7\u00e3o da Pol\u00edcia Civil do DF. H\u00e1 11 anos na carreira de delegado, \u00a0ele atuava at\u00e9 ontem (05\/07) na Corregedoria, como diretor da Divis\u00e3o de Sindic\u00e2ncias. Antes disso, esteve em delegacias de Taguatinga, Guar\u00e1 e Bras\u00edlia, na Divis\u00e3o de Homic\u00eddios e na de Defrauda\u00e7\u00f5es. [&hellip;]<\/p>\n","protected":false},"author":9,"featured_media":8941,"comment_status":"open","ping_status":"closed","sticky":false,"template":"","format":"standard","meta":{"footnotes":""},"categories":[234],"tags":[787,786,407],"class_list":["post-8940","post","type-post","status-publish","format-standard","has-post-thumbnail","hentry","category-cb-poder","tag-divicom","tag-lucio-valente","tag-policia-civil-do-df"],"_links":{"self":[{"href":"https:\/\/blogs.correiobraziliense.com.br\/cbpoder\/wp-json\/wp\/v2\/posts\/8940","targetHints":{"allow":["GET"]}}],"collection":[{"href":"https:\/\/blogs.correiobraziliense.com.br\/cbpoder\/wp-json\/wp\/v2\/posts"}],"about":[{"href":"https:\/\/blogs.correiobraziliense.com.br\/cbpoder\/wp-json\/wp\/v2\/types\/post"}],"author":[{"embeddable":true,"href":"https:\/\/blogs.correiobraziliense.com.br\/cbpoder\/wp-json\/wp\/v2\/users\/9"}],"replies":[{"embeddable":true,"href":"https:\/\/blogs.correiobraziliense.com.br\/cbpoder\/wp-json\/wp\/v2\/comments?post=8940"}],"version-history":[{"count":2,"href":"https:\/\/blogs.correiobraziliense.com.br\/cbpoder\/wp-json\/wp\/v2\/posts\/8940\/revisions"}],"predecessor-version":[{"id":8943,"href":"https:\/\/blogs.correiobraziliense.com.br\/cbpoder\/wp-json\/wp\/v2\/posts\/8940\/revisions\/8943"}],"wp:featuredmedia":[{"embeddable":true,"href":"https:\/\/blogs.correiobraziliense.com.br\/cbpoder\/wp-json\/wp\/v2\/media\/8941"}],"wp:attachment":[{"href":"https:\/\/blogs.correiobraziliense.com.br\/cbpoder\/wp-json\/wp\/v2\/media?parent=8940"}],"wp:term":[{"taxonomy":"category","embeddable":true,"href":"https:\/\/blogs.correiobraziliense.com.br\/cbpoder\/wp-json\/wp\/v2\/categories?post=8940"},{"taxonomy":"post_tag","embeddable":true,"href":"https:\/\/blogs.correiobraziliense.com.br\/cbpoder\/wp-json\/wp\/v2\/tags?post=8940"}],"curies":[{"name":"wp","href":"https:\/\/api.w.org\/{rel}","templated":true}]}}